{"id":115295,"date":"2026-04-27T12:03:59","date_gmt":"2026-04-27T10:03:59","guid":{"rendered":"https:\/\/packaging-journal.de\/?p=115295"},"modified":"2026-04-27T07:48:59","modified_gmt":"2026-04-27T05:48:59","slug":"verallia-increases-profitability","status":"publish","type":"post","link":"https:\/\/packaging-journal.de\/en\/verallia-steigert-profitabilitaet\/","title":{"rendered":"Verallia increases profitability"},"content":{"rendered":"<p><strong>Glass packaging manufacturer Verallia has presented its first-quarter results. The company reports improved profitability despite a slight decline in sales and confirms its full-year outlook.<\/strong><\/p>\n<p>Verallia's revenue in the first quarter of 2026 was \u20ac798 million, 2.4 percent down on the previous year. The company cited lower selling prices as the main reason, while sales volumes remained broadly stable.<\/p>\n<h2>Stabilisation of volume and demand<\/h2>\n<p>Sales volumes developed differently by region. While growth was achieved in most countries, a decline in activities in Germany in particular weighed on overall development. According to Verallia, positive impetus came primarily from the spirits segment and the food jar business.<\/p><div class=\"packa-in-post-alle\" style=\"text-align: center;\" id=\"packa-3662289298\"><div id=\"packa-3467874320\"><a data-no-instant=\"1\" href=\"https:\/\/packaging-journal.de\/en\/newsletter\/\" rel=\"noopener\" class=\"a2t-link\" target=\"_blank\" aria-label=\"PJ Self-promotion English 03\"><!--noptimize--><img src=\"https:\/\/packaging-journal.de\/wp-content\/uploads\/2026\/01\/PJ-Eigenwerbung-English-03.png\" alt=\"\"  srcset=\"https:\/\/packaging-journal.de\/wp-content\/uploads\/2026\/01\/PJ-Eigenwerbung-English-03.png 840w, https:\/\/packaging-journal.de\/wp-content\/uploads\/2026\/01\/PJ-Eigenwerbung-English-03-300x75.png 300w, https:\/\/packaging-journal.de\/wp-content\/uploads\/2026\/01\/PJ-Eigenwerbung-English-03-768x192.png 768w, https:\/\/packaging-journal.de\/wp-content\/uploads\/2026\/01\/PJ-Eigenwerbung-English-03-18x5.png 18w, https:\/\/packaging-journal.de\/wp-content\/uploads\/2026\/01\/PJ-Eigenwerbung-English-03-332x83.png 332w, https:\/\/packaging-journal.de\/wp-content\/uploads\/2026\/01\/PJ-Eigenwerbung-English-03-664x166.png 664w, https:\/\/packaging-journal.de\/wp-content\/uploads\/2026\/01\/PJ-Eigenwerbung-English-03-688x172.png 688w\" sizes=\"(max-width: 840px) 100vw, 840px\" width=\"840\" height=\"210\"  style=\" max-width: 100%; height: auto;\" \/><!--\/noptimize--><\/a><\/div><\/div>\n<p>In Southern and Western Europe, the recovery continued, driven particularly by beer and food packaging. In Northern and Eastern Europe, however, volumes declined, primarily due to weaker demand in Germany.<\/p>\n<h2>Profit up despite falling sales<\/h2>\n<p>The operating result developed clearly positively. Adjusted EBITDA rose by 8 percent to 159 million euros in the first quarter, and the margin improved to 19.9 percent.<\/p><div id=\"packa-2156257966\" class=\"packa-inhalt\"><!--noptimize--><script async src=\"https:\/\/pagead2.googlesyndication.com\/pagead\/js\/adsbygoogle.js?client=ca-pub-2686439340972671\" crossorigin=\"anonymous\"><\/script>\r\n<ins class=\"adsbygoogle\" style=\"display:block;text-align:center\" data-ad-layout=\"in-article\" data-ad-format=\"fluid\" data-ad-client=\"ca-pub-2686439340972671\" data-ad-slot=\"6171251825\"><\/ins>\r\n<script>\r\n     (adsbygoogle = window.adsbygoogle || []).push({});\r\n<\/script><!--\/noptimize--><\/div>\n<p>According to the company, this development is primarily due to lower energy costs and efficiency measures. The Performance Improvement Plan has once again contributed to cost reductions.<\/p>\n<h2>Solid financial position and confirmed outlook<\/h2>\n<p>The company's financial situation remains stable. Net financial debt stood at approximately \u20ac1.9 billion at the end of March, with liquidity at \u20ac856 million.<\/p>\n<p>Despite a continued uncertain market environment, partly due to geopolitical tensions, Verallia is sticking to its annual targets. For 2026, the company expects an adjusted EBITDA of around \u20ac700 million and a free cash flow of approximately \u20ac220 million.<\/p>\n<h2>Focus on sustainable packaging solutions<\/h2>\n<p>Alongside its financial development, Verallia is continuing to expand its portfolio in the area of sustainable glass packaging. With the new \u201eBalance\u201c product line, the company is expanding its range of ecologically optimised premium packaging.<\/p>\n<p>According to Verallia, the new range is intended to combine design and reduced CO\u2082 emissions, thereby responding to the growing demand for sustainable packaging solutions.<\/p>\n<p><em>Source:<\/em> Verallia<\/p>","protected":false},"excerpt":{"rendered":"The glass packaging manufacturer has presented its results for the first quarter.","protected":false},"author":300,"featured_media":115298,"comment_status":"closed","ping_status":"closed","sticky":false,"template":"","format":"standard","meta":{"_acf_changed":false,"__cvm_playback_settings":[],"__cvm_video_id":"","rank_math_description":"Verallia steigert im Q1 2026 die Profitabilit\u00e4t trotz leicht r\u00fcckl\u00e4ufiger Ums\u00e4tze und best\u00e4tigt den Jahresausblick.","rank_math_focus_keyword":"Verallia","rank_math_title":"","csco_display_header_overlay":false,"csco_singular_sidebar":"","csco_page_header_type":"","csco_page_load_nextpost":"","csco_post_video_location":[],"csco_post_video_location_hash":"","csco_post_video_url":"","csco_post_video_bg_start_time":0,"csco_post_video_bg_end_time":0,"footnotes":"","_links_to":"","_links_to_target":""},"categories":[114],"tags":[43,48,62,38,60916],"class_list":{"0":"post-115295","1":"post","2":"type-post","3":"status-publish","4":"format-standard","5":"has-post-thumbnail","7":"category-aus-den-unternehmen-news","8":"tag-aus-den-unternehmen","9":"tag-getraenke","10":"tag-glas","11":"tag-lebensmittel","12":"tag-verallia","13":"cs-entry","14":"cs-video-wrap"},"acf":[],"vimeo_video":null,"_links":{"self":[{"href":"https:\/\/packaging-journal.de\/en\/wp-json\/wp\/v2\/posts\/115295","targetHints":{"allow":["GET"]}}],"collection":[{"href":"https:\/\/packaging-journal.de\/en\/wp-json\/wp\/v2\/posts"}],"about":[{"href":"https:\/\/packaging-journal.de\/en\/wp-json\/wp\/v2\/types\/post"}],"author":[{"embeddable":true,"href":"https:\/\/packaging-journal.de\/en\/wp-json\/wp\/v2\/users\/300"}],"replies":[{"embeddable":true,"href":"https:\/\/packaging-journal.de\/en\/wp-json\/wp\/v2\/comments?post=115295"}],"version-history":[{"count":3,"href":"https:\/\/packaging-journal.de\/en\/wp-json\/wp\/v2\/posts\/115295\/revisions"}],"predecessor-version":[{"id":115299,"href":"https:\/\/packaging-journal.de\/en\/wp-json\/wp\/v2\/posts\/115295\/revisions\/115299"}],"wp:featuredmedia":[{"embeddable":true,"href":"https:\/\/packaging-journal.de\/en\/wp-json\/wp\/v2\/media\/115298"}],"wp:attachment":[{"href":"https:\/\/packaging-journal.de\/en\/wp-json\/wp\/v2\/media?parent=115295"}],"wp:term":[{"taxonomy":"category","embeddable":true,"href":"https:\/\/packaging-journal.de\/en\/wp-json\/wp\/v2\/categories?post=115295"},{"taxonomy":"post_tag","embeddable":true,"href":"https:\/\/packaging-journal.de\/en\/wp-json\/wp\/v2\/tags?post=115295"}],"curies":[{"name":"wp","href":"https:\/\/api.w.org\/{rel}","templated":true}]}}