{"id":115483,"date":"2026-04-29T15:45:44","date_gmt":"2026-04-29T13:45:44","guid":{"rendered":"https:\/\/packaging-journal.de\/?p=115483"},"modified":"2026-04-29T13:52:35","modified_gmt":"2026-04-29T11:52:35","slug":"sidel-opts-for-complete-solutions","status":"publish","type":"post","link":"https:\/\/packaging-journal.de\/en\/sidel-setzt-auf-komplettloesungen\/","title":{"rendered":"Sidel focuses on complete solutions"},"content":{"rendered":"<p><strong>Sidel will be presenting innovative solutions at Interpack designed to tackle the increasing complexity in the world of packaging and production. The offering includes complete solutions, from planning and installation to support. These systems maximise performance and minimise downtime by being tailored to the specific needs of each customer.\u00a0<\/strong><\/p>\r\n<!-- \/wp:post-content -->\r\n\r\n<!-- wp:heading \/-->\r\n\r\n<!-- wp:paragraph -->\r\n<p>A highlight is the new Cermex RoboSelex system, designed for handling bottles of unlimited shapes and batch configurations. This solution enables a seamless product flow and rapid format changes, significantly increasing the efficiency of production lines.<\/p>\r\n<!-- \/wp:paragraph -->\r\n\r\n<!-- wp:heading -->\r\n<h2 class=\"wp-block-heading\">Efficient palletisation\u00a0<\/h2>\r\n<!-- \/wp:heading -->\r\n\r\n<!-- wp:paragraph -->\r\n<p>Furthermore, Sidel will be presenting the compact RoboAccess_Pal S palletising system. With its ability to reach pallet heights of up to 2200 mm and handle loads of up to 25 kg, it offers an efficient solution for palletising. The system is quick to install and offers a short payback period.<\/p><div class=\"packa-in-post-alle\" style=\"text-align: center;\" id=\"packa-2033843384\"><div id=\"packa-3397600159\"><a data-no-instant=\"1\" href=\"https:\/\/packaging-journal.de\/en\/newsletter\/\" rel=\"noopener\" class=\"a2t-link\" target=\"_blank\" aria-label=\"PJ Self-promotion English 03\"><!--noptimize--><img src=\"https:\/\/packaging-journal.de\/wp-content\/uploads\/2026\/01\/PJ-Eigenwerbung-English-03.png\" alt=\"\"  srcset=\"https:\/\/packaging-journal.de\/wp-content\/uploads\/2026\/01\/PJ-Eigenwerbung-English-03.png 840w, https:\/\/packaging-journal.de\/wp-content\/uploads\/2026\/01\/PJ-Eigenwerbung-English-03-300x75.png 300w, https:\/\/packaging-journal.de\/wp-content\/uploads\/2026\/01\/PJ-Eigenwerbung-English-03-768x192.png 768w, https:\/\/packaging-journal.de\/wp-content\/uploads\/2026\/01\/PJ-Eigenwerbung-English-03-18x5.png 18w, https:\/\/packaging-journal.de\/wp-content\/uploads\/2026\/01\/PJ-Eigenwerbung-English-03-332x83.png 332w, https:\/\/packaging-journal.de\/wp-content\/uploads\/2026\/01\/PJ-Eigenwerbung-English-03-664x166.png 664w, https:\/\/packaging-journal.de\/wp-content\/uploads\/2026\/01\/PJ-Eigenwerbung-English-03-688x172.png 688w\" sizes=\"(max-width: 840px) 100vw, 840px\" width=\"840\" height=\"210\"  style=\" max-width: 100%; height: auto;\" \/><!--\/noptimize--><\/a><\/div><\/div>\r\n<!-- \/wp:paragraph -->\r\n\r\n<!-- wp:heading -->\r\n<h2 class=\"wp-block-heading\">Aseptic Innovations and Sustainable Production<\/h2>\r\n<!-- \/wp:heading -->\r\n\r\n<!-- wp:paragraph -->\r\n<p>In addition to the technologies mentioned, Sidel is also showcasing its latest aseptic innovations and EvoBlow laser technology. These developments highlight Sidel's commitment to sustainable production and high performance in PET bottle manufacturing.\u00a0<\/p>\r\n<p><em>Source:<\/em> Sidel<\/p><div id=\"packa-4059504262\" class=\"packa-inhalt\"><!--noptimize--><script async src=\"https:\/\/pagead2.googlesyndication.com\/pagead\/js\/adsbygoogle.js?client=ca-pub-2686439340972671\" crossorigin=\"anonymous\"><\/script>\r\n<ins class=\"adsbygoogle\" style=\"display:block;text-align:center\" data-ad-layout=\"in-article\" data-ad-format=\"fluid\" data-ad-client=\"ca-pub-2686439340972671\" data-ad-slot=\"6171251825\"><\/ins>\r\n<script>\r\n     (adsbygoogle = window.adsbygoogle || []).push({});\r\n<\/script><!--\/noptimize--><\/div>\r\n<!-- \/wp:paragraph -->\r\n\r\n<!-- wp:paragraph -->\r\n<p><strong>Hall 13, Stand B47<\/strong><\/p>\r\n<!-- \/wp:paragraph -->","protected":false},"excerpt":{"rendered":"Making packaging lines more efficient is the goal of Sidel's new technologies, which will be presented at interpack 2026. The solutions address the growing complexity in production.","protected":false},"author":20,"featured_media":115484,"comment_status":"closed","ping_status":"closed","sticky":false,"template":"","format":"standard","meta":{"_acf_changed":false,"__cvm_playback_settings":[],"__cvm_video_id":"","rank_math_description":"Sidel pr\u00e4sentiert auf der interpack 2026 komplette Verpackungsl\u00f6sungen f\u00fcr mehr Effizienz und Flexibilit\u00e4t. Erfahren Sie mehr \u00fcber die neuen Technologien.","rank_math_focus_keyword":"Sidel","rank_math_title":"","csco_display_header_overlay":false,"csco_singular_sidebar":"","csco_page_header_type":"","csco_page_load_nextpost":"","csco_post_video_location":[],"csco_post_video_location_hash":"","csco_post_video_url":"","csco_post_video_bg_start_time":0,"csco_post_video_bg_end_time":0,"footnotes":"","_links_to":"","_links_to_target":""},"categories":[21],"tags":[48,30,54,60,58961],"class_list":{"0":"post-115483","1":"post","2":"type-post","3":"status-publish","4":"format-standard","5":"has-post-thumbnail","7":"category-verpackungstechnik","8":"tag-getraenke","9":"tag-interpack","10":"tag-kunststoff-und-verbunde","11":"tag-schrumpfen-stretchen-palettieren","12":"tag-sidel","13":"cs-entry","14":"cs-video-wrap"},"acf":[],"vimeo_video":null,"_links":{"self":[{"href":"https:\/\/packaging-journal.de\/en\/wp-json\/wp\/v2\/posts\/115483","targetHints":{"allow":["GET"]}}],"collection":[{"href":"https:\/\/packaging-journal.de\/en\/wp-json\/wp\/v2\/posts"}],"about":[{"href":"https:\/\/packaging-journal.de\/en\/wp-json\/wp\/v2\/types\/post"}],"author":[{"embeddable":true,"href":"https:\/\/packaging-journal.de\/en\/wp-json\/wp\/v2\/users\/20"}],"replies":[{"embeddable":true,"href":"https:\/\/packaging-journal.de\/en\/wp-json\/wp\/v2\/comments?post=115483"}],"version-history":[{"count":3,"href":"https:\/\/packaging-journal.de\/en\/wp-json\/wp\/v2\/posts\/115483\/revisions"}],"predecessor-version":[{"id":115485,"href":"https:\/\/packaging-journal.de\/en\/wp-json\/wp\/v2\/posts\/115483\/revisions\/115485"}],"wp:featuredmedia":[{"embeddable":true,"href":"https:\/\/packaging-journal.de\/en\/wp-json\/wp\/v2\/media\/115484"}],"wp:attachment":[{"href":"https:\/\/packaging-journal.de\/en\/wp-json\/wp\/v2\/media?parent=115483"}],"wp:term":[{"taxonomy":"category","embeddable":true,"href":"https:\/\/packaging-journal.de\/en\/wp-json\/wp\/v2\/categories?post=115483"},{"taxonomy":"post_tag","embeddable":true,"href":"https:\/\/packaging-journal.de\/en\/wp-json\/wp\/v2\/tags?post=115483"}],"curies":[{"name":"wp","href":"https:\/\/api.w.org\/{rel}","templated":true}]}}