{"id":16227,"date":"2018-09-04T12:00:35","date_gmt":"2018-09-04T10:00:35","guid":{"rendered":"https:\/\/packaging-journal.de\/?p=16227"},"modified":"2018-10-18T21:09:43","modified_gmt":"2018-10-18T19:09:43","slug":"aldi-wants-to-save-30-per-cent-packaging-material","status":"publish","type":"post","link":"https:\/\/packaging-journal.de\/en\/aldi-will-30-prozent-verpackungsmaterial-einsparen\/","title":{"rendered":"Aldi wants to save 30 per cent packaging material by 2025"},"content":{"rendered":"<p>Um 30 Prozent bis zum Jahr 2025 m\u00f6chte der Discount-Supermarktbetreiber Aldi den Verpackungsmaterialeinsatz bei seinen Eigenmarken reduzieren. Bereits bis 2022 sollen alle Eigenmarkenverpackungen recyclingf\u00e4hig sein. Das geht aus den Zielen eines Projektes mit dem Namen \u201eVerpackungsmission\u201c hervor, das Aldi Nord und Aldi S\u00fcd gemeinsam gestartet haben.<\/p>\n<p>Das Einzelhandelsunternehmen m\u00f6chte dem <strong>Verbauch von Verpackungsmaterial<\/strong> auf drei Ebenen begegnen, wie aus dem weiteren Projekttitel hervorgeht: \u201eVermeiden, Wiederverwenden, Recyceln\u201c. \u201eDie Verpackungsreduktion hat auf unserer Agenda bereits h\u00f6chste Priorit\u00e4t\u201c, unterstreicht Philipp Skorning, Group Buying Director bei Aldi S\u00fcd. Bereits in den vergangenen f\u00fcnf Jahren habe Aldi die Verpackungsmenge bei den <strong>Eigenmarkenprodukten<\/strong> um etwa zehn Prozent reduziert, teilen die beiden Gesellschaften mit.<\/p>\n<figure id=\"attachment_16230\" aria-describedby=\"caption-attachment-16230\" style=\"width: 1320px\" class=\"wp-caption alignnone\"><img fetchpriority=\"high\" decoding=\"async\" class=\"size-full wp-image-16230\" src=\"https:\/\/packaging-journal.de\/wp-content\/uploads\/2018\/08\/Infografik_ALDI-startet-Offensive-gegen-Verpackungsabfall_300dpi.jpg\" alt=\"Infografik: Strategie zur Reduzierung von Verpackungsmaterial bei Aldi\" width=\"1320\" height=\"1320\" srcset=\"https:\/\/packaging-journal.de\/wp-content\/uploads\/2018\/08\/Infografik_ALDI-startet-Offensive-gegen-Verpackungsabfall_300dpi.jpg 1320w, https:\/\/packaging-journal.de\/wp-content\/uploads\/2018\/08\/Infografik_ALDI-startet-Offensive-gegen-Verpackungsabfall_300dpi-300x300.jpg 300w, https:\/\/packaging-journal.de\/wp-content\/uploads\/2018\/08\/Infografik_ALDI-startet-Offensive-gegen-Verpackungsabfall_300dpi-100x100.jpg 100w, https:\/\/packaging-journal.de\/wp-content\/uploads\/2018\/08\/Infografik_ALDI-startet-Offensive-gegen-Verpackungsabfall_300dpi-600x600.jpg 600w, https:\/\/packaging-journal.de\/wp-content\/uploads\/2018\/08\/Infografik_ALDI-startet-Offensive-gegen-Verpackungsabfall_300dpi-150x150.jpg 150w, https:\/\/packaging-journal.de\/wp-content\/uploads\/2018\/08\/Infografik_ALDI-startet-Offensive-gegen-Verpackungsabfall_300dpi-768x768.jpg 768w, https:\/\/packaging-journal.de\/wp-content\/uploads\/2018\/08\/Infografik_ALDI-startet-Offensive-gegen-Verpackungsabfall_300dpi-1024x1024.jpg 1024w\" sizes=\"(max-width: 1320px) 100vw, 1320px\" \/><figcaption id=\"caption-attachment-16230\" class=\"wp-caption-text\">Die Infografik zeigt die Ziele der Aldi-\u201eVerpackungsmission\u201c. (Bild: Aldi S\u00fcd)<\/figcaption><\/figure>\n<p>Besonders setzt die <strong>Verpackungsstrategie<\/strong> bei den <strong>Obst- und Gem\u00fcseprodukten<\/strong> an. Dort soll m\u00f6glichst der Anteil von in Folie eingeschwei\u00dften Artikeln reduziert werden, soweit es die Anforderungen an die Produktqualit\u00e4t und die Vermeidung von Lebensmittelverlusten zulassen. Gleichzeitig soll das Angebot an unverpackten Produkten erweitert werden.<\/p><div class=\"packa-in-post-alle\" style=\"text-align: center;\" id=\"packa-1301621509\"><div id=\"packa-2253928535\"><a data-no-instant=\"1\" href=\"https:\/\/packaging-journal.de\/en\/newsletter\/\" rel=\"noopener\" class=\"a2t-link\" target=\"_blank\" aria-label=\"PJ Eigenwerbung English 03\"><!--noptimize--><img src=\"https:\/\/packaging-journal.de\/wp-content\/uploads\/2026\/01\/PJ-Eigenwerbung-English-03.png\" alt=\"\"  srcset=\"https:\/\/packaging-journal.de\/wp-content\/uploads\/2026\/01\/PJ-Eigenwerbung-English-03.png 840w, https:\/\/packaging-journal.de\/wp-content\/uploads\/2026\/01\/PJ-Eigenwerbung-English-03-300x75.png 300w, https:\/\/packaging-journal.de\/wp-content\/uploads\/2026\/01\/PJ-Eigenwerbung-English-03-768x192.png 768w, https:\/\/packaging-journal.de\/wp-content\/uploads\/2026\/01\/PJ-Eigenwerbung-English-03-18x5.png 18w, https:\/\/packaging-journal.de\/wp-content\/uploads\/2026\/01\/PJ-Eigenwerbung-English-03-332x83.png 332w, https:\/\/packaging-journal.de\/wp-content\/uploads\/2026\/01\/PJ-Eigenwerbung-English-03-664x166.png 664w, https:\/\/packaging-journal.de\/wp-content\/uploads\/2026\/01\/PJ-Eigenwerbung-English-03-688x172.png 688w\" sizes=\"(max-width: 840px) 100vw, 840px\" width=\"840\" height=\"210\"  style=\" max-width: 100%; height: auto;\" \/><!--\/noptimize--><\/a><\/div><\/div>\n<p>Bei Obst und Gem\u00fcse greift bereits eine <strong>Mehrwegstrategie<\/strong> in der Logistik. Diese Waren werden m\u00f6glichst in Mehrwegkisten statt in Pappkartons transportiert. Seit dem Jahr 2017 habe man auf diese Weise <strong>mehr als 120 Millionen Pappkartons eingespart<\/strong>, schreibt Aldi. Geplant sei auch, andere Einweg-Plastikartikel im Sortiment durch Mehrwegvarianten zu ersetzen. Zudem gebe es ab Ende dieses Jahres nur noch Mehrwegtragetaschen bei Aldi. Die Einwegplastikt\u00fcten w\u00fcrden aus dem Sortiment genommen.<\/p>\n[infotext icon]<strong>Online-Information zu den Aldi-Verpackungszielen<\/strong><\/p><div id=\"packa-4044569401\" class=\"packa-inhalt\"><!--noptimize--><script async src=\"https:\/\/pagead2.googlesyndication.com\/pagead\/js\/adsbygoogle.js?client=ca-pub-2686439340972671\" crossorigin=\"anonymous\"><\/script>\r\n<ins class=\"adsbygoogle\" style=\"display:block;text-align:center\" data-ad-layout=\"in-article\" data-ad-format=\"fluid\" data-ad-client=\"ca-pub-2686439340972671\" data-ad-slot=\"6171251825\"><\/ins>\r\n<script>\r\n     (adsbygoogle = window.adsbygoogle || []).push({});\r\n<\/script><!--\/noptimize--><\/div>\n<p>Welche Ziele wurden bereits erreicht, welche Ma\u00dfnahmen sind noch geplant? Dar\u00fcber gibt Aldi Auskunft auf der Internetseite <a href=\"http:\/\/verpackungsmission.aldi.de\" target=\"_blank\" rel=\"noopener\">verpackungsmission.aldi.de<\/a>.[\/infotext]\n","protected":false},"excerpt":{"rendered":"Aldi Nord and S\u00fcd have adopted a strategy against packaging waste. The amount of packaging used is to be reduced by 30 per cent by 2025.","protected":false},"author":1,"featured_media":16229,"comment_status":"closed","ping_status":"open","sticky":false,"template":"","format":"standard","meta":{"_acf_changed":false,"__cvm_playback_settings":[],"__cvm_video_id":"","rank_math_description":"","rank_math_focus_keyword":"","rank_math_title":"","csco_display_header_overlay":false,"csco_singular_sidebar":"","csco_page_header_type":"","csco_page_load_nextpost":"","csco_post_video_location":[],"csco_post_video_location_hash":"","csco_post_video_url":"","csco_post_video_bg_start_time":0,"csco_post_video_bg_end_time":0,"footnotes":"","_links_to":"","_links_to_target":""},"categories":[114,22],"tags":[65,43,31],"class_list":{"0":"post-16227","1":"post","2":"type-post","3":"status-publish","4":"format-standard","5":"has-post-thumbnail","7":"category-aus-den-unternehmen-news","8":"category-packmittel-und-packstoffe","9":"tag-abfalltechnik-und-recycling","10":"tag-aus-den-unternehmen","11":"tag-nachhaltigkeit-und-green-packaging","12":"cs-entry","13":"cs-video-wrap"},"acf":[],"vimeo_video":null,"_links":{"self":[{"href":"https:\/\/packaging-journal.de\/en\/wp-json\/wp\/v2\/posts\/16227","targetHints":{"allow":["GET"]}}],"collection":[{"href":"https:\/\/packaging-journal.de\/en\/wp-json\/wp\/v2\/posts"}],"about":[{"href":"https:\/\/packaging-journal.de\/en\/wp-json\/wp\/v2\/types\/post"}],"author":[{"embeddable":true,"href":"https:\/\/packaging-journal.de\/en\/wp-json\/wp\/v2\/users\/1"}],"replies":[{"embeddable":true,"href":"https:\/\/packaging-journal.de\/en\/wp-json\/wp\/v2\/comments?post=16227"}],"version-history":[{"count":0,"href":"https:\/\/packaging-journal.de\/en\/wp-json\/wp\/v2\/posts\/16227\/revisions"}],"wp:featuredmedia":[{"embeddable":true,"href":"https:\/\/packaging-journal.de\/en\/wp-json\/wp\/v2\/media\/16229"}],"wp:attachment":[{"href":"https:\/\/packaging-journal.de\/en\/wp-json\/wp\/v2\/media?parent=16227"}],"wp:term":[{"taxonomy":"category","embeddable":true,"href":"https:\/\/packaging-journal.de\/en\/wp-json\/wp\/v2\/categories?post=16227"},{"taxonomy":"post_tag","embeddable":true,"href":"https:\/\/packaging-journal.de\/en\/wp-json\/wp\/v2\/tags?post=16227"}],"curies":[{"name":"wp","href":"https:\/\/api.w.org\/{rel}","templated":true}]}}