{"id":16315,"date":"2018-09-08T16:49:52","date_gmt":"2018-09-08T14:49:52","guid":{"rendered":"https:\/\/packaging-journal.de\/?p=16315"},"modified":"2018-09-10T09:46:53","modified_gmt":"2018-09-10T07:46:53","slug":"leonhard-kurz-fachpack-foil-pack","status":"publish","type":"post","link":"https:\/\/packaging-journal.de\/en\/leonhard-kurz-fachpack-praegefolie\/","title":{"rendered":"Leonhard Kurz: Semi-transparent embossing foil"},"content":{"rendered":"<p>Leonhard Kurz pr\u00e4sentiert auf der diesj\u00e4hrigen FachPack erstmalig die semitransparente Pr\u00e4gefolie Lumafin. Die neuartig durchscheinende Pr\u00e4gefolie liefert spezielle hochgl\u00e4nzende Farbeffekte.<\/p>\n<p>Sie gibt \u00fcberpr\u00e4gten Druckmotiven eine e<strong>igenst\u00e4ndige neue Farbgebung<\/strong> oder <strong>Farbvertiefung<\/strong> und erzeugt eine <strong>ungew\u00f6hnliche Tiefenwirkung<\/strong>. Lumafin ist in diversen Farben und als farblos transparente Folie erh\u00e4ltlich. Dar\u00fcber hinaus ist die neue Pr\u00e4gefolie in verschiedenen Metallt\u00f6nen verf\u00fcgbar, die auf unterdruckten Substraten einen speziellen <strong>Patina- oder Vintage-Effekt<\/strong> erzeugen k\u00f6nnen.<\/p>\n<h2>Sicher markiert<\/h2>\n<p>Eine weitere FachPack-Neuheit wird eine besondere Thermotransferfolie sein, die <strong>Spezialpigmente in individueller Zusammensetzung<\/strong> enth\u00e4lt. Dadurch entsteht eine unsichtbare und unverwechselbare Markierung: Jedes Produkt erh\u00e4lt einen einzigartigen Fingerabdruck. Ein spezielles Leseger\u00e4t kann diese Markierung erkennen und die Echtheit des Produkts schnell und eindeutig best\u00e4tigen.<\/p><div class=\"packa-in-post-alle\" style=\"text-align: center;\" id=\"packa-3609993740\"><div id=\"packa-3198633978\"><a data-no-instant=\"1\" href=\"https:\/\/packaging-journal.de\/en\/newsletter\/\" rel=\"noopener\" class=\"a2t-link\" target=\"_blank\" aria-label=\"PJ Eigenwerbung English 03\"><!--noptimize--><img src=\"https:\/\/packaging-journal.de\/wp-content\/uploads\/2026\/01\/PJ-Eigenwerbung-English-03.png\" alt=\"\"  srcset=\"https:\/\/packaging-journal.de\/wp-content\/uploads\/2026\/01\/PJ-Eigenwerbung-English-03.png 840w, https:\/\/packaging-journal.de\/wp-content\/uploads\/2026\/01\/PJ-Eigenwerbung-English-03-300x75.png 300w, https:\/\/packaging-journal.de\/wp-content\/uploads\/2026\/01\/PJ-Eigenwerbung-English-03-768x192.png 768w, https:\/\/packaging-journal.de\/wp-content\/uploads\/2026\/01\/PJ-Eigenwerbung-English-03-18x5.png 18w, https:\/\/packaging-journal.de\/wp-content\/uploads\/2026\/01\/PJ-Eigenwerbung-English-03-332x83.png 332w, https:\/\/packaging-journal.de\/wp-content\/uploads\/2026\/01\/PJ-Eigenwerbung-English-03-664x166.png 664w, https:\/\/packaging-journal.de\/wp-content\/uploads\/2026\/01\/PJ-Eigenwerbung-English-03-688x172.png 688w\" sizes=\"(max-width: 840px) 100vw, 840px\" width=\"840\" height=\"210\"  style=\" max-width: 100%; height: auto;\" \/><!--\/noptimize--><\/a><\/div><\/div>\n<p>Der neue <strong>Plagiatsschutz<\/strong> l\u00e4sst sich mit wenig Aufwand in bestehende Produktions- und Kennzeichnungsabl\u00e4ufe integrieren. Die Originalit\u00e4t der Waren kann an jeder Station der Lieferkette mit einem raschen Scan verifiziert werden. Weitere Themen bei Kurz werden edel metallisierte Mass Customization, kostenoptimierte Veredelung sowie umweltvertr\u00e4gliche Produktion, Verarbeitung und Entsorgung sein.<\/p>\n[infotext icon]\nDie Kurz-Gruppe ist ein weltweit f\u00fchrendes Unternehmen der <strong>Hei\u00dfpr\u00e4ge- und Beschichtungstechnologie<\/strong>. Kurz entwickelt und produziert auf Tr\u00e4gerfolien applizierte Dekorations- und Funktionsschichten f\u00fcr verschiedenste Einsatzgebiete: metallisierte, pigmentierte und holografische Pr\u00e4gefolien f\u00fcr Verpackungen oder Printprodukte, Echtheits-Kennzeichen f\u00fcr Markenartikel, Metallic-Applikationen und differenzierte Beschichtungen f\u00fcr weitere Anwendungen. Zur Produktpalette geh\u00f6ren Oberfl\u00e4chenveredelung, Dekoration, Kennzeichnung und F\u00e4lschungssicherheit, abgerundet durch ein umfangreiches Programm an Pr\u00e4gemaschinen und Pr\u00e4gewerkzeugen.[\/infotext]\n<p><strong>Leonhard Kurz auf der FachPack 2018: Halle 7A, Stand 148<\/strong><\/p><div id=\"packa-1772787185\" class=\"packa-inhalt\"><!--noptimize--><script async src=\"https:\/\/pagead2.googlesyndication.com\/pagead\/js\/adsbygoogle.js?client=ca-pub-2686439340972671\" crossorigin=\"anonymous\"><\/script>\r\n<ins class=\"adsbygoogle\" style=\"display:block;text-align:center\" data-ad-layout=\"in-article\" data-ad-format=\"fluid\" data-ad-client=\"ca-pub-2686439340972671\" data-ad-slot=\"6171251825\"><\/ins>\r\n<script>\r\n     (adsbygoogle = window.adsbygoogle || []).push({});\r\n<\/script><!--\/noptimize--><\/div>\n","protected":false},"excerpt":{"rendered":"Leonhard Kurz is presenting the semi-transparent Lumafin embossing film for the first time at this year's FachPack. The innovative translucent embossing film delivers special high-gloss colour effects.","protected":false},"author":1,"featured_media":16334,"comment_status":"closed","ping_status":"open","sticky":false,"template":"","format":"standard","meta":{"_acf_changed":false,"__cvm_playback_settings":[],"__cvm_video_id":"","rank_math_description":"","rank_math_focus_keyword":"","rank_math_title":"","csco_display_header_overlay":false,"csco_singular_sidebar":"","csco_page_header_type":"","csco_page_load_nextpost":"","csco_post_video_location":[],"csco_post_video_location_hash":"","csco_post_video_url":"","csco_post_video_bg_start_time":0,"csco_post_video_bg_end_time":0,"footnotes":"","_links_to":"","_links_to_target":""},"categories":[28,7,113],"tags":[67,46,32,51],"class_list":{"0":"post-16315","1":"post","2":"type-post","3":"status-publish","4":"format-standard","5":"has-post-thumbnail","7":"category-aus-dem-magazin","8":"category-messen-und-veranstaltungen","9":"category-produkte","10":"tag-fachpack","11":"tag-marketing-und-design","12":"tag-packmittel-und-packstoffe","13":"tag-verpackungsdruck-und-veredelung","14":"cs-entry","15":"cs-video-wrap"},"acf":[],"vimeo_video":null,"_links":{"self":[{"href":"https:\/\/packaging-journal.de\/en\/wp-json\/wp\/v2\/posts\/16315","targetHints":{"allow":["GET"]}}],"collection":[{"href":"https:\/\/packaging-journal.de\/en\/wp-json\/wp\/v2\/posts"}],"about":[{"href":"https:\/\/packaging-journal.de\/en\/wp-json\/wp\/v2\/types\/post"}],"author":[{"embeddable":true,"href":"https:\/\/packaging-journal.de\/en\/wp-json\/wp\/v2\/users\/1"}],"replies":[{"embeddable":true,"href":"https:\/\/packaging-journal.de\/en\/wp-json\/wp\/v2\/comments?post=16315"}],"version-history":[{"count":0,"href":"https:\/\/packaging-journal.de\/en\/wp-json\/wp\/v2\/posts\/16315\/revisions"}],"wp:featuredmedia":[{"embeddable":true,"href":"https:\/\/packaging-journal.de\/en\/wp-json\/wp\/v2\/media\/16334"}],"wp:attachment":[{"href":"https:\/\/packaging-journal.de\/en\/wp-json\/wp\/v2\/media?parent=16315"}],"wp:term":[{"taxonomy":"category","embeddable":true,"href":"https:\/\/packaging-journal.de\/en\/wp-json\/wp\/v2\/categories?post=16315"},{"taxonomy":"post_tag","embeddable":true,"href":"https:\/\/packaging-journal.de\/en\/wp-json\/wp\/v2\/tags?post=16315"}],"curies":[{"name":"wp","href":"https:\/\/api.w.org\/{rel}","templated":true}]}}