{"id":18508,"date":"2018-11-19T08:43:03","date_gmt":"2018-11-19T07:43:03","guid":{"rendered":"https:\/\/packaging-journal.de\/?p=18508"},"modified":"2020-08-11T13:23:18","modified_gmt":"2020-08-11T11:23:18","slug":"18508-2","status":"publish","type":"post","link":"https:\/\/packaging-journal.de\/en\/18508-2\/","title":{"rendered":"No more plastic packaging to end up in the bin from 2025"},"content":{"rendered":"<p>Mehr als 290 Organisationen haben die Verpflichtungserkl\u00e4rung \u201eNew Plastics Economy Global Commitment\u201c unterschrieben. Damit versammeln sich etwa 20 Prozent aller Produzenten von Kunststoffverpackungen auf der ganzen Welt hinter dem Ziel, bis 2025 daf\u00fcr zu sorgen, dass bis dahin 100 Prozent der Plastikverpackungen wiederverwendet, recycelt oder kompostiert werden.<\/p>\n<p>Die Vereinbarung wurde durch die <strong>Ellen MacArthur Foundation<\/strong> in Zusammenarbeit mit dem Umweltprogramm der Vereinten Nationen (UNEP) initiiert. \u00d6ffentlich pr\u00e4sentiert wurde sie auf der \u201e<strong>Our Ocean Conference<\/strong>\u201c am 29. und 30. Oktober 2018 im indonesischen Bali. Zu den Unterzeichnern der Zielvereinbarung geh\u00f6ren plastikproduzierende Unternehmen genauso wie Markenartikler, H\u00e4nder und Recyclingunternehmen. Unter anderem haben Welt-Konzerne wie\u00a0Danone, H&amp;M, L\u2019Oreal, Mars, PepsiCo, Coca-Cola und Unilever unterzeichnet.<\/p>\n<p>Neben dem Ziel, bis 2025 keinen Kunststoff mehr einfach wegzuwerfen strebt das\u00a0\u201e<strong>New Plastics Economy Global Commitment<\/strong>\u201c auch an, unn\u00f6tige Plastikverpackungen zu vermeiden und auf problematische Verpackungen zu verzichten. <strong>Einwegverpackungen<\/strong> aus Kunststoff sollen m\u00f6glichst nicht mehr verwendet werden. Das Ziel einer konsistenten <strong>Kreislaufwirtschaft<\/strong> f\u00fcr die Wiederverwendung und Wiederaufbereitung von Kunststoffen wird von einer Vielzahl internationaler Organisationen unterst\u00fctzt.<\/p><div class=\"packa-in-post-alle\" style=\"text-align: center;\" id=\"packa-3007585962\"><div id=\"packa-256432367\"><a data-no-instant=\"1\" href=\"https:\/\/packaging-journal.de\/en\/newsletter\/\" rel=\"noopener\" class=\"a2t-link\" target=\"_blank\" aria-label=\"PJ Eigenwerbung English 03\"><!--noptimize--><img src=\"https:\/\/packaging-journal.de\/wp-content\/uploads\/2026\/01\/PJ-Eigenwerbung-English-03.png\" alt=\"\"  srcset=\"https:\/\/packaging-journal.de\/wp-content\/uploads\/2026\/01\/PJ-Eigenwerbung-English-03.png 840w, https:\/\/packaging-journal.de\/wp-content\/uploads\/2026\/01\/PJ-Eigenwerbung-English-03-300x75.png 300w, https:\/\/packaging-journal.de\/wp-content\/uploads\/2026\/01\/PJ-Eigenwerbung-English-03-768x192.png 768w, https:\/\/packaging-journal.de\/wp-content\/uploads\/2026\/01\/PJ-Eigenwerbung-English-03-18x5.png 18w, https:\/\/packaging-journal.de\/wp-content\/uploads\/2026\/01\/PJ-Eigenwerbung-English-03-332x83.png 332w, https:\/\/packaging-journal.de\/wp-content\/uploads\/2026\/01\/PJ-Eigenwerbung-English-03-664x166.png 664w, https:\/\/packaging-journal.de\/wp-content\/uploads\/2026\/01\/PJ-Eigenwerbung-English-03-688x172.png 688w\" sizes=\"(max-width: 840px) 100vw, 840px\" width=\"840\" height=\"210\"  style=\" max-width: 100%; height: auto;\" \/><!--\/noptimize--><\/a><\/div><\/div>\n<figure id=\"attachment_18539\" aria-describedby=\"caption-attachment-18539\" style=\"width: 581px\" class=\"wp-caption alignnone\"><img fetchpriority=\"high\" decoding=\"async\" class=\"wp-image-18539\" title=\"PET-Recycling bei Alpla (Bild: Alpla)\" src=\"https:\/\/packaging-journal.de\/wp-content\/uploads\/2018\/11\/ALPLA-PET-Recycling-Flakes.jpg\" alt=\"PET-Recycling bei Alpla (Bild: Alpla)\" width=\"581\" height=\"387\" srcset=\"https:\/\/packaging-journal.de\/wp-content\/uploads\/2018\/11\/ALPLA-PET-Recycling-Flakes.jpg 1200w, https:\/\/packaging-journal.de\/wp-content\/uploads\/2018\/11\/ALPLA-PET-Recycling-Flakes-600x400.jpg 600w, https:\/\/packaging-journal.de\/wp-content\/uploads\/2018\/11\/ALPLA-PET-Recycling-Flakes-300x200.jpg 300w, https:\/\/packaging-journal.de\/wp-content\/uploads\/2018\/11\/ALPLA-PET-Recycling-Flakes-768x512.jpg 768w, https:\/\/packaging-journal.de\/wp-content\/uploads\/2018\/11\/ALPLA-PET-Recycling-Flakes-1024x683.jpg 1024w\" sizes=\"(max-width: 581px) 100vw, 581px\" \/><figcaption id=\"caption-attachment-18539\" class=\"wp-caption-text\">Alpla betreibt bereits mehrere Recyclingwerke, unter anderem zum PET-Recycling und will diese Anstrengungen noch ausweiten. (Bild: Alpla)<\/figcaption><\/figure>\n<h2>\u201eOur Ocean Conference\u201c bek\u00e4mpft die Verschmutzung der Meere<\/h2>\n<p>Durch die Einbettung des\u00a0\u201eNew Plastics Economy Global Commitment\u201c in die j\u00e4hrlich ausgerichtete \u201eOur Ocean\u201c-Konferenz wurde die Bedeutung der verabredeten Ma\u00dfnahmen f\u00fcr die Verringerung des \u201e<strong>Marine Litter<\/strong>\u201c betont. Ziel der gro\u00dfen internationalen Konferenz war es auch, die Gefahr f\u00fcr die Ozeane durch <strong>Mikroplastikabf\u00e4lle<\/strong> im Meer herauszustellen. W\u00e4hrend der Konferenz verpflichteten sich mehrere internationale Akteure zu erheblich mehr Ausgaben f\u00fcr die Erforschung und Bek\u00e4mpfung der Verschmutzung der Weltmeere.<\/p>\n<p>Die <strong>Europ\u00e4ische Union<\/strong> beteiligt sich beispielsweise seit 2014 an der Konferenz. Ihr zust\u00e4ndiger Kommissar\u00a0Karmenu Vella erinnerte in Bali daran, dass die EU seitdem 50 Verpflichtungen im Sinne der Konferenz abgegeben habe. Diese beliefen sich auf einen Gesamtwert von mehr als 550 Millionen Euro.<\/p><div id=\"packa-414209960\" class=\"packa-inhalt\"><!--noptimize--><script async src=\"https:\/\/pagead2.googlesyndication.com\/pagead\/js\/adsbygoogle.js?client=ca-pub-2686439340972671\" crossorigin=\"anonymous\"><\/script>\r\n<ins class=\"adsbygoogle\" style=\"display:block;text-align:center\" data-ad-layout=\"in-article\" data-ad-format=\"fluid\" data-ad-client=\"ca-pub-2686439340972671\" data-ad-slot=\"6171251825\"><\/ins>\r\n<script>\r\n     (adsbygoogle = window.adsbygoogle || []).push({});\r\n<\/script><!--\/noptimize--><\/div>\n<h2>Auch deutsche Unternehmen haben unterzeichnet<\/h2>\n<p>In Folge der Konferenz verpflichteten sich mehrere Unternehmen aus dem deutschsprachigen Raum den Zielen des\u00a0\u201eNew Plastics Economy Global Commitment\u201c. Unter anderem gab <strong>Alpla<\/strong> bekannt, bis 2025 insgesamt 50 Millionen Euro zu investieren, um alle produzierten Verpackungen bis dahin recyclingf\u00e4hig zu machen.<\/p>\n<p>Auch\u00a0<strong>Werner &amp; Mertz<\/strong>\u00a0 unterzeichnete die Erkl\u00e4rung. Das mittelst\u00e4ndische Mainzer Unternehmen verwies in diesem Zusammenhang auf seine erfolgreiche Rezyklat-Initiative. Man verfolge bereits ein echtes Kreislaufprinzip und verbrauche f\u00fcr die Produktion von Plastikverpackungen kein Roh\u00f6l mehr, sagte der gesch\u00e4ftsf\u00fchrende Gesellschafter Reinhardt Schneider. Stattdessen nutze man zu 100 Prozent den \u201egelben Sack\u201c als Wertstoffquelle.<\/p>\n[infotext icon]<strong>Hier finden sie alle Unterzeichner der Verpflichtungserkl\u00e4rung<\/strong><\/p>\n<p>Mehr Informationen zum\u00a0\u201eNew Plastics Economy Global Commitment\u201c finden Sie auf der Website der Initiative. Dort ist auch eine Liste aller Unterzeichner abrufbar.<\/p>\n<p><a href=\"https:\/\/newplasticseconomy.org\/\" target=\"_blank\" rel=\"noopener noreferrer\">https:\/\/newplasticseconomy.org\/%5B\/infotext%5D<\/a><\/p>\n","protected":false},"excerpt":{"rendered":"Almost 300 organisations signed the \u201eNew Plastics Economy Global Commitment\u201c at the \u201eOur Ocean Conference\u201c to make better use of plastic packaging.","protected":false},"author":1,"featured_media":18536,"comment_status":"closed","ping_status":"open","sticky":false,"template":"","format":"standard","meta":{"_acf_changed":false,"__cvm_playback_settings":[],"__cvm_video_id":"","rank_math_description":"","rank_math_focus_keyword":"","rank_math_title":"","csco_display_header_overlay":false,"csco_singular_sidebar":"","csco_page_header_type":"","csco_page_load_nextpost":"","csco_post_video_location":[],"csco_post_video_location_hash":"","csco_post_video_url":"","csco_post_video_bg_start_time":0,"csco_post_video_bg_end_time":0,"footnotes":"","_links_to":"","_links_to_target":""},"categories":[1,114],"tags":[65,43],"class_list":{"0":"post-18508","1":"post","2":"type-post","3":"status-publish","4":"format-standard","5":"has-post-thumbnail","7":"category-allgemein","8":"category-aus-den-unternehmen-news","9":"tag-abfalltechnik-und-recycling","10":"tag-aus-den-unternehmen","11":"cs-entry","12":"cs-video-wrap"},"acf":[],"vimeo_video":null,"_links":{"self":[{"href":"https:\/\/packaging-journal.de\/en\/wp-json\/wp\/v2\/posts\/18508","targetHints":{"allow":["GET"]}}],"collection":[{"href":"https:\/\/packaging-journal.de\/en\/wp-json\/wp\/v2\/posts"}],"about":[{"href":"https:\/\/packaging-journal.de\/en\/wp-json\/wp\/v2\/types\/post"}],"author":[{"embeddable":true,"href":"https:\/\/packaging-journal.de\/en\/wp-json\/wp\/v2\/users\/1"}],"replies":[{"embeddable":true,"href":"https:\/\/packaging-journal.de\/en\/wp-json\/wp\/v2\/comments?post=18508"}],"version-history":[{"count":0,"href":"https:\/\/packaging-journal.de\/en\/wp-json\/wp\/v2\/posts\/18508\/revisions"}],"wp:featuredmedia":[{"embeddable":true,"href":"https:\/\/packaging-journal.de\/en\/wp-json\/wp\/v2\/media\/18536"}],"wp:attachment":[{"href":"https:\/\/packaging-journal.de\/en\/wp-json\/wp\/v2\/media?parent=18508"}],"wp:term":[{"taxonomy":"category","embeddable":true,"href":"https:\/\/packaging-journal.de\/en\/wp-json\/wp\/v2\/categories?post=18508"},{"taxonomy":"post_tag","embeddable":true,"href":"https:\/\/packaging-journal.de\/en\/wp-json\/wp\/v2\/tags?post=18508"}],"curies":[{"name":"wp","href":"https:\/\/api.w.org\/{rel}","templated":true}]}}