{"id":18650,"date":"2018-11-26T15:06:03","date_gmt":"2018-11-26T14:06:03","guid":{"rendered":"https:\/\/packaging-journal.de\/?p=18650"},"modified":"2020-08-21T17:28:13","modified_gmt":"2020-08-21T15:28:13","slug":"18650-2","status":"publish","type":"post","link":"https:\/\/packaging-journal.de\/en\/18650-2\/","title":{"rendered":"Start-up share presents first PET bottle made from 100 per cent recycled material"},"content":{"rendered":"<p>Das Berliner Start-up \u201eshare\u201c will bereits im n\u00e4chsten Jahr jeden Monat Wasser in rund eine Million Flaschen abf\u00fcllen, die komplett aus recyceltem PET hergestellt worden sind. Damit w\u00fcrden rund 200 Tonnen Plastikm\u00fcll eingespart, teilt das Unternehmen mit.<\/p>\n<p>Der Mitteilung zufolge ist <strong>share<\/strong> der erste Getr\u00e4nkehersteller in Deutschland, der seine Getr\u00e4nke in <strong>Flaschen aus 100 Prozent Rezyklat<\/strong> abf\u00fcllt. Sein Produkt vertreibt share unter anderem \u00fcber die REWE-Superm\u00e4rkte und die dm-Drogeriem\u00e4rkte.<\/p>\n<p>Bei der Umsetzung des ambitionierten Projekts unterst\u00fctzte die <strong>KHS-Gruppe<\/strong> das Wasser-Start-up mit ihrem \u201e<strong>Bottles &amp; Shapes<\/strong>\u201c-Beratungsangebot bei der Entwicklung und dem <strong>Design<\/strong> der Flasche. Marc Eysel, bei KHS Corpoplast zust\u00e4ndig f\u00fcr den Vertrieb Region Nordeuropa, berichtet, dass die Herstellung der Flasche mit dem Rezyklatmaterial sogar einfacher gewesen sei als bei PET-Flaschen aus Virgin-Material.<\/p><div class=\"packa-in-post-alle\" style=\"text-align: center;\" id=\"packa-3752101840\"><div id=\"packa-1577812274\"><a data-no-instant=\"1\" href=\"https:\/\/packaging-journal.de\/en\/newsletter\/\" rel=\"noopener\" class=\"a2t-link\" target=\"_blank\" aria-label=\"PJ Eigenwerbung English 03\"><!--noptimize--><img src=\"https:\/\/packaging-journal.de\/wp-content\/uploads\/2026\/01\/PJ-Eigenwerbung-English-03.png\" alt=\"\"  srcset=\"https:\/\/packaging-journal.de\/wp-content\/uploads\/2026\/01\/PJ-Eigenwerbung-English-03.png 840w, https:\/\/packaging-journal.de\/wp-content\/uploads\/2026\/01\/PJ-Eigenwerbung-English-03-300x75.png 300w, https:\/\/packaging-journal.de\/wp-content\/uploads\/2026\/01\/PJ-Eigenwerbung-English-03-768x192.png 768w, https:\/\/packaging-journal.de\/wp-content\/uploads\/2026\/01\/PJ-Eigenwerbung-English-03-18x5.png 18w, https:\/\/packaging-journal.de\/wp-content\/uploads\/2026\/01\/PJ-Eigenwerbung-English-03-332x83.png 332w, https:\/\/packaging-journal.de\/wp-content\/uploads\/2026\/01\/PJ-Eigenwerbung-English-03-664x166.png 664w, https:\/\/packaging-journal.de\/wp-content\/uploads\/2026\/01\/PJ-Eigenwerbung-English-03-688x172.png 688w\" sizes=\"(max-width: 840px) 100vw, 840px\" width=\"840\" height=\"210\"  style=\" max-width: 100%; height: auto;\" \/><!--\/noptimize--><\/a><\/div><\/div>\n<h2>Anreize f\u00fcr mehr Nachhaltigkeit geschaffen<\/h2>\n<p>Das stille und kohlens\u00e4urehaltige Wasser wird in der Fabrik des Mineralbrunnen <strong>Allg\u00e4uer Alpenwasser<\/strong> in Oberstaufen mit KHS-Technik abgef\u00fcllt. Geformt werden die Flaschen auf einer <strong>Streckblasmaschine<\/strong> \u201eInnoPET Blomax\u201c.<\/p>\n<figure id=\"attachment_18659\" aria-describedby=\"caption-attachment-18659\" style=\"width: 580px\" class=\"wp-caption alignnone\"><img fetchpriority=\"high\" decoding=\"async\" class=\"wp-image-18659\" title=\"Wasser von share gibt es u.a. bei Rewe und dm\" src=\"https:\/\/packaging-journal.de\/wp-content\/uploads\/2018\/11\/share-Wasserflasche-1-\u00a9-Victor-Strasse.jpg\" alt=\"Wasser von share gibt es u.a. bei Rewe und dm\" width=\"580\" height=\"682\" srcset=\"https:\/\/packaging-journal.de\/wp-content\/uploads\/2018\/11\/share-Wasserflasche-1-\u00a9-Victor-Strasse.jpg 1200w, https:\/\/packaging-journal.de\/wp-content\/uploads\/2018\/11\/share-Wasserflasche-1-\u00a9-Victor-Strasse-600x706.jpg 600w, https:\/\/packaging-journal.de\/wp-content\/uploads\/2018\/11\/share-Wasserflasche-1-\u00a9-Victor-Strasse-255x300.jpg 255w, https:\/\/packaging-journal.de\/wp-content\/uploads\/2018\/11\/share-Wasserflasche-1-\u00a9-Victor-Strasse-768x904.jpg 768w, https:\/\/packaging-journal.de\/wp-content\/uploads\/2018\/11\/share-Wasserflasche-1-\u00a9-Victor-Strasse-870x1024.jpg 870w\" sizes=\"(max-width: 580px) 100vw, 580px\" \/><figcaption id=\"caption-attachment-18659\" class=\"wp-caption-text\">Das Start-up share vertreibt sein Wasser unter anderem in Rewe-Superm\u00e4rkten und bei dm. (Bild: share\/Viktor Strasse)<\/figcaption><\/figure>\n<p>Nach der Markteinf\u00fchrung der Rezyklat-Flasche steigt das Interesse auch bei anderen Getr\u00e4nkeherstellern. Marc Eysel berichtet: \u201eEs haben sich einige Abf\u00fcller bei uns gemeldet, die den Anteil von recyceltem PET erh\u00f6hen wollen.\u201c Bei share hofft man indes, die richtigen Anreize f\u00fcr mehr <strong>Nachhaltigkeit<\/strong> geschaffen zu haben. Iris Braun, die share mitgegr\u00fcndet hat, stellt gleichwohl fest: \u201eAm Ende entscheidet der Verbraucher.\u201c<\/p><div id=\"packa-2426720872\" class=\"packa-inhalt\"><!--noptimize--><script async src=\"https:\/\/pagead2.googlesyndication.com\/pagead\/js\/adsbygoogle.js?client=ca-pub-2686439340972671\" crossorigin=\"anonymous\"><\/script>\r\n<ins class=\"adsbygoogle\" style=\"display:block;text-align:center\" data-ad-layout=\"in-article\" data-ad-format=\"fluid\" data-ad-client=\"ca-pub-2686439340972671\" data-ad-slot=\"6171251825\"><\/ins>\r\n<script>\r\n     (adsbygoogle = window.adsbygoogle || []).push({});\r\n<\/script><!--\/noptimize--><\/div>\n[infotext icon]Mehr \u00fcber das Gesch\u00e4ftsprinzip von share erfahren Sie auf der Website des Start-ups.<\/p>\n<p><a href=\"https:\/\/www.share.eu\/mission\/\" target=\"_blank\" rel=\"noopener noreferrer\">http:\/\/www.share.eu\/mission<\/a><\/p>\n[\/infotext]\n","protected":false},"excerpt":{"rendered":"The start-up share has presented the first mineral water bottle made entirely from PET recyclate. share was supported in this endeavour by KHS.","protected":false},"author":1,"featured_media":18658,"comment_status":"closed","ping_status":"open","sticky":false,"template":"","format":"standard","meta":{"_acf_changed":false,"__cvm_playback_settings":[],"__cvm_video_id":"","rank_math_description":"","rank_math_focus_keyword":"","rank_math_title":"","csco_display_header_overlay":false,"csco_singular_sidebar":"","csco_page_header_type":"","csco_page_load_nextpost":"","csco_post_video_location":[],"csco_post_video_location_hash":"","csco_post_video_url":"","csco_post_video_bg_start_time":0,"csco_post_video_bg_end_time":0,"footnotes":"","_links_to":"","_links_to_target":""},"categories":[114,22,113],"tags":[65,57560,54,38,39],"class_list":{"0":"post-18650","1":"post","2":"type-post","3":"status-publish","4":"format-standard","5":"has-post-thumbnail","7":"category-aus-den-unternehmen-news","8":"category-packmittel-und-packstoffe","9":"category-produkte","10":"tag-abfalltechnik-und-recycling","11":"tag-khs-gruppe","12":"tag-kunststoff-und-verbunde","13":"tag-lebensmittel","14":"tag-verpackungstechnik","15":"cs-entry","16":"cs-video-wrap"},"acf":[],"vimeo_video":null,"_links":{"self":[{"href":"https:\/\/packaging-journal.de\/en\/wp-json\/wp\/v2\/posts\/18650","targetHints":{"allow":["GET"]}}],"collection":[{"href":"https:\/\/packaging-journal.de\/en\/wp-json\/wp\/v2\/posts"}],"about":[{"href":"https:\/\/packaging-journal.de\/en\/wp-json\/wp\/v2\/types\/post"}],"author":[{"embeddable":true,"href":"https:\/\/packaging-journal.de\/en\/wp-json\/wp\/v2\/users\/1"}],"replies":[{"embeddable":true,"href":"https:\/\/packaging-journal.de\/en\/wp-json\/wp\/v2\/comments?post=18650"}],"version-history":[{"count":0,"href":"https:\/\/packaging-journal.de\/en\/wp-json\/wp\/v2\/posts\/18650\/revisions"}],"wp:featuredmedia":[{"embeddable":true,"href":"https:\/\/packaging-journal.de\/en\/wp-json\/wp\/v2\/media\/18658"}],"wp:attachment":[{"href":"https:\/\/packaging-journal.de\/en\/wp-json\/wp\/v2\/media?parent=18650"}],"wp:term":[{"taxonomy":"category","embeddable":true,"href":"https:\/\/packaging-journal.de\/en\/wp-json\/wp\/v2\/categories?post=18650"},{"taxonomy":"post_tag","embeddable":true,"href":"https:\/\/packaging-journal.de\/en\/wp-json\/wp\/v2\/tags?post=18650"}],"curies":[{"name":"wp","href":"https:\/\/api.w.org\/{rel}","templated":true}]}}