{"id":18841,"date":"2018-11-30T09:44:48","date_gmt":"2018-11-30T08:44:48","guid":{"rendered":"https:\/\/packaging-journal.de\/?p=18841"},"modified":"2020-07-23T14:23:07","modified_gmt":"2020-07-23T12:23:07","slug":"mondi-kalenobel-produce-innovative-ice-cream-packaging","status":"publish","type":"post","link":"https:\/\/packaging-journal.de\/en\/mondi-kalenobel-produzieren-innovative-eisvremeverpackungen\/","title":{"rendered":"Mondi and Kalenobel aim to become innovators in ice cream packaging"},"content":{"rendered":"<p>Die\u00a0Mondi Consumer Goods Packaging Group habe quasi einen \u201eEiscreme-Grundkurs\u201c hinter sich gebracht, gesteht Christian H\u00f6glund, der Entwicklungsleiter f\u00fcr das Eiscremeverpackungsgesch\u00e4ft bei Mondi. Im Jahr 2016 \u00fcbernahm der Konzern den t\u00fcrkischen Hersteller von flexiblen Verpackungen Kalenobel. Seitdem richtet Mondi die Politik des Unternehmens aus Kirklareli im europ\u00e4ischen Norden der T\u00fcrkei neu aus. Im Gesch\u00e4ft mit Eiscremeverpackungen sieht Mondi gro\u00dfes Potential.<\/p>\n<p>Viele Ideen sind gefragt, um im saisonabh\u00e4ngigen, stark diversifizierten <strong>Eiscremeverpackungsgesch\u00e4ft<\/strong> erfolgreich zu sein, berichtet Mondi. <strong>Kalenobel<\/strong> hat 550 Besch\u00e4ftigte und soll sich nach den Vorstellungen des neuen Eigent\u00fcmers als Verpackungsinnovator in der \u201eEiscremewelt\u201c etablieren. \u201eWir sind ein echter Hauptakteur f\u00fcr Komplettl\u00f6sungen aus einer Hand im Eiscremeverpackungsmarkt\u201c, umschreibt\u00a0Sedat \u0130\u011fbar, Commercial Manager Europe, die Kompetenz von Mondi Kalenobel<\/p>\n<p>Bei der Entwicklung der Produktneuheiten kann Mondi auf sein bestehendes Unternehmensnetzwerk zur\u00fcckgreifen. Hier kommt es durch die Akquise von Kalenobel zu neuen Kooperationsm\u00f6glichkeiten. Als Beispiel nennt Christian H\u00f6glund die testweise Produktion von <strong>kunststofffreien Eiscremeverpackungen<\/strong> ohne Polymerbeschichtung. Dabei wird Know-how genutzt, dass in den eigenen Produktionsstandorten bei der Herstellung von Kraftpapier angefallen ist.<\/p><div class=\"packa-in-post-alle\" style=\"text-align: center;\" id=\"packa-4254342407\"><div id=\"packa-812351418\"><a data-no-instant=\"1\" href=\"https:\/\/packaging-journal.de\/en\/newsletter\/\" rel=\"noopener\" class=\"a2t-link\" target=\"_blank\" aria-label=\"PJ Eigenwerbung English 03\"><!--noptimize--><img src=\"https:\/\/packaging-journal.de\/wp-content\/uploads\/2026\/01\/PJ-Eigenwerbung-English-03.png\" alt=\"\"  srcset=\"https:\/\/packaging-journal.de\/wp-content\/uploads\/2026\/01\/PJ-Eigenwerbung-English-03.png 840w, https:\/\/packaging-journal.de\/wp-content\/uploads\/2026\/01\/PJ-Eigenwerbung-English-03-300x75.png 300w, https:\/\/packaging-journal.de\/wp-content\/uploads\/2026\/01\/PJ-Eigenwerbung-English-03-768x192.png 768w, https:\/\/packaging-journal.de\/wp-content\/uploads\/2026\/01\/PJ-Eigenwerbung-English-03-18x5.png 18w, https:\/\/packaging-journal.de\/wp-content\/uploads\/2026\/01\/PJ-Eigenwerbung-English-03-332x83.png 332w, https:\/\/packaging-journal.de\/wp-content\/uploads\/2026\/01\/PJ-Eigenwerbung-English-03-664x166.png 664w, https:\/\/packaging-journal.de\/wp-content\/uploads\/2026\/01\/PJ-Eigenwerbung-English-03-688x172.png 688w\" sizes=\"(max-width: 840px) 100vw, 840px\" width=\"840\" height=\"210\"  style=\" max-width: 100%; height: auto;\" \/><!--\/noptimize--><\/a><\/div><\/div>\n<figure id=\"attachment_18864\" aria-describedby=\"caption-attachment-18864\" style=\"width: 581px\" class=\"wp-caption alignnone\"><img fetchpriority=\"high\" decoding=\"async\" class=\"wp-image-18864\" title=\"T\u00fctenbanderole mit Sichtfenster (Bild: Klaus Ranger Fotografie)\" src=\"https:\/\/packaging-journal.de\/wp-content\/uploads\/2018\/11\/MNDPR097c_16291623.jpg\" alt=\"T\u00fctenbanderole mit Sichtfenster (Bild: Klaus Ranger Fotografie)\" width=\"581\" height=\"387\" srcset=\"https:\/\/packaging-journal.de\/wp-content\/uploads\/2018\/11\/MNDPR097c_16291623.jpg 1200w, https:\/\/packaging-journal.de\/wp-content\/uploads\/2018\/11\/MNDPR097c_16291623-600x400.jpg 600w, https:\/\/packaging-journal.de\/wp-content\/uploads\/2018\/11\/MNDPR097c_16291623-300x200.jpg 300w, https:\/\/packaging-journal.de\/wp-content\/uploads\/2018\/11\/MNDPR097c_16291623-768x512.jpg 768w, https:\/\/packaging-journal.de\/wp-content\/uploads\/2018\/11\/MNDPR097c_16291623-1024x683.jpg 1024w\" sizes=\"(max-width: 581px) 100vw, 581px\" \/><figcaption id=\"caption-attachment-18864\" class=\"wp-caption-text\">Das Sichtfenster in der T\u00fctenbanderole zeigt die darunter liefende Eiscremewaffel. (Bild: Klaus Ranger Fotografie)<\/figcaption><\/figure>\n<h2>T\u00fctenbanderolen mit Fenster f\u00fcr Neuseeland<\/h2>\n<p>Kraftpapier wird in Kombination mit Aluminium f\u00fcr <strong>Eist\u00fctenbanderolen<\/strong> genutzt. Bei Mondi Kalenobel wurde k\u00fcrzlich eine Eisbanderole\u00a0mit einem transparenten <strong>Kunststofffenster<\/strong>, das den Blick des Verbrauchers auf die dahinterliegende Zuckerwaffel lenkt, entwickelt.<\/p>\n<p>Die Eist\u00fctenbanderole\u00a0mit dem klar transparenten, ovalen Banderolenfenster ist 2,3 cm hoch und 1,8 cm breit. Produziert wurde sie auf Anforderung des Kunden <strong>Oexmann GmbH &amp; Co. KG<\/strong> aus Gelsenkirchen, der Spezialbanderolen in die ganze Welt liefert. In diesem Fall wurde eine Banderole f\u00fcr den neuseel\u00e4ndischen\u00a0Eiscremehersteller Fonterra Brands ben\u00f6tigt. Das Sichtfenster sollte mit einer biologisch abbaubaren Kunststofffolie versehen werden.<\/p><div id=\"packa-3568355507\" class=\"packa-inhalt\"><!--noptimize--><script async src=\"https:\/\/pagead2.googlesyndication.com\/pagead\/js\/adsbygoogle.js?client=ca-pub-2686439340972671\" crossorigin=\"anonymous\"><\/script>\r\n<ins class=\"adsbygoogle\" style=\"display:block;text-align:center\" data-ad-layout=\"in-article\" data-ad-format=\"fluid\" data-ad-client=\"ca-pub-2686439340972671\" data-ad-slot=\"6171251825\"><\/ins>\r\n<script>\r\n     (adsbygoogle = window.adsbygoogle || []).push({});\r\n<\/script><!--\/noptimize--><\/div>\n<p>\u201eWir waren der einzige Zulieferer, der bereit war, sich dieser Aufgabe zu stellen\u201c, sagt Sedat \u0130\u011fbar. \u201eSchritt f\u00fcr Schritt entwickelten und patentierten wir in Zusammenarbeit mit Oexmann eine T\u00fctenbanderole, die Eiscremeliebhabern die s\u00fc\u00dfe Waffel in der verpackten T\u00fcte zeigt.\u201c Seit Mai 2018 werden entsprechende <strong>Eiscremet\u00fcten<\/strong> nun bereits verkauft.<\/p>\n<figure id=\"attachment_18863\" aria-describedby=\"caption-attachment-18863\" style=\"width: 581px\" class=\"wp-caption alignnone\"><img decoding=\"async\" class=\"wp-image-18863\" title=\"Sichtfenster im Eiscremet\u00fctendeckel (Bild: Klaus Ranger Fotografie)\" src=\"https:\/\/packaging-journal.de\/wp-content\/uploads\/2018\/11\/MNDPR097b_2291623.jpg\" alt=\"Sichtfenster im Eiscremet\u00fctendeckel (Bild: Klaus Ranger Fotografie)\" width=\"581\" height=\"387\" srcset=\"https:\/\/packaging-journal.de\/wp-content\/uploads\/2018\/11\/MNDPR097b_2291623.jpg 1200w, https:\/\/packaging-journal.de\/wp-content\/uploads\/2018\/11\/MNDPR097b_2291623-600x400.jpg 600w, https:\/\/packaging-journal.de\/wp-content\/uploads\/2018\/11\/MNDPR097b_2291623-300x200.jpg 300w, https:\/\/packaging-journal.de\/wp-content\/uploads\/2018\/11\/MNDPR097b_2291623-768x512.jpg 768w, https:\/\/packaging-journal.de\/wp-content\/uploads\/2018\/11\/MNDPR097b_2291623-1024x683.jpg 1024w\" sizes=\"(max-width: 581px) 100vw, 581px\" \/><figcaption id=\"caption-attachment-18863\" class=\"wp-caption-text\">Auch im Deckel der Eiscremeverpackung ist ein Sichtfenster. (Bild: Klaus Ranger Fotografie)<\/figcaption><\/figure>\n<h2>Auch in den Deckel der Eiscremet\u00fcte wird ein Fenster gelasert<\/h2>\n<p>Mondi Kalenobel machte dem Kunden von der S\u00fcdhalbkugel einen weitergehenden Vorschlag. Nicht nur die T\u00fctenbanderole sollte ein Sichtfenster erhalten, sondern auch der <strong>Eist\u00fctendeckel<\/strong>. Hierf\u00fcr entwarf Kalenobel ein kleines foliertes Sichtfenster im Eist\u00fctendeckel, das dem Umriss der neuseel\u00e4ndischen Insel Kapiti entspricht und per Laser in den Deckel geschnitten wird. Die vorgeschlagene L\u00f6sung gefiel dem Kunden. Mondi liefert nun die T\u00fctenbanderolen und die Eist\u00fctendeckel zu.<\/p>\n[infotext icon]<strong>Lukratives Gesch\u00e4ft mit der gefrorenen S\u00fc\u00dfigkeit<\/strong><\/p>\n<p>Die Konzentration auf Eiscremeverpackungen ist lohnend. Laut Euromonitor erwirtschaftet der Einzelhandel weltweit pro Jahr etwa 74 Milliarden Dollar mit dem Verkauf von Eiscreme. 30 Prozent dieses Umsatzes werden in Europa erzielt. Mondi hat nach eigener Einsch\u00e4tzung bereits jetzt eine starke Stelle im Eiscremeverpackungsmarkt und will diese Position noch ausbauen. Bis 2019 sollen die globalen Produktionskapazit\u00e4ten besser auf die regionalen Saisongesch\u00e4fte angepasst werden. Das neue t\u00fcrkische Werk spielt dabei eine zentrale Rolle.<\/p>\n<p>Mehr zu den flexiblen Verpackungen der Mondi Group finden Sie auf:<br \/>\n<a href=\"http:\/\/www.mondigroup.com\/flexiblepackaging\" target=\"_blank\" rel=\"noopener noreferrer\">http:\/\/www.mondigroup.com\/flexiblepackaging<\/a>[\/infotext]\n<p>&nbsp;<\/p>\n","protected":false},"excerpt":{"rendered":"Mondi has expanded its position in the ice cream packaging market with the acquisition of Kalenobel. Among other things, a cone sleeve with a viewing window was developed.","protected":false},"author":1,"featured_media":18865,"comment_status":"closed","ping_status":"open","sticky":false,"template":"","format":"standard","meta":{"_acf_changed":false,"__cvm_playback_settings":[],"__cvm_video_id":"","rank_math_description":"","rank_math_focus_keyword":"","rank_math_title":"","csco_display_header_overlay":false,"csco_singular_sidebar":"","csco_page_header_type":"","csco_page_load_nextpost":"","csco_post_video_location":[],"csco_post_video_location_hash":"","csco_post_video_url":"","csco_post_video_bg_start_time":0,"csco_post_video_bg_end_time":0,"footnotes":"","_links_to":"","_links_to_target":""},"categories":[114,111],"tags":[43,61,38,57583],"class_list":{"0":"post-18841","1":"post","2":"type-post","3":"status-publish","4":"format-standard","5":"has-post-thumbnail","7":"category-aus-den-unternehmen-news","8":"category-maerkte","9":"tag-aus-den-unternehmen","10":"tag-endverpacken","11":"tag-lebensmittel","12":"tag-mondi","13":"cs-entry","14":"cs-video-wrap"},"acf":[],"vimeo_video":null,"_links":{"self":[{"href":"https:\/\/packaging-journal.de\/en\/wp-json\/wp\/v2\/posts\/18841","targetHints":{"allow":["GET"]}}],"collection":[{"href":"https:\/\/packaging-journal.de\/en\/wp-json\/wp\/v2\/posts"}],"about":[{"href":"https:\/\/packaging-journal.de\/en\/wp-json\/wp\/v2\/types\/post"}],"author":[{"embeddable":true,"href":"https:\/\/packaging-journal.de\/en\/wp-json\/wp\/v2\/users\/1"}],"replies":[{"embeddable":true,"href":"https:\/\/packaging-journal.de\/en\/wp-json\/wp\/v2\/comments?post=18841"}],"version-history":[{"count":0,"href":"https:\/\/packaging-journal.de\/en\/wp-json\/wp\/v2\/posts\/18841\/revisions"}],"wp:featuredmedia":[{"embeddable":true,"href":"https:\/\/packaging-journal.de\/en\/wp-json\/wp\/v2\/media\/18865"}],"wp:attachment":[{"href":"https:\/\/packaging-journal.de\/en\/wp-json\/wp\/v2\/media?parent=18841"}],"wp:term":[{"taxonomy":"category","embeddable":true,"href":"https:\/\/packaging-journal.de\/en\/wp-json\/wp\/v2\/categories?post=18841"},{"taxonomy":"post_tag","embeddable":true,"href":"https:\/\/packaging-journal.de\/en\/wp-json\/wp\/v2\/tags?post=18841"}],"curies":[{"name":"wp","href":"https:\/\/api.w.org\/{rel}","templated":true}]}}