{"id":18915,"date":"2018-12-04T08:49:42","date_gmt":"2018-12-04T07:49:42","guid":{"rendered":"https:\/\/packaging-journal.de\/?p=18915"},"modified":"2018-11-29T17:39:15","modified_gmt":"2018-11-29T16:39:15","slug":"johnson-johnson-commitment-to-the-circular-economy","status":"publish","type":"post","link":"https:\/\/packaging-journal.de\/en\/johnson-johnson-bekenntnis-zur-kreislaufwirtschaft\/","title":{"rendered":"Consumer goods giant commits to the circular economy"},"content":{"rendered":"<p>Die Konsumg\u00fctersparte des internationalen Konzerns Johnson &amp; Johnson, bekennt sich zur Kreislaufwirtschaft: Der Konsumg\u00fcterhersteller hat das\u00a0 \u201eNew Plastics Economy Global Commitment\u201c unterzeichnet<strong>.<\/strong><\/p>\n<p>Als Unterzeichner dieser Erkl\u00e4rung verpflichtet sich Johnson &amp; Johnson Consumer zu zwei Kernthemen der <strong>Kreislaufwirtschaft<\/strong>: Zum einen sollen Verpackungen bis 2025 zu 100 Prozent wiederverwendbar, recycelbar oder kompostierbar sein. Zum anderen sollen in Produktverpackungen mehr <strong>Recyclingmaterialien<\/strong> zum Einsatz kommen. Hier investiert das Unternehmen unter anderem in <strong>nachhaltiges Design<\/strong> und Partnerschaften mit verschiedenen Organisationen.<\/p>\n<h2>Geb\u00fcndelte Initiative<\/h2>\n<p>Dazu wird Johnson &amp; Johnson Consumer Inc. mit der <strong>Ellen MacArthur-Stiftung<\/strong>, dem Umweltprogramm der <strong>Vereinten Nationen<\/strong> und vielen branchenf\u00fchrenden Unternehmen, Regierungen und NGOs zusammenarbeiten. F\u00fcr sie alle z\u00e4hlen Plastikm\u00fcllvermeidung und eine Verpackungsreform derzeit zu den dr\u00e4ngendsten Umweltproblemen unserer Zeit.<\/p><div class=\"packa-in-post-alle\" style=\"text-align: center;\" id=\"packa-3911559989\"><div id=\"packa-3859566375\"><a data-no-instant=\"1\" href=\"https:\/\/packaging-journal.de\/en\/newsletter\/\" rel=\"noopener\" class=\"a2t-link\" target=\"_blank\" aria-label=\"PJ Eigenwerbung English 03\"><!--noptimize--><img src=\"https:\/\/packaging-journal.de\/wp-content\/uploads\/2026\/01\/PJ-Eigenwerbung-English-03.png\" alt=\"\"  srcset=\"https:\/\/packaging-journal.de\/wp-content\/uploads\/2026\/01\/PJ-Eigenwerbung-English-03.png 840w, https:\/\/packaging-journal.de\/wp-content\/uploads\/2026\/01\/PJ-Eigenwerbung-English-03-300x75.png 300w, https:\/\/packaging-journal.de\/wp-content\/uploads\/2026\/01\/PJ-Eigenwerbung-English-03-768x192.png 768w, https:\/\/packaging-journal.de\/wp-content\/uploads\/2026\/01\/PJ-Eigenwerbung-English-03-18x5.png 18w, https:\/\/packaging-journal.de\/wp-content\/uploads\/2026\/01\/PJ-Eigenwerbung-English-03-332x83.png 332w, https:\/\/packaging-journal.de\/wp-content\/uploads\/2026\/01\/PJ-Eigenwerbung-English-03-664x166.png 664w, https:\/\/packaging-journal.de\/wp-content\/uploads\/2026\/01\/PJ-Eigenwerbung-English-03-688x172.png 688w\" sizes=\"(max-width: 840px) 100vw, 840px\" width=\"840\" height=\"210\"  style=\" max-width: 100%; height: auto;\" \/><!--\/noptimize--><\/a><\/div><\/div>\n<p>\u201eDas Thema <strong>Verpackungen neu zu denken<\/strong> sehen wir als Herausforderung, aber auch als eine Chance, Gutes zu tun\u201c, sagt <strong>Alison Lewis<\/strong>, Global Chief Marketing Officer von Johnson &amp; Johnson Consumer. \u201eWir glauben, dass diese Initiative dabei helfen kann, bedeutsame Ver\u00e4nderungen zu bewirken \u2013 in unserem Verhalten als Unternehmen ebenso wie im Verhalten der Verbraucher selbst. \u201c<\/p>\n<h2>Deutschen Markt im Blick<\/h2>\n<p>Der deutsche Markt spielt aufgrund seiner besonderen Gegebenheiten f\u00fcr das Unternehmen eine besondere Rolle.<\/p><div id=\"packa-24156411\" class=\"packa-inhalt\"><!--noptimize--><script async src=\"https:\/\/pagead2.googlesyndication.com\/pagead\/js\/adsbygoogle.js?client=ca-pub-2686439340972671\" crossorigin=\"anonymous\"><\/script>\r\n<ins class=\"adsbygoogle\" style=\"display:block;text-align:center\" data-ad-layout=\"in-article\" data-ad-format=\"fluid\" data-ad-client=\"ca-pub-2686439340972671\" data-ad-slot=\"6171251825\"><\/ins>\r\n<script>\r\n     (adsbygoogle = window.adsbygoogle || []).push({});\r\n<\/script><!--\/noptimize--><\/div>\n<blockquote>\n<figure id=\"attachment_18914\" aria-describedby=\"caption-attachment-18914\" style=\"width: 400px\" class=\"wp-caption alignnone\"><img fetchpriority=\"high\" decoding=\"async\" class=\"wp-image-18914\" title=\"Dr. Stephen Raven, Vice President R&amp;D EMEA bei Johnson &amp; Johnson\" src=\"https:\/\/packaging-journal.de\/wp-content\/uploads\/2018\/11\/JohnsonJohnson_Dr.StephenRaven-300x200.jpg\" alt=\"Dr. Stephen Raven, Vice President R&amp;D EMEA bei Johnson &amp; Johnson\" width=\"400\" height=\"267\" \/><figcaption id=\"caption-attachment-18914\" class=\"wp-caption-text\">Dr. Stephen Raven, Vice President R&amp;D EMEA bei Johnson &amp; Johnson (Bild: Johnson &amp; Johnson)<\/figcaption><\/figure>\n<p>\u201eDeutschland ist f\u00fcr uns ein besonders spannender Ort, um unser globales Versprechen umzusetzen. Hier gibt es schon <strong>hervorragende Sortiertechniken<\/strong> und zudem gilt ja ab Januar 2019 das <strong>neue Verpackungsgesetz<\/strong>. Wir nehmen nun gemeinsam mit unseren Verpackungslieferanten und unserem Dualen System-Partner einige Ma\u00dfnahmen unter die Lupe, zum Beispiel besser recycelbare Verpackungen oder den Einsatz von Recyclaten\u201c, erkl\u00e4rt <strong>Dr. Stephen Raven<\/strong>, Vice President R&amp;D EMEA bei Johnson &amp; Johnson zur Situation und der Umsetzung des Nachhaltigkeitsabkommens im deutschen Markt.<em><br \/>\n<\/em><\/p><\/blockquote>\n<p><strong>[infotext icon]\u00dcber Johnson &amp; Johnson Consumer<\/strong><\/p>\n<p>Das Unternehmen Johnson &amp; Johnson Consumer Inc. hat seinen Hauptsitz im amerikanischen New Brunswick (New Jersey) und verkauft seine Produkte in \u00fcber 140 L\u00e4nder, damit ist es eines der weltweit gr\u00f6\u00dften Unternehmen f\u00fcr Gesundheits- und K\u00f6rperpflegeprodukte. <strong>[\/infotext]<\/strong><\/p>\n<p>Weitere Informationen zur Verpflichtungserkl\u00e4rung \u201eNew Plastics Economy Global Commitment\u201c finden Sie <a href=\"https:\/\/packaging-journal.de\/18508-2\/\" target=\"_blank\" rel=\"noopener\">hier<\/a>.<\/p>\n","protected":false},"excerpt":{"rendered":"Rethinking packaging: The consumer goods division of the international group Johnson &amp; Johnson has signed the \u201eNew Plastics Economy Global Commitment\u201c.","protected":false},"author":1,"featured_media":18913,"comment_status":"closed","ping_status":"open","sticky":false,"template":"","format":"standard","meta":{"_acf_changed":false,"__cvm_playback_settings":[],"__cvm_video_id":"","rank_math_description":"","rank_math_focus_keyword":"","rank_math_title":"","csco_display_header_overlay":false,"csco_singular_sidebar":"","csco_page_header_type":"","csco_page_load_nextpost":"","csco_post_video_location":[],"csco_post_video_location_hash":"","csco_post_video_url":"","csco_post_video_bg_start_time":0,"csco_post_video_bg_end_time":0,"footnotes":"","_links_to":"","_links_to_target":""},"categories":[114,111,22],"tags":[54,46,36,32],"class_list":{"0":"post-18915","1":"post","2":"type-post","3":"status-publish","4":"format-standard","5":"has-post-thumbnail","7":"category-aus-den-unternehmen-news","8":"category-maerkte","9":"category-packmittel-und-packstoffe","10":"tag-kunststoff-und-verbunde","11":"tag-marketing-und-design","12":"tag-markt","13":"tag-packmittel-und-packstoffe","14":"cs-entry","15":"cs-video-wrap"},"acf":[],"vimeo_video":null,"_links":{"self":[{"href":"https:\/\/packaging-journal.de\/en\/wp-json\/wp\/v2\/posts\/18915","targetHints":{"allow":["GET"]}}],"collection":[{"href":"https:\/\/packaging-journal.de\/en\/wp-json\/wp\/v2\/posts"}],"about":[{"href":"https:\/\/packaging-journal.de\/en\/wp-json\/wp\/v2\/types\/post"}],"author":[{"embeddable":true,"href":"https:\/\/packaging-journal.de\/en\/wp-json\/wp\/v2\/users\/1"}],"replies":[{"embeddable":true,"href":"https:\/\/packaging-journal.de\/en\/wp-json\/wp\/v2\/comments?post=18915"}],"version-history":[{"count":0,"href":"https:\/\/packaging-journal.de\/en\/wp-json\/wp\/v2\/posts\/18915\/revisions"}],"wp:featuredmedia":[{"embeddable":true,"href":"https:\/\/packaging-journal.de\/en\/wp-json\/wp\/v2\/media\/18913"}],"wp:attachment":[{"href":"https:\/\/packaging-journal.de\/en\/wp-json\/wp\/v2\/media?parent=18915"}],"wp:term":[{"taxonomy":"category","embeddable":true,"href":"https:\/\/packaging-journal.de\/en\/wp-json\/wp\/v2\/categories?post=18915"},{"taxonomy":"post_tag","embeddable":true,"href":"https:\/\/packaging-journal.de\/en\/wp-json\/wp\/v2\/tags?post=18915"}],"curies":[{"name":"wp","href":"https:\/\/api.w.org\/{rel}","templated":true}]}}