{"id":19018,"date":"2018-12-05T09:17:25","date_gmt":"2018-12-05T08:17:25","guid":{"rendered":"https:\/\/packaging-journal.de\/?p=19018"},"modified":"2018-12-03T12:54:42","modified_gmt":"2018-12-03T11:54:42","slug":"thimm-corrugated-cardboard-transport-packaging-for-schoenox","status":"publish","type":"post","link":"https:\/\/packaging-journal.de\/en\/thimm-transportverpackung-aus-wellpappe-fuer-schoenox\/","title":{"rendered":"Thimm designs particularly efficient multi-material packaging for Sch\u00f6nox"},"content":{"rendered":"<p>Eine besonders effiziente L\u00f6sung f\u00fcr eine Transportverpackung hat Thimm Packaging Systems f\u00fcr die Sika Deutschland GmbH entwickelt. F\u00fcr das neue Ger\u00e4t \u201eiLine App\u201c der Sika-Marke Sch\u00f6nox zum Auftragen von Klebstoffen konstruierte Thimm eine Multimateriall\u00f6sung auf der Basis einer Faltkiste aus Wellpappe nach Fefco-Standard.<\/p>\n<p>Mit dieser Transportverpackung sei man besonders wirtschaftlich und nachhaltig mit den Erfolgsfaktoren Zeit, Material und Finanzen umgegangen, hebt Thimm hervor. Das zeige sich bei der Versandverpackung f\u00fcr \u201eiLine App\u201c besonders in der raffinierten Gestaltung des Verpackungsinneren.\u00a0 Passgenaue Zuschnitte aus Wellpappe- und Schaumstoffpolstern fixieren und sch\u00fctzen das Produkt. Daneben ist ein Wellpappenwickel integriert. Dieser fungiert als Abstandhalter, befestigt dabei das Produkt zus\u00e4tzlich und verhindert ein Verrutschen.<\/p>\n<p>Der Wickel hat noch eine Zusatzfunktion. Er dient auch als Fach f\u00fcr Zubeh\u00f6r- und Ersatzteile. Diese werden mit elastischem Noppenschaum im Fach fixiert und k\u00f6nnen so sicher transportiert werden.<\/p><div class=\"packa-in-post-alle\" style=\"text-align: center;\" id=\"packa-3669281554\"><div id=\"packa-2160796315\"><a data-no-instant=\"1\" href=\"https:\/\/packaging-journal.de\/en\/newsletter\/\" rel=\"noopener\" class=\"a2t-link\" target=\"_blank\" aria-label=\"PJ Eigenwerbung English 03\"><!--noptimize--><img src=\"https:\/\/packaging-journal.de\/wp-content\/uploads\/2026\/01\/PJ-Eigenwerbung-English-03.png\" alt=\"\"  srcset=\"https:\/\/packaging-journal.de\/wp-content\/uploads\/2026\/01\/PJ-Eigenwerbung-English-03.png 840w, https:\/\/packaging-journal.de\/wp-content\/uploads\/2026\/01\/PJ-Eigenwerbung-English-03-300x75.png 300w, https:\/\/packaging-journal.de\/wp-content\/uploads\/2026\/01\/PJ-Eigenwerbung-English-03-768x192.png 768w, https:\/\/packaging-journal.de\/wp-content\/uploads\/2026\/01\/PJ-Eigenwerbung-English-03-18x5.png 18w, https:\/\/packaging-journal.de\/wp-content\/uploads\/2026\/01\/PJ-Eigenwerbung-English-03-332x83.png 332w, https:\/\/packaging-journal.de\/wp-content\/uploads\/2026\/01\/PJ-Eigenwerbung-English-03-664x166.png 664w, https:\/\/packaging-journal.de\/wp-content\/uploads\/2026\/01\/PJ-Eigenwerbung-English-03-688x172.png 688w\" sizes=\"(max-width: 840px) 100vw, 840px\" width=\"840\" height=\"210\"  style=\" max-width: 100%; height: auto;\" \/><!--\/noptimize--><\/a><\/div><\/div>\n<figure id=\"attachment_19036\" aria-describedby=\"caption-attachment-19036\" style=\"width: 580px\" class=\"wp-caption alignnone\"><img fetchpriority=\"high\" decoding=\"async\" class=\"wp-image-19036\" title=\"Wellpappewickel mit Zubeh\u00f6rfach (Bild: Thimm)\" src=\"https:\/\/packaging-journal.de\/wp-content\/uploads\/2018\/12\/Der-Wellpappenwickel-ist-Teil-des-Verpackungssystems_cTHIMM-300x199.png\" alt=\"Wellpappewickel mit Zubeh\u00f6rfach (Bild: Thimm)\" width=\"580\" height=\"385\" srcset=\"https:\/\/packaging-journal.de\/wp-content\/uploads\/2018\/12\/Der-Wellpappenwickel-ist-Teil-des-Verpackungssystems_cTHIMM-300x199.png 300w, https:\/\/packaging-journal.de\/wp-content\/uploads\/2018\/12\/Der-Wellpappenwickel-ist-Teil-des-Verpackungssystems_cTHIMM-600x399.png 600w, https:\/\/packaging-journal.de\/wp-content\/uploads\/2018\/12\/Der-Wellpappenwickel-ist-Teil-des-Verpackungssystems_cTHIMM-768x510.png 768w, https:\/\/packaging-journal.de\/wp-content\/uploads\/2018\/12\/Der-Wellpappenwickel-ist-Teil-des-Verpackungssystems_cTHIMM-1024x680.png 1024w, https:\/\/packaging-journal.de\/wp-content\/uploads\/2018\/12\/Der-Wellpappenwickel-ist-Teil-des-Verpackungssystems_cTHIMM.png 1200w\" sizes=\"(max-width: 580px) 100vw, 580px\" \/><figcaption id=\"caption-attachment-19036\" class=\"wp-caption-text\">Der Innenteil der Verpackung besteht aus einem Wellpappewickel, der auch Platz f\u00fcr Zubeh\u00f6rteile bietet. (Bild: Thimm)<\/figcaption><\/figure>\n<p>Manfred Friedrich, Marktfeldmanager Fu\u00dfbodentechnik bei Sika Deutschland, verweist besonders darauf, dass wegen der besonderen Konstruktionsart der Verpackung keine weitere Umverpackung wie beispielsweise eine Holzkiste f\u00fcr den Versand des Produkts ben\u00f6tigt wird. \u201eDank der modularen Beschaffenheit braucht es keine zus\u00e4tzlichen Teile, wie zum Beispiel einen Zubeh\u00f6rkarton. Das vereinfacht das Handling deutlich und spart Zeit ein. Zudem kann die Verpackung \u00fcber den Transport hinaus vom Handwerker langfristig als Aufbewahrung f\u00fcr Produkt und Zubeh\u00f6r genutzt werden.\u201c<\/p>\n<h2>Verpackung aus Wellpappe f\u00fcr Monitorhalterungen gewann in Tschechien<\/h2>\n<p>Mit der besonders effizienten Konstruktion von Verpackungsl\u00f6sung kennt Thimm sich bereits seit L\u00e4ngerem und anerkannterma\u00dfen aus.\u00a0 Beim tschechischen Verpackungspreis \u201eObal roku 2018\u201c erhielt die Transportverpackung f\u00fcr Monitorhalterungen einen Award in der Kategorie\u00a0\u201eAutomotive\/Transport- und Industrieverpackungen\u201c.<\/p><div id=\"packa-3572971903\" class=\"packa-inhalt\"><!--noptimize--><script async src=\"https:\/\/pagead2.googlesyndication.com\/pagead\/js\/adsbygoogle.js?client=ca-pub-2686439340972671\" crossorigin=\"anonymous\"><\/script>\r\n<ins class=\"adsbygoogle\" style=\"display:block;text-align:center\" data-ad-layout=\"in-article\" data-ad-format=\"fluid\" data-ad-client=\"ca-pub-2686439340972671\" data-ad-slot=\"6171251825\"><\/ins>\r\n<script>\r\n     (adsbygoogle = window.adsbygoogle || []).push({});\r\n<\/script><!--\/noptimize--><\/div>\n<p>Die urspr\u00fcngliche Verpackung, die eine gro\u00dfe Menge Luftpolsterfolie und Klebeband enthielt, wurde durch eine optimierte Wellpappenl\u00f6sung ersetzt. In der innen liegenden Schutzfixierung sind beide Teile der Halterung separat befestigt. Die Fixierung selbst wird als einteilige Ausstanzung hergestellt, die vor dem Verpacken im flachen Zustand gelagert werden kann. Beim Zusammenfalten der Fixierung wird jeder Teil arretiert. Gleichzeitig entstehen sch\u00fctzende Polsterelemente.<\/p>\n[infotext icon]<strong>Auch Versandverpackung f\u00fcr B\u00fccher wurde in Tschechien pr\u00e4miert<\/strong><\/p>\n<p>Beim tschechischen Verpackungspreis\u00a0\u201eObal roku 2018\u201c re\u00fcssierte Thimm in einer weiteren Kategorie. Lesen Sie dazu unseren Bericht aus dem Oktober 2018:<br \/>\n<a href=\"https:\/\/packaging-journal.de\/thimm-erhaelt-in-tschechien-preis-fuer-versandverpackung\/\">Thimm traf mit Versandverpackung f\u00fcr Biathlon-Buch ins Schwarze<\/a>[\/infotext]\n","protected":false},"excerpt":{"rendered":"Thimm designed a particularly efficient multi-material solution for the \u201eiLine App\u201c device from the Sch\u00f6nox brand for applying adhesives.","protected":false},"author":1,"featured_media":19035,"comment_status":"closed","ping_status":"open","sticky":false,"template":"","format":"standard","meta":{"_acf_changed":false,"__cvm_playback_settings":[],"__cvm_video_id":"","rank_math_description":"","rank_math_focus_keyword":"","rank_math_title":"","csco_display_header_overlay":false,"csco_singular_sidebar":"","csco_page_header_type":"","csco_page_load_nextpost":"","csco_post_video_location":[],"csco_post_video_location_hash":"","csco_post_video_url":"","csco_post_video_bg_start_time":0,"csco_post_video_bg_end_time":0,"footnotes":"","_links_to":"","_links_to_target":""},"categories":[114,22,113],"tags":[43,69,1487,44],"class_list":{"0":"post-19018","1":"post","2":"type-post","3":"status-publish","4":"format-standard","5":"has-post-thumbnail","7":"category-aus-den-unternehmen-news","8":"category-packmittel-und-packstoffe","9":"category-produkte","10":"tag-aus-den-unternehmen","11":"tag-klebstoff","12":"tag-papier-pappe-karton","13":"tag-transportverpackung","14":"cs-entry","15":"cs-video-wrap"},"acf":[],"vimeo_video":null,"_links":{"self":[{"href":"https:\/\/packaging-journal.de\/en\/wp-json\/wp\/v2\/posts\/19018","targetHints":{"allow":["GET"]}}],"collection":[{"href":"https:\/\/packaging-journal.de\/en\/wp-json\/wp\/v2\/posts"}],"about":[{"href":"https:\/\/packaging-journal.de\/en\/wp-json\/wp\/v2\/types\/post"}],"author":[{"embeddable":true,"href":"https:\/\/packaging-journal.de\/en\/wp-json\/wp\/v2\/users\/1"}],"replies":[{"embeddable":true,"href":"https:\/\/packaging-journal.de\/en\/wp-json\/wp\/v2\/comments?post=19018"}],"version-history":[{"count":0,"href":"https:\/\/packaging-journal.de\/en\/wp-json\/wp\/v2\/posts\/19018\/revisions"}],"wp:featuredmedia":[{"embeddable":true,"href":"https:\/\/packaging-journal.de\/en\/wp-json\/wp\/v2\/media\/19035"}],"wp:attachment":[{"href":"https:\/\/packaging-journal.de\/en\/wp-json\/wp\/v2\/media?parent=19018"}],"wp:term":[{"taxonomy":"category","embeddable":true,"href":"https:\/\/packaging-journal.de\/en\/wp-json\/wp\/v2\/categories?post=19018"},{"taxonomy":"post_tag","embeddable":true,"href":"https:\/\/packaging-journal.de\/en\/wp-json\/wp\/v2\/tags?post=19018"}],"curies":[{"name":"wp","href":"https:\/\/api.w.org\/{rel}","templated":true}]}}