{"id":2026,"date":"2017-11-02T06:00:00","date_gmt":"2017-11-02T05:00:00","guid":{"rendered":"http:\/\/dev.packaging-journal.de\/neues-verpackungsgesetz-wirft-schatten-voraus\/"},"modified":"2018-06-26T09:15:52","modified_gmt":"2018-06-26T07:15:52","slug":"new-packaging-law-casts-shadows-ahead","status":"publish","type":"post","link":"https:\/\/packaging-journal.de\/en\/neues-verpackungsgesetz-wirft-schatten-voraus\/","title":{"rendered":"Adapt processes in good time: New packaging law casts its shadow ahead"},"content":{"rendered":"<p>Beim Verpackungsrecycling steht ein Jahr des \u00dcbergangs bevor. Noch gilt die \u00fcber 20 Jahre alte Verpackungsverordnung. Am 1. Januar 2019 wird sie durch das neue Verpackungsgesetz ersetzt. Trotzdem werden Hersteller und Vertreiber von Verpackungen bereits im kommenden Jahr mit der neuen \u201eStiftung Zentrale Stelle Verpackungsregister\u201c in Kontakt kommen.<\/p>\n<p>Ab dem \u00fcbern\u00e4chsten Jahr wird die in Osnabr\u00fcck ans\u00e4ssige \u201e<strong>Zentrale Stelle Verpackungsregister<\/strong>\u201c alleiniger Ansprechpartner aller Unternehmen, die zur Meldung von Art und Menge der in Verkehr gebrachten Verpackungen verpflichtet sind. Sie soll als beliehene Bundesbeh\u00f6rde f\u00fcr mehr Transparenz beim <strong>Verpackungsrecycling<\/strong> sorgen. Unter anderem kontrolliert sie die durch Verpackungsproduzenten und Duale Systeme bislang an die Industrie- und Handelskammern \u00fcbermittelten \u201e<strong>Vollst\u00e4ndigkeitserkl\u00e4rungen<\/strong>\u201c und die Mengenangaben der Verpackungen. Au\u00dferdem berechnet sie die Marktanteile der Dualen Systeme. Ziel ist die <strong>gerechte Kostenverteilung<\/strong> f\u00fcr nachweislich erbrachte Entsorgungsleistungen. Gef\u00fchrt wird au\u00dferdem ein Register aller Produktverantwortlichen aus Industrie- und Handel.<\/p>\n<p>In der zweiten H\u00e4lfte des kommenden Jahres entstehen im Internetangebot des Verpackungsregisters eine <strong>Registrierungsplattform<\/strong> und ein Portal f\u00fcr die <strong>Mengenmeldungen<\/strong>. Alle Unternehmen haben somit ausreichend Vorlaufzeit, um ihre Meldeprozesse anzupassen. N\u00e4chstes Jahr m\u00fcssen sie ihre Berichte inhaltlich noch gem\u00e4\u00df der Verpackungsverordnung gestalten. Gemeldet werden die Daten hingegen bereits nach den Vorschriften des Verpackungsgesetzes. Ab 2019 \u00fcbernimmt die Zentrale Stelle Verpackungsregister dann alle Register- und Meldedaten \u2013 auch die von 2018.<\/p><div class=\"packa-in-post-alle\" style=\"text-align: center;\" id=\"packa-1766681234\"><div id=\"packa-3453180086\"><a data-no-instant=\"1\" href=\"https:\/\/packaging-journal.de\/en\/newsletter\/\" rel=\"noopener\" class=\"a2t-link\" target=\"_blank\" aria-label=\"PJ Eigenwerbung English 03\"><!--noptimize--><img src=\"https:\/\/packaging-journal.de\/wp-content\/uploads\/2026\/01\/PJ-Eigenwerbung-English-03.png\" alt=\"\"  srcset=\"https:\/\/packaging-journal.de\/wp-content\/uploads\/2026\/01\/PJ-Eigenwerbung-English-03.png 840w, https:\/\/packaging-journal.de\/wp-content\/uploads\/2026\/01\/PJ-Eigenwerbung-English-03-300x75.png 300w, https:\/\/packaging-journal.de\/wp-content\/uploads\/2026\/01\/PJ-Eigenwerbung-English-03-768x192.png 768w, https:\/\/packaging-journal.de\/wp-content\/uploads\/2026\/01\/PJ-Eigenwerbung-English-03-18x5.png 18w, https:\/\/packaging-journal.de\/wp-content\/uploads\/2026\/01\/PJ-Eigenwerbung-English-03-332x83.png 332w, https:\/\/packaging-journal.de\/wp-content\/uploads\/2026\/01\/PJ-Eigenwerbung-English-03-664x166.png 664w, https:\/\/packaging-journal.de\/wp-content\/uploads\/2026\/01\/PJ-Eigenwerbung-English-03-688x172.png 688w\" sizes=\"(max-width: 840px) 100vw, 840px\" width=\"840\" height=\"210\"  style=\" max-width: 100%; height: auto;\" \/><!--\/noptimize--><\/a><\/div><\/div>\n<h2>Recyclingquoten sollen stark steigen<\/h2>\n<p>Mit der Zentralisierung der Kompetenzen zum Verpackungsrecycling soll mehr Transparenz geschaffen werden. Unter anderem sollen Gesetzgeber, Unternehmen und Verbraucher leichter erkennen k\u00f6nnen, ob die vom <strong>Verpackungsgesetz<\/strong> definierten <strong>Recyclingquoten<\/strong> f\u00fcr die einzelnen Wertstoffgruppen erreicht worden sind. Der Anteil recycelter Wertstoffe soll bis 2022 in zwei Stufen deutlich steigen. F\u00fcr alle Wertstoffe au\u00dfer Kunststoff sind Quoten von 90 Prozent vorgesehen. Kunststoff soll hingegen seine Quote von derzeit 36 auf 63 Prozent steigern. Produzenten besonders recyclinggerechter Verpackungen werden mit verg\u00fcnstigten Lizenzentgelten f\u00fcr das Duale System \u201ebelohnt\u201c. Auch die Steigerung der Mehrwegquote f\u00fcr Getr\u00e4nkeverpackungen von aktuell 45,1 auf 70 Prozent ist vorgesehen. Wird dieses Ziel verfehlt, soll es aber keine Sanktionen wie beispielsweise Abgaben auf Einweg-Pfandflaschen geben.<\/p>\n<h2>Immer noch werden nicht alle Wertstoffe wiederverwertet<\/h2>\n<p>Die Bewertung des neuen Verpackungsgesetzes f\u00e4llt nicht durchweg zustimmend aus. Zweifel werden an den Recyclingquoten laut. Als \u201eutopisch\u201c und \u201enicht zu erreichen\u201c bewertete sie beispielsweise die \u201eS\u00fcddeutsche Zeitung\u201c. Gegen das eigentliche Problem \u2013 die Verpackungsabfallmenge von 200 Kilogramm pro Kopf und Jahr \u2013 biete das Verpackungsgesetz keine Handhabe. Bem\u00e4ngelt wird auch die laut \u201eVerband Kommunaler Unternehmen\u201c (VKU) leicht manipulierbare Recyclingstatistik. Diese erfasst lediglich die in die Wiederverwertungsanlagen gelieferten Verpackungsmengen, nicht die tats\u00e4chlich recycelten Stoffe. F\u00fcr den VKU sind die derzeitigen Verfahren vor allem b\u00fcrokratisch und kostenintensiv, aber \u00f6kologisch nicht nachhaltig.<\/p><div id=\"packa-2646554337\" class=\"packa-inhalt\"><!--noptimize--><script async src=\"https:\/\/pagead2.googlesyndication.com\/pagead\/js\/adsbygoogle.js?client=ca-pub-2686439340972671\" crossorigin=\"anonymous\"><\/script>\r\n<ins class=\"adsbygoogle\" style=\"display:block;text-align:center\" data-ad-layout=\"in-article\" data-ad-format=\"fluid\" data-ad-client=\"ca-pub-2686439340972671\" data-ad-slot=\"6171251825\"><\/ins>\r\n<script>\r\n     (adsbygoogle = window.adsbygoogle || []).push({});\r\n<\/script><!--\/noptimize--><\/div>\n<p>Bedauert wird dar\u00fcber hinaus, dass aus dem urspr\u00fcnglich geplanten Wertstoffgesetz nach mehreren Verhandlungsrunden mit den Bundesl\u00e4ndern nichts geworden ist. Somit wird die Registrierung der Recyclingabf\u00e4lle nicht auf alle Produkte ausgeweitet. Dabei sei die \u00f6kologische Belastung durch das verpackte Gut oft gr\u00f6\u00dfer als durch die Verpackung, wie Siegfried Kreibe vom \u201ebifa\u201c Umweltinstitut Augsburg bei einem Workshop der BKV GmbH im Mai in Bad Neuenahr feststellte.[infotext icon]\n<h2>Interview: Was ist vor dem Start des Verpackungsregisters zu beachten?<\/h2>\n<p>Lesen Sie im Interview mit Guda Rachut, Leiterin der Zentralen Stelle Verpackungsregister, wie sich Unternehmen bereits im kommenden Jahr auf die \u00c4nderungen bei der Meldung der Verpackungsmengen vorbereiten k\u00f6nnen.<br \/>\n<a title=\"Interview mit Leiterin Gunda Rachut zum Start des Verpackungsregisters\" href=\"https:\/\/packaging-journal.de\/neues-verpackungsgesetz-verpackungsregister-vor-dem-start\/\" target=\"_blank\" rel=\"noopener\">Neues Verpackungsgesetz: noch viel Arbeit bis zum Start des Verpackungsregisters<\/a>[\/infotext]\n","protected":false},"excerpt":{"rendered":"A year of transition lies ahead for packaging recycling. The Packaging Ordinance, which is over 20 years old, is still in force. It will be replaced by the new Packaging Act on 1 January 2019. Nevertheless, manufacturers and distributors of packaging will come into contact with the new \u201eStiftung Zentrale Stelle Verpackungsregister\u201c (Central Packaging Register Foundation) as early as next year.","protected":false},"author":1,"featured_media":0,"comment_status":"closed","ping_status":"open","sticky":false,"template":"","format":"standard","meta":{"_acf_changed":false,"__cvm_playback_settings":[],"__cvm_video_id":"","rank_math_description":"","rank_math_focus_keyword":"","rank_math_title":"","csco_display_header_overlay":false,"csco_singular_sidebar":"","csco_page_header_type":"","csco_page_load_nextpost":"","csco_post_video_location":[],"csco_post_video_location_hash":"","csco_post_video_url":"","csco_post_video_bg_start_time":0,"csco_post_video_bg_end_time":0,"footnotes":"","_links_to":"","_links_to_target":""},"categories":[22],"tags":[65,36,31,32],"class_list":{"0":"post-2026","1":"post","2":"type-post","3":"status-publish","4":"format-standard","6":"category-packmittel-und-packstoffe","7":"tag-abfalltechnik-und-recycling","8":"tag-markt","9":"tag-nachhaltigkeit-und-green-packaging","10":"tag-packmittel-und-packstoffe","11":"cs-entry","12":"cs-video-wrap"},"acf":[],"vimeo_video":null,"_links":{"self":[{"href":"https:\/\/packaging-journal.de\/en\/wp-json\/wp\/v2\/posts\/2026","targetHints":{"allow":["GET"]}}],"collection":[{"href":"https:\/\/packaging-journal.de\/en\/wp-json\/wp\/v2\/posts"}],"about":[{"href":"https:\/\/packaging-journal.de\/en\/wp-json\/wp\/v2\/types\/post"}],"author":[{"embeddable":true,"href":"https:\/\/packaging-journal.de\/en\/wp-json\/wp\/v2\/users\/1"}],"replies":[{"embeddable":true,"href":"https:\/\/packaging-journal.de\/en\/wp-json\/wp\/v2\/comments?post=2026"}],"version-history":[{"count":0,"href":"https:\/\/packaging-journal.de\/en\/wp-json\/wp\/v2\/posts\/2026\/revisions"}],"wp:attachment":[{"href":"https:\/\/packaging-journal.de\/en\/wp-json\/wp\/v2\/media?parent=2026"}],"wp:term":[{"taxonomy":"category","embeddable":true,"href":"https:\/\/packaging-journal.de\/en\/wp-json\/wp\/v2\/categories?post=2026"},{"taxonomy":"post_tag","embeddable":true,"href":"https:\/\/packaging-journal.de\/en\/wp-json\/wp\/v2\/tags?post=2026"}],"curies":[{"name":"wp","href":"https:\/\/api.w.org\/{rel}","templated":true}]}}