{"id":22436,"date":"2019-04-10T08:36:12","date_gmt":"2019-04-10T06:36:12","guid":{"rendered":"https:\/\/packaging-journal.de\/?p=22436"},"modified":"2019-04-15T13:23:32","modified_gmt":"2019-04-15T11:23:32","slug":"iffa-2019-packaging-in-the-focus-of-the-meat-industry","status":"publish","type":"post","link":"https:\/\/packaging-journal.de\/en\/iffa-2019-verpackungen-im-fokus-der-fleischwirtschaft\/","title":{"rendered":"IFFA 2019: Packaging in the focus of the meat industry"},"content":{"rendered":"<p>Mehr als 1.000 ausstellende Unternehmen haben sich zur IFFA 2019 in Frankfurt am Main angek\u00fcndigt. Vom 4. bis 9. Mai 2019 zeigen sie Produktl\u00f6sungen, Dienstleistungen und Innovationen f\u00fcr alle Prozessschritte der Fleischverarbeitung. Traditionell stark vertreten auf der Messe ist die Verpackungsbranche.<\/p>\n<p>Die alle drei Jahre ausgerichtete Messe f\u00fcr die Fleischwirtschaft wird in diesem Jahr eine <strong>Brutto-Ausstellungsfl\u00e4che von 120.000 Quadratmetern<\/strong> belegen. Weil die neue Halle 12 mitgenutzt wird, ist die <strong>IFFA<\/strong> damit noch einmal acht Prozent gr\u00f6\u00dfer als beim vorigen Mal im Jahr 2016.<\/p>\n<p>Messebesucher, die sich f\u00fcr Verpackungstechnik interessieren, werden die Halle 11 ansteuern. Dort gibt es <strong>Verpackungstechnik f\u00fcr Fleisch- und Wurstwaren, Gefl\u00fcgel und Fisch<\/strong>. Vertreten sind Unternehmen wie Multivac, Sealpac, Tavil, Ulma, Variovac und VC999. Auch der Produktbereich <strong>Packmittel<\/strong> mit Firmen wie Flexopack, Krehalon und Schur Flexibles findet sich in Halle 11. Insgesamt ergibt die Suche nach \u201eVerpackung\u201c im Ausstellerkatalog 289 Treffer.<\/p><div class=\"packa-in-post-alle\" style=\"text-align: center;\" id=\"packa-575156538\"><div id=\"packa-3021497425\"><a data-no-instant=\"1\" href=\"https:\/\/packaging-journal.de\/en\/newsletter\/\" rel=\"noopener\" class=\"a2t-link\" target=\"_blank\" aria-label=\"PJ Eigenwerbung English 03\"><!--noptimize--><img src=\"https:\/\/packaging-journal.de\/wp-content\/uploads\/2026\/01\/PJ-Eigenwerbung-English-03.png\" alt=\"\"  srcset=\"https:\/\/packaging-journal.de\/wp-content\/uploads\/2026\/01\/PJ-Eigenwerbung-English-03.png 840w, https:\/\/packaging-journal.de\/wp-content\/uploads\/2026\/01\/PJ-Eigenwerbung-English-03-300x75.png 300w, https:\/\/packaging-journal.de\/wp-content\/uploads\/2026\/01\/PJ-Eigenwerbung-English-03-768x192.png 768w, https:\/\/packaging-journal.de\/wp-content\/uploads\/2026\/01\/PJ-Eigenwerbung-English-03-18x5.png 18w, https:\/\/packaging-journal.de\/wp-content\/uploads\/2026\/01\/PJ-Eigenwerbung-English-03-332x83.png 332w, https:\/\/packaging-journal.de\/wp-content\/uploads\/2026\/01\/PJ-Eigenwerbung-English-03-664x166.png 664w, https:\/\/packaging-journal.de\/wp-content\/uploads\/2026\/01\/PJ-Eigenwerbung-English-03-688x172.png 688w\" sizes=\"(max-width: 840px) 100vw, 840px\" width=\"840\" height=\"210\"  style=\" max-width: 100%; height: auto;\" \/><!--\/noptimize--><\/a><\/div><\/div>\n<h2>Verpackungstechnik f\u00f6rdert Lebensmittelsicherheit<\/h2>\n<p><strong>Verpackung<\/strong> ist auch deshalb eines der gro\u00dfen Themen auf der IFFA, weil es direkt mit Fragen der <strong>Lebensmittelsicherheit<\/strong> verkn\u00fcpft ist. Darauf hat Richard Clemens, Gesch\u00e4ftsf\u00fchrer des VDMA-Fachverbandes Nahrungsmittelmaschinen und Verpackungsmaschinen, im Vorfeld der IFFA hingewiesen. Verpackungstechnikunternehmen stellten L\u00f6sungen bereit, um mikrobiologische Verunreinigungen von Lebensmitteln durch automatisierte Prozesse zu vermeiden. Als Beispiel nannte er das vollautomatische <strong>Portionieren und Einlegen<\/strong> von Filets, Steaks oder Aufschnitt in Verpackungen mithilfe von Einlegern oder Industrierobotern.<\/p>\n<figure id=\"attachment_22437\" aria-describedby=\"caption-attachment-22437\" style=\"width: 200px\" class=\"wp-caption alignnone\"><img fetchpriority=\"high\" decoding=\"async\" class=\"wp-image-22437 size-medium\" title=\"Richard Clemens, Gesch\u00e4ftsf\u00fchrer des VDMA-Fachverbandes Nahrungsmittelmaschinen und Verpackungsmaschinen (Bild: Uwe N\u00f6lke\/VDMA)\" src=\"https:\/\/packaging-journal.de\/wp-content\/uploads\/2019\/04\/12-IFFA-2019-Food-Safety-Richard-Clemens-200x300.jpg\" alt=\"Richard Clemens, Gesch\u00e4ftsf\u00fchrer des VDMA-Fachverbandes Nahrungsmittelmaschinen und Verpackungsmaschinen (Bild: Uwe N\u00f6lke\/VDMA)\" width=\"200\" height=\"300\" \/><figcaption id=\"caption-attachment-22437\" class=\"wp-caption-text\">Richard Clemens, Gesch\u00e4ftsf\u00fchrer des VDMA-Fachverbandes Nahrungsmittelmaschinen und Verpackungsmaschinen (Bild: Uwe N\u00f6lke\/VDMA)<\/figcaption><\/figure>\n<p>Fremdk\u00f6rper in Lebensmitteln k\u00f6nnten wiederum durch <strong>Inspektionssysteme<\/strong>, die mit <strong>Kontrollwaagen<\/strong> gekoppelt sind, erkannt werden, sodass die verunreinigten Lebensmittel ausgeschleust werden, bevor sie in die Verpackung gelangen.<\/p><div id=\"packa-989358988\" class=\"packa-inhalt\"><!--noptimize--><script async src=\"https:\/\/pagead2.googlesyndication.com\/pagead\/js\/adsbygoogle.js?client=ca-pub-2686439340972671\" crossorigin=\"anonymous\"><\/script>\r\n<ins class=\"adsbygoogle\" style=\"display:block;text-align:center\" data-ad-layout=\"in-article\" data-ad-format=\"fluid\" data-ad-client=\"ca-pub-2686439340972671\" data-ad-slot=\"6171251825\"><\/ins>\r\n<script>\r\n     (adsbygoogle = window.adsbygoogle || []).push({});\r\n<\/script><!--\/noptimize--><\/div>\n<h2>Nachhaltigkeit und Recyclingf\u00e4higkeit sind wichtig<\/h2>\n<p>Bei den ausstellenden <strong>Packaging-Unternehmen<\/strong> werden die beiden Haupttrends der vergangenen Monate eine gro\u00dfe Rolle spielen: die Reduzierung des Packstoffeinsatzes und die vermehrte Herstellung recyclingf\u00e4higer Verpackungen. Beide Themen stehen im Zusammenhang mit der EU-Plastikstrategie und dem zum Jahresbeginn in Kraft getretenen deutschen Verpackungsgesetz.<\/p>\n<figure id=\"attachment_22438\" aria-describedby=\"caption-attachment-22438\" style=\"width: 580px\" class=\"wp-caption alignnone\"><img decoding=\"async\" class=\"wp-image-22438\" title=\"Anlagen f\u00fcr Skinverpackungen f\u00fcr Fleisch- und Wurstwaren (Bild: Messe Frankfurt Exhibition GmbH)\" src=\"https:\/\/packaging-journal.de\/wp-content\/uploads\/2019\/04\/06-IFFA-2019-Trends-Verpackung.jpg\" alt=\"Anlagen f\u00fcr Skinverpackungen f\u00fcr Fleisch- und Wurstwaren (Bild: Messe Frankfurt Exhibition GmbH)\" width=\"580\" height=\"326\" srcset=\"https:\/\/packaging-journal.de\/wp-content\/uploads\/2019\/04\/06-IFFA-2019-Trends-Verpackung.jpg 1200w, https:\/\/packaging-journal.de\/wp-content\/uploads\/2019\/04\/06-IFFA-2019-Trends-Verpackung-600x338.jpg 600w, https:\/\/packaging-journal.de\/wp-content\/uploads\/2019\/04\/06-IFFA-2019-Trends-Verpackung-300x169.jpg 300w, https:\/\/packaging-journal.de\/wp-content\/uploads\/2019\/04\/06-IFFA-2019-Trends-Verpackung-768x432.jpg 768w, https:\/\/packaging-journal.de\/wp-content\/uploads\/2019\/04\/06-IFFA-2019-Trends-Verpackung-1024x576.jpg 1024w, https:\/\/packaging-journal.de\/wp-content\/uploads\/2019\/04\/06-IFFA-2019-Trends-Verpackung-813x457.jpg 813w, https:\/\/packaging-journal.de\/wp-content\/uploads\/2019\/04\/06-IFFA-2019-Trends-Verpackung-180x101.jpg 180w, https:\/\/packaging-journal.de\/wp-content\/uploads\/2019\/04\/06-IFFA-2019-Trends-Verpackung-260x146.jpg 260w, https:\/\/packaging-journal.de\/wp-content\/uploads\/2019\/04\/06-IFFA-2019-Trends-Verpackung-373x210.jpg 373w, https:\/\/packaging-journal.de\/wp-content\/uploads\/2019\/04\/06-IFFA-2019-Trends-Verpackung-120x67.jpg 120w\" sizes=\"(max-width: 580px) 100vw, 580px\" \/><figcaption id=\"caption-attachment-22438\" class=\"wp-caption-text\">Anlagen f\u00fcr Skinverpackungen f\u00fcr Fleisch- und Wurstwaren gibt es auch auf der IFFA 2019 zu sehen. (Bild: Messe Frankfurt Exhibition GmbH)<\/figcaption><\/figure>\n<p>In Frankfurt werden deshalb zahlreiche L\u00f6sungen zur <strong>Herstellung von Leichtverpackungen<\/strong> zu sehen sein. Leichtverpackungen k\u00f6nnen mittlerweile sogar bessere Verpackungsleistungen aufweisen als herk\u00f6mmliche L\u00f6sungen. Zugleich werden sie aus nachhaltigen Folienmaterialien hergestellt und mit modernen Verarbeitungstechnologien materialsparend verarbeitet.<\/p>\n<p>Die veranstaltende Messe Frankfurt verweist auf weitere Verpackungstrends, die auf der IFFA gezeigt werden: <strong>Skinverpackungen<\/strong> mit Produkttr\u00e4gern aus Karton, <strong>Schutzgasverpackungen<\/strong> f\u00fcr l\u00e4nger haltbare Fleisch- und Wurstwaren sowie<strong> \u201esmarte\u201c Verpackungen<\/strong>, die Auskunft \u00fcber den Qualit\u00e4tszustand oder den Frischegrad des enthaltenen Lebensmittels geben.<\/p>\n[infotext icon]\n<h2>\u201eVerpackungstag\u201c auf dem IFFA-Forum<\/h2>\n<p>Hochkar\u00e4tig ist traditionell auch das Vortragsprogramm auf dem <a href=\"https:\/\/iffa.messefrankfurt.com\/frankfurt\/de\/themen-events\/events.html#forum\" target=\"_blank\" rel=\"noopener noreferrer\">IFFA-Forum in Halle 11<\/a>. Es bietet jeden Tag Diskussionsbeitr\u00e4ge zu jeweils einem Topthema. Am Mittwoch, 8. Mai, geht es um die aktuellen Trends der Lebensmittelverpackung. Erstmals bietet die Messe Frankfurt gef\u00fchrte Messerundg\u00e4nge zu den Forumsthemen an, die \u201eIFFA Discovery Tours\u201c.[\/infotext]\n","protected":false},"excerpt":{"rendered":"Packaging plays a major role at IFFA 2019, the trade fair for the meat industry taking place in Frankfurt am Main from 4 to 9 May 2019. Product solutions, services and innovations for all process steps in meat processing will be on show.","protected":false},"author":1,"featured_media":22439,"comment_status":"closed","ping_status":"open","sticky":false,"template":"","format":"standard","meta":{"_acf_changed":false,"__cvm_playback_settings":[],"__cvm_video_id":"","rank_math_description":"","rank_math_focus_keyword":"","rank_math_title":"","csco_display_header_overlay":false,"csco_singular_sidebar":"","csco_page_header_type":"","csco_page_load_nextpost":"","csco_post_video_location":[],"csco_post_video_location_hash":"","csco_post_video_url":"","csco_post_video_bg_start_time":0,"csco_post_video_bg_end_time":0,"footnotes":"","_links_to":"","_links_to_target":""},"categories":[28,7],"tags":[78,38,33],"class_list":{"0":"post-22436","1":"post","2":"type-post","3":"status-publish","4":"format-standard","5":"has-post-thumbnail","7":"category-aus-dem-magazin","8":"category-messen-und-veranstaltungen","9":"tag-iffa","10":"tag-lebensmittel","11":"tag-veranstaltungen","12":"cs-entry","13":"cs-video-wrap"},"acf":[],"vimeo_video":null,"_links":{"self":[{"href":"https:\/\/packaging-journal.de\/en\/wp-json\/wp\/v2\/posts\/22436","targetHints":{"allow":["GET"]}}],"collection":[{"href":"https:\/\/packaging-journal.de\/en\/wp-json\/wp\/v2\/posts"}],"about":[{"href":"https:\/\/packaging-journal.de\/en\/wp-json\/wp\/v2\/types\/post"}],"author":[{"embeddable":true,"href":"https:\/\/packaging-journal.de\/en\/wp-json\/wp\/v2\/users\/1"}],"replies":[{"embeddable":true,"href":"https:\/\/packaging-journal.de\/en\/wp-json\/wp\/v2\/comments?post=22436"}],"version-history":[{"count":0,"href":"https:\/\/packaging-journal.de\/en\/wp-json\/wp\/v2\/posts\/22436\/revisions"}],"wp:featuredmedia":[{"embeddable":true,"href":"https:\/\/packaging-journal.de\/en\/wp-json\/wp\/v2\/media\/22439"}],"wp:attachment":[{"href":"https:\/\/packaging-journal.de\/en\/wp-json\/wp\/v2\/media?parent=22436"}],"wp:term":[{"taxonomy":"category","embeddable":true,"href":"https:\/\/packaging-journal.de\/en\/wp-json\/wp\/v2\/categories?post=22436"},{"taxonomy":"post_tag","embeddable":true,"href":"https:\/\/packaging-journal.de\/en\/wp-json\/wp\/v2\/tags?post=22436"}],"curies":[{"name":"wp","href":"https:\/\/api.w.org\/{rel}","templated":true}]}}