{"id":22831,"date":"2019-04-22T10:03:01","date_gmt":"2019-04-22T08:03:01","guid":{"rendered":"https:\/\/packaging-journal.de\/?p=22831"},"modified":"2019-04-24T14:45:19","modified_gmt":"2019-04-24T12:45:19","slug":"pacoon-solpack-3-0-international-conference-for-sustainable-packaging","status":"publish","type":"post","link":"https:\/\/packaging-journal.de\/en\/pacoon-solpack-3-0-internationale-konferenz-fuer-nachhaltige-verpackungen\/","title":{"rendered":"Pacoon invites you to the third international conference on sustainable packaging"},"content":{"rendered":"<p>\u201eWir tun es schon wieder!\u201c, k\u00fcndigt die Designagentur f\u00fcr nachhaltige Verpackungen Pacoon an. Mit der \u201eSolpack 3.0\u201c l\u00e4dt Pacoon, M\u00fcnchener Designagentur mit Office in Hamburg, zur bereits dritten internationalen Konferenz f\u00fcr nachhaltige Verpackungen ein \u2013 am Mittwoch und Donnerstag, 5. und 6. Juni 2019, in Hamburg.<\/p>\n<p>Mehr als 150 Teilnehmerinnen und Teilnehmer erwartet die veranstaltende Agentur bei der <strong>Solpack 3.0<\/strong>. Das\u00a0 Branchenevent im Hamburger HSBA-Campus soll ein weiteres Mal Impulse f\u00fcr die Diskussion rund um <strong>Nachhaltigkeit<\/strong> \u00fcber die gesamte <strong>Supply-Chain der Packaging-Branche<\/strong> hinweg geben.<\/p>\n<h2>Welche Themen bestimmen die Diskussion?<\/h2>\n<p>Welche Themen bestimmen die aktuelle Diskussion? Was wird in Zukunft wichtig? Das erfahren die Zuh\u00f6renden in verschiedenen Vortr\u00e4gen. Derzeit erarbeitet das Vorbereitungsteam um Agenturleiter <strong>Peter D\u00e9silets<\/strong> noch das genaue Programm.<\/p><div class=\"packa-in-post-alle\" style=\"text-align: center;\" id=\"packa-585007203\"><div id=\"packa-2243489726\"><a data-no-instant=\"1\" href=\"https:\/\/packaging-journal.de\/en\/newsletter\/\" rel=\"noopener\" class=\"a2t-link\" target=\"_blank\" aria-label=\"PJ Eigenwerbung English 03\"><!--noptimize--><img src=\"https:\/\/packaging-journal.de\/wp-content\/uploads\/2026\/01\/PJ-Eigenwerbung-English-03.png\" alt=\"\"  srcset=\"https:\/\/packaging-journal.de\/wp-content\/uploads\/2026\/01\/PJ-Eigenwerbung-English-03.png 840w, https:\/\/packaging-journal.de\/wp-content\/uploads\/2026\/01\/PJ-Eigenwerbung-English-03-300x75.png 300w, https:\/\/packaging-journal.de\/wp-content\/uploads\/2026\/01\/PJ-Eigenwerbung-English-03-768x192.png 768w, https:\/\/packaging-journal.de\/wp-content\/uploads\/2026\/01\/PJ-Eigenwerbung-English-03-18x5.png 18w, https:\/\/packaging-journal.de\/wp-content\/uploads\/2026\/01\/PJ-Eigenwerbung-English-03-332x83.png 332w, https:\/\/packaging-journal.de\/wp-content\/uploads\/2026\/01\/PJ-Eigenwerbung-English-03-664x166.png 664w, https:\/\/packaging-journal.de\/wp-content\/uploads\/2026\/01\/PJ-Eigenwerbung-English-03-688x172.png 688w\" sizes=\"(max-width: 840px) 100vw, 840px\" width=\"840\" height=\"210\"  style=\" max-width: 100%; height: auto;\" \/><!--\/noptimize--><\/a><\/div><\/div>\n<figure id=\"attachment_11752\" aria-describedby=\"caption-attachment-11752\" style=\"width: 500px\" class=\"wp-caption alignnone\"><img fetchpriority=\"high\" decoding=\"async\" class=\"wp-image-11752\" title=\"Peter D\u00e9silets (Bild: Pacoon)\" src=\"https:\/\/packaging-journal.de\/wp-content\/uploads\/2018\/06\/Enthuellt_Pacoon_PeterDesilets_237.jpg\" alt=\"Peter D\u00e9silets (Bild: Pacoon)\" width=\"500\" height=\"333\" srcset=\"https:\/\/packaging-journal.de\/wp-content\/uploads\/2018\/06\/Enthuellt_Pacoon_PeterDesilets_237.jpg 1536w, https:\/\/packaging-journal.de\/wp-content\/uploads\/2018\/06\/Enthuellt_Pacoon_PeterDesilets_237-600x400.jpg 600w, https:\/\/packaging-journal.de\/wp-content\/uploads\/2018\/06\/Enthuellt_Pacoon_PeterDesilets_237-300x200.jpg 300w, https:\/\/packaging-journal.de\/wp-content\/uploads\/2018\/06\/Enthuellt_Pacoon_PeterDesilets_237-768x512.jpg 768w, https:\/\/packaging-journal.de\/wp-content\/uploads\/2018\/06\/Enthuellt_Pacoon_PeterDesilets_237-1024x683.jpg 1024w, https:\/\/packaging-journal.de\/wp-content\/uploads\/2018\/06\/Enthuellt_Pacoon_PeterDesilets_237-1320x880.jpg 1320w\" sizes=\"(max-width: 500px) 100vw, 500px\" \/><figcaption id=\"caption-attachment-11752\" class=\"wp-caption-text\">Peter D\u00e9silets, Leiter Agentur Pacoon. (Bild: Pacoon)<\/figcaption><\/figure>\n<p>Einige Themenschwerpunkte stehen bereits fest. Die Auswirkungen des neuen <strong>Verpackungsgesetzes<\/strong> werden am erstem Veranstaltungstag er\u00f6rtert. Dann geht es auch um neue Technologien im <strong>Recyclingprozess<\/strong>, Zertifikatsoptionen f\u00fcr die internationale Recyclingf\u00e4higkeit und Neuentwicklungen bei <strong>recyclingfreundlichen Kunststoffen<\/strong>. Am zweiten Tag wenden sich die Vortragenden dann den Packstoffen Papier, Pappe und Karton zu und befassen sich mit faserbasierten Barrierematerialien.<\/p>\n[infotext icon]\n<h2>Hier erhalten Sie weitere Informationen<\/h2>\n<p>Das aktuelle Programm der Konferenz und Anmeldem\u00f6glichkeiten finden Sie im Internet-Angebot des <a href=\"https:\/\/www.pacoon.de\/solpack-30\" target=\"_blank\" rel=\"noopener noreferrer\">Veranstalters Pacoon<\/a>.<\/p><div id=\"packa-2464014368\" class=\"packa-inhalt\"><!--noptimize--><script async src=\"https:\/\/pagead2.googlesyndication.com\/pagead\/js\/adsbygoogle.js?client=ca-pub-2686439340972671\" crossorigin=\"anonymous\"><\/script>\r\n<ins class=\"adsbygoogle\" style=\"display:block;text-align:center\" data-ad-layout=\"in-article\" data-ad-format=\"fluid\" data-ad-client=\"ca-pub-2686439340972671\" data-ad-slot=\"6171251825\"><\/ins>\r\n<script>\r\n     (adsbygoogle = window.adsbygoogle || []).push({});\r\n<\/script><!--\/noptimize--><\/div>\n[\/infotext]\n<h2>Viele praktische Beispiele nachhaltiger Strategien<\/h2>\n<p>An allen Tagen illustrieren praktische <strong>Anwendungsbeispiele<\/strong> nachhaltiger Strategien, Packungen und Produkte die grunds\u00e4tzlichen Informationen aus den Vortr\u00e4gen.<\/p>\n<figure id=\"attachment_22835\" aria-describedby=\"caption-attachment-22835\" style=\"width: 500px\" class=\"wp-caption alignnone\"><img decoding=\"async\" class=\"size-full wp-image-22835\" src=\"https:\/\/packaging-journal.de\/wp-content\/uploads\/2019\/04\/SOLPACK_2.jpg\" alt=\"Impressionen von der Solpack\" width=\"500\" height=\"332\" srcset=\"https:\/\/packaging-journal.de\/wp-content\/uploads\/2019\/04\/SOLPACK_2.jpg 500w, https:\/\/packaging-journal.de\/wp-content\/uploads\/2019\/04\/SOLPACK_2-300x199.jpg 300w\" sizes=\"(max-width: 500px) 100vw, 500px\" \/><figcaption id=\"caption-attachment-22835\" class=\"wp-caption-text\">Ein vielf\u00e4ltiges Vortragsprogramm erwartet die G\u00e4ste der Solpack 3.0. (Bild: Pacoon)<\/figcaption><\/figure>\n<p>Reichlich Gelegenheit bietet die Solpack 3.0 den Teilnehmern auch zum <strong>Networking<\/strong>. Am Abend des ersten Veranstaltungstages bietet eine gro\u00dfe Abendveranstaltung die M\u00f6glichkeit zum geselligen Beisammensein.<\/p>\n<p>Die Organisation der Solpack 3.0 wird unterst\u00fctzt durch das Bio2Pack-Netzwerk, den Umweltcluster Bayern und den Premium-Sponsor Mets\u00e4 Board. Das <strong>packaging journal<\/strong> ist als Mediapartner dabei.<\/p>\n","protected":false},"excerpt":{"rendered":"The Hamburg-based design agency Pacoon invites you to the third international conference for sustainable packaging \u201eSolpack 3.0\u201c on 5 and 6 June 2019 in Hamburg. The aim is to stimulate discussion about sustainability across the entire supply chain of the packaging industry.","protected":false},"author":1,"featured_media":22834,"comment_status":"closed","ping_status":"open","sticky":false,"template":"","format":"standard","meta":{"_acf_changed":false,"__cvm_playback_settings":[],"__cvm_video_id":"","rank_math_description":"","rank_math_focus_keyword":"","rank_math_title":"","csco_display_header_overlay":false,"csco_singular_sidebar":"","csco_page_header_type":"","csco_page_load_nextpost":"","csco_post_video_location":[],"csco_post_video_location_hash":"","csco_post_video_url":"","csco_post_video_bg_start_time":0,"csco_post_video_bg_end_time":0,"footnotes":"","_links_to":"","_links_to_target":""},"categories":[7,23],"tags":[46,31,33],"class_list":{"0":"post-22831","1":"post","2":"type-post","3":"status-publish","4":"format-standard","5":"has-post-thumbnail","7":"category-messen-und-veranstaltungen","8":"category-marketing-und-design","9":"tag-marketing-und-design","10":"tag-nachhaltigkeit-und-green-packaging","11":"tag-veranstaltungen","12":"cs-entry","13":"cs-video-wrap"},"acf":[],"vimeo_video":null,"_links":{"self":[{"href":"https:\/\/packaging-journal.de\/en\/wp-json\/wp\/v2\/posts\/22831","targetHints":{"allow":["GET"]}}],"collection":[{"href":"https:\/\/packaging-journal.de\/en\/wp-json\/wp\/v2\/posts"}],"about":[{"href":"https:\/\/packaging-journal.de\/en\/wp-json\/wp\/v2\/types\/post"}],"author":[{"embeddable":true,"href":"https:\/\/packaging-journal.de\/en\/wp-json\/wp\/v2\/users\/1"}],"replies":[{"embeddable":true,"href":"https:\/\/packaging-journal.de\/en\/wp-json\/wp\/v2\/comments?post=22831"}],"version-history":[{"count":0,"href":"https:\/\/packaging-journal.de\/en\/wp-json\/wp\/v2\/posts\/22831\/revisions"}],"wp:featuredmedia":[{"embeddable":true,"href":"https:\/\/packaging-journal.de\/en\/wp-json\/wp\/v2\/media\/22834"}],"wp:attachment":[{"href":"https:\/\/packaging-journal.de\/en\/wp-json\/wp\/v2\/media?parent=22831"}],"wp:term":[{"taxonomy":"category","embeddable":true,"href":"https:\/\/packaging-journal.de\/en\/wp-json\/wp\/v2\/categories?post=22831"},{"taxonomy":"post_tag","embeddable":true,"href":"https:\/\/packaging-journal.de\/en\/wp-json\/wp\/v2\/tags?post=22831"}],"curies":[{"name":"wp","href":"https:\/\/api.w.org\/{rel}","templated":true}]}}