{"id":22909,"date":"2019-04-29T15:19:17","date_gmt":"2019-04-29T13:19:17","guid":{"rendered":"https:\/\/packaging-journal.de\/?p=22909"},"modified":"2019-04-29T18:55:34","modified_gmt":"2019-04-29T16:55:34","slug":"packaging-register-lucid-difficult-start-for-farmers-and-winegrowers","status":"publish","type":"post","link":"https:\/\/packaging-journal.de\/en\/verpackungsregister-lucid-beschwerlicher-start-fuer-bauern-und-winzer\/","title":{"rendered":"Registration in LUCID did not go smoothly for many farmers and winegrowers"},"content":{"rendered":"<p>Ein gutes Vierteljahr ist das Verpackungsgesetz in Kraft. Wie klappen die Meldungen ans Zentrale Verpackungsregister LUCID und die Dualen Systeme in der Praxis? Das packaging journal hat beim Bauern- und Winzerverband Rheinland-Nassau (BWV) nachgefragt. Dort verlief der Aufbruch in die neuen Verpackungszeiten beschwerlich, weil ein Duales System ausfiel.<\/p>\n<p><strong>Landwirte<\/strong> und <strong>Weinbauern<\/strong> mit Direktvertrieb oder einem Hofladen verkaufen verpackte Produkte an Endkunden. Sie m\u00fcssen ihre Verpackungsmengen beim <strong>Verpackungsregister LUCID<\/strong> melden und sich einem Dualen System anschlie\u00dfen. Viele Mitgliedsunternehmen des BWV waren gezwungen, sich noch einmal bei einem <strong>Dualen Lizenzierer<\/strong> anzumelden. Der Mehraufwand wurde n\u00f6tig, weil das System <strong>RKD Recycling Kontor Dual<\/strong> den Bereich der Lizenzierung Ende M\u00e4rz eingestellt hat.<\/p>\n<h2>Bessere Preise durch Rahmenvertr\u00e4ge<\/h2>\n<p>Die Bauern und Winzer wollten die g\u00fcnstigen Konditionen des <strong>Rahmenvertrags<\/strong> nutzen, den der BWV mit RKD ausgehandelt hatte, berichtet BWV-Vertriebsleiterin <strong>Dr. Petra Paul<\/strong>. Aber nach der Mitteilung, dass RKD den Bereich der Lizenzierung einstellt, musste der BWV erneut ein Duales System als Partner suchen.<\/p><div class=\"packa-in-post-alle\" style=\"text-align: center;\" id=\"packa-4011503540\"><div id=\"packa-2249546231\"><a data-no-instant=\"1\" href=\"https:\/\/packaging-journal.de\/en\/newsletter\/\" rel=\"noopener\" class=\"a2t-link\" target=\"_blank\" aria-label=\"PJ Eigenwerbung English 03\"><!--noptimize--><img src=\"https:\/\/packaging-journal.de\/wp-content\/uploads\/2026\/01\/PJ-Eigenwerbung-English-03.png\" alt=\"\"  srcset=\"https:\/\/packaging-journal.de\/wp-content\/uploads\/2026\/01\/PJ-Eigenwerbung-English-03.png 840w, https:\/\/packaging-journal.de\/wp-content\/uploads\/2026\/01\/PJ-Eigenwerbung-English-03-300x75.png 300w, https:\/\/packaging-journal.de\/wp-content\/uploads\/2026\/01\/PJ-Eigenwerbung-English-03-768x192.png 768w, https:\/\/packaging-journal.de\/wp-content\/uploads\/2026\/01\/PJ-Eigenwerbung-English-03-18x5.png 18w, https:\/\/packaging-journal.de\/wp-content\/uploads\/2026\/01\/PJ-Eigenwerbung-English-03-332x83.png 332w, https:\/\/packaging-journal.de\/wp-content\/uploads\/2026\/01\/PJ-Eigenwerbung-English-03-664x166.png 664w, https:\/\/packaging-journal.de\/wp-content\/uploads\/2026\/01\/PJ-Eigenwerbung-English-03-688x172.png 688w\" sizes=\"(max-width: 840px) 100vw, 840px\" width=\"840\" height=\"210\"  style=\" max-width: 100%; height: auto;\" \/><!--\/noptimize--><\/a><\/div><\/div>\n<figure id=\"attachment_22910\" aria-describedby=\"caption-attachment-22910\" style=\"width: 435px\" class=\"wp-caption alignnone\"><img fetchpriority=\"high\" decoding=\"async\" class=\"wp-image-22910\" title=\"Moderne industrielle Abf\u00fcllanlage (Bild: Gerd Knebel)\" src=\"https:\/\/packaging-journal.de\/wp-content\/uploads\/2019\/04\/fuellung-ML-2018.jpg\" alt=\"Moderne industrielle Abf\u00fcllanlage (Bild: Gerd Knebel)\" width=\"435\" height=\"580\" srcset=\"https:\/\/packaging-journal.de\/wp-content\/uploads\/2019\/04\/fuellung-ML-2018.jpg 900w, https:\/\/packaging-journal.de\/wp-content\/uploads\/2019\/04\/fuellung-ML-2018-600x800.jpg 600w, https:\/\/packaging-journal.de\/wp-content\/uploads\/2019\/04\/fuellung-ML-2018-225x300.jpg 225w, https:\/\/packaging-journal.de\/wp-content\/uploads\/2019\/04\/fuellung-ML-2018-768x1024.jpg 768w\" sizes=\"(max-width: 435px) 100vw, 435px\" \/><figcaption id=\"caption-attachment-22910\" class=\"wp-caption-text\">Da geht es rund: In modernen Weinbaubetrieben nimmt die Abf\u00fcllanlage industrielle Ausma\u00dfe an. Die bef\u00fcllten Weinflaschen samt Verschl\u00fcssen m\u00fcssen dem Verpackungsregister und einem Dualen System gemeldet werden. (Bild: Gerd Knebel)<\/figcaption><\/figure>\n<p>Der Verband \u00fcbernahm die Suche nach einem Lizenzierer als zus\u00e4tzlichen Service f\u00fcr seine Mitglieder. Diese sparen Zeit, wenn sie auf einen vom Verband gepr\u00fcften Rahmenvertrag zur\u00fcckgreifen k\u00f6nnen. Au\u00dferdem profitieren sie von deutlich g\u00fcnstigeren Preisen, da mit dem Dualen System \u00fcber h\u00f6here <strong>Abnahmemengen<\/strong> verhandelt werden konnte.<\/p>\n<h2>Erheblicher Beratungsbedarf<\/h2>\n<p>Mit ihrem Team beim BWV stand Dr. Petra Paul in den ersten Monaten des Jahres im engen Kontakt mit ihren Verbandsmitgliedern, dem Verpackungsregister und den Dualen Systemen. Viele Fragen mussten beantwortet, <strong>Unterst\u00fctzung<\/strong> geleistet und <strong>Unklarheiten<\/strong> beseitigt werden. \u201eDas hat hier f\u00fcr viele Wochen Arbeitskr\u00e4fte gebunden\u201c, erinnert sie sich.<\/p><div id=\"packa-1089929290\" class=\"packa-inhalt\"><!--noptimize--><script async src=\"https:\/\/pagead2.googlesyndication.com\/pagead\/js\/adsbygoogle.js?client=ca-pub-2686439340972671\" crossorigin=\"anonymous\"><\/script>\r\n<ins class=\"adsbygoogle\" style=\"display:block;text-align:center\" data-ad-layout=\"in-article\" data-ad-format=\"fluid\" data-ad-client=\"ca-pub-2686439340972671\" data-ad-slot=\"6171251825\"><\/ins>\r\n<script>\r\n     (adsbygoogle = window.adsbygoogle || []).push({});\r\n<\/script><!--\/noptimize--><\/div>\n[infotext icon]\n<h2>So beurteilen die Dualen Systeme den Verpackungsregister-Start<\/h2>\n<p>Wie verlief der der Start des Verpackungsregisters LUCID aus Sicht der Dualen Systeme? Wir haben bei einigen von Ihnen <a href=\"https:\/\/packaging-journal.de\/zwischenbilanz-vier-monate-verpackungsregister-lucid\" target=\"_blank\" rel=\"noopener noreferrer\">nachgefragt<\/a>. Grunds\u00e4tzlich zeigten sie sich zufrieden, berichteten aber von dem ein oder anderen Problem.<\/p>\n[\/infotext]\n<p>Den gr\u00f6\u00dften Raum in den Beratungen nahmen die konkreten Meldepflichten ein. Gemeldet werden m\u00fcssen alle <strong>Packmittelmengen<\/strong>, getrennt nach den einzelnen Materialfraktionen wie Glas, Pappe, Eisenmetalle, Kunststoffe und weiteren. In den Betrieben bindet diese Prozedur viel Zeit und Arbeitskr\u00e4fte.<br \/>\nSchnell zeigte sich, dass der Teufel wie immer im Detail steckt. Der BWV entdeckte <strong>Zweifelsf\u00e4lle<\/strong> wie die nicht hinreichende Definition von <strong>Verpackungsfolien f\u00fcr Rundballen<\/strong> oder auch die fehlende <strong>Ber\u00fccksichtigung von Sisalschn\u00fcren<\/strong> im Katalog f\u00fcr die Systembeteiligungspflicht. Hier wurde in LUCID nachgebessert.<\/p>\n<h2>B\u00fcrokratie hat zugenommen<\/h2>\n<p>Mittlerweile k\u00f6nne man sagen, dass die grundlegenden Prozesse gut funktionieren, res\u00fcmiert die BVW-Vertriebsleiterin. Der <strong>Verwaltungsaufwand<\/strong> f\u00fcr die Unternehmen sei gestiegen. Bis voriges Jahr musste lediglich an die Dualen Systeme gemeldet werden. Die Meldungen an LUCID k\u00e4men nun hinzu.<\/p>\n<blockquote><p><img decoding=\"async\" class=\"alignnone wp-image-22912\" title=\"Dr. Petra Paul, Vertriebsleiterin des Bauern- und Winzerverbands Rheinland-Nassau (Bild: privat)\" src=\"https:\/\/packaging-journal.de\/wp-content\/uploads\/2019\/04\/Petra-Paul-Passbild-.jpg\" alt=\"Dr. Petra Paul, Vertriebsleiterin des Bauern- und Winzerverbands Rheinland-Nassau (Bild: privat)\" width=\"381\" height=\"491\" srcset=\"https:\/\/packaging-journal.de\/wp-content\/uploads\/2019\/04\/Petra-Paul-Passbild-.jpg 471w, https:\/\/packaging-journal.de\/wp-content\/uploads\/2019\/04\/Petra-Paul-Passbild--233x300.jpg 233w\" sizes=\"(max-width: 381px) 100vw, 381px\" \/><\/p>\n<p>\u201eEs wird immer mehr B\u00fcrokratie!\u201c<br \/>\n<strong>Dr. Petra Paul<\/strong>, Vertriebsleiterin des Bauern- und Winzerverbands Rheinland-Nassau<\/p><\/blockquote>\n<p>Als das Verpackungsregister im vorigen Herbst nach der verz\u00f6gerten Bereitstellung der notwendigen <strong>Software<\/strong> langsam startete, war es f\u00fcr die Bauern und Winzer im BWV ein denkbar ung\u00fcnstiger Zeitpunkt, um sich um die ordentliche Registrierung und die Meldungen zu k\u00fcmmern. F\u00fcr die Winzer stand die Weinlese an. Dennoch waren sie gezwungen, sich Zeit f\u00fcr Verwaltungsarbeiten zu nehmen, weil sonst laut Verpackungsgesetz hohe <strong>Bu\u00dfgelder<\/strong> drohten.<\/p>\n<h2>Die fehlende Kennnummer<\/h2>\n<p>Wollten sie die nur online m\u00f6gliche Registrierung bei LUCID dann doch vornehmen und verf\u00fcgten \u00fcber den daf\u00fcr notwendigen <strong>Internetanschluss<\/strong> \u2013 bei kleinen Winzer- und Landwirtsbetrieben nicht selbstverst\u00e4ndlich! \u2013, standen sie vor einer un\u00fcberwindbaren H\u00fcrde: Denn verlangt wurde die \u201enationale Kennung\u201c ihres Unternehmens, also eine <strong>Handelsregister- oder Vereinsregisternummer<\/strong>. \u201eIn diesem Punkt war das Verpackungsregister nicht praxisreif\u201c, stellt Dr. Petra Paul fest. Bauern und Winzer haben nichts dergleichen. Der BWV erreichte, dass das Verpackungsregister nun auch eine <strong>Berufsgenossenschaftsnummer<\/strong> akzeptiert.<\/p>\n[infotext icon]\n<h2>Berufsst\u00e4ndische Vertretung der Land- und Forstwirte<\/h2>\n<p>Der Bauern- und Winzerverband Rheinland-Nassau ist die berufsst\u00e4ndische Vertretung der Land- und Forstwirte sowie der Weinbauern an Rhein, Mosel, Nahe und Ahr sowie in den Regionen Eifel, Hunsr\u00fcck, Westerwald und Taunus. Insgesamt haben sich 17.000 selbstst\u00e4ndige Betriebe dem Verband angeschlossen, 6.000 davon sind Winzer.<br \/>\n<a href=\"https:\/\/www.bwv-net.de\/\" target=\"_blank\" rel=\"noopener noreferrer\">http:\/\/www.bwv-net.de<\/a><\/p>\n[\/infotext]\n","protected":false},"excerpt":{"rendered":"The members of the Rhineland-Nassau Farmers' and Vintners' Association learnt about the stumbling blocks that can await them when registering for the LUCID packaging register. They had to find a new dual system at short notice.","protected":false},"author":1,"featured_media":22911,"comment_status":"closed","ping_status":"open","sticky":false,"template":"","format":"standard","meta":{"_acf_changed":false,"__cvm_playback_settings":[],"__cvm_video_id":"","rank_math_description":"","rank_math_focus_keyword":"","rank_math_title":"","csco_display_header_overlay":false,"csco_singular_sidebar":"","csco_page_header_type":"","csco_page_load_nextpost":"","csco_post_video_location":[],"csco_post_video_location_hash":"","csco_post_video_url":"","csco_post_video_bg_start_time":0,"csco_post_video_bg_end_time":0,"footnotes":"","_links_to":"","_links_to_target":""},"categories":[1,28,114],"tags":[65,43,48],"class_list":{"0":"post-22909","1":"post","2":"type-post","3":"status-publish","4":"format-standard","5":"has-post-thumbnail","7":"category-allgemein","8":"category-aus-dem-magazin","9":"category-aus-den-unternehmen-news","10":"tag-abfalltechnik-und-recycling","11":"tag-aus-den-unternehmen","12":"tag-getraenke","13":"cs-entry","14":"cs-video-wrap"},"acf":[],"vimeo_video":null,"_links":{"self":[{"href":"https:\/\/packaging-journal.de\/en\/wp-json\/wp\/v2\/posts\/22909","targetHints":{"allow":["GET"]}}],"collection":[{"href":"https:\/\/packaging-journal.de\/en\/wp-json\/wp\/v2\/posts"}],"about":[{"href":"https:\/\/packaging-journal.de\/en\/wp-json\/wp\/v2\/types\/post"}],"author":[{"embeddable":true,"href":"https:\/\/packaging-journal.de\/en\/wp-json\/wp\/v2\/users\/1"}],"replies":[{"embeddable":true,"href":"https:\/\/packaging-journal.de\/en\/wp-json\/wp\/v2\/comments?post=22909"}],"version-history":[{"count":0,"href":"https:\/\/packaging-journal.de\/en\/wp-json\/wp\/v2\/posts\/22909\/revisions"}],"wp:featuredmedia":[{"embeddable":true,"href":"https:\/\/packaging-journal.de\/en\/wp-json\/wp\/v2\/media\/22911"}],"wp:attachment":[{"href":"https:\/\/packaging-journal.de\/en\/wp-json\/wp\/v2\/media?parent=22909"}],"wp:term":[{"taxonomy":"category","embeddable":true,"href":"https:\/\/packaging-journal.de\/en\/wp-json\/wp\/v2\/categories?post=22909"},{"taxonomy":"post_tag","embeddable":true,"href":"https:\/\/packaging-journal.de\/en\/wp-json\/wp\/v2\/tags?post=22909"}],"curies":[{"name":"wp","href":"https:\/\/api.w.org\/{rel}","templated":true}]}}