{"id":22929,"date":"2019-04-26T15:16:16","date_gmt":"2019-04-26T13:16:16","guid":{"rendered":"https:\/\/packaging-journal.de\/?p=22929"},"modified":"2019-04-26T16:31:44","modified_gmt":"2019-04-26T14:31:44","slug":"empack-2019-dortmund-starts-on-8-may-2019","status":"publish","type":"post","link":"https:\/\/packaging-journal.de\/en\/empack-2019-dortmund-startet-am-8-mai-2019\/","title":{"rendered":"Empack opens its doors for the second time in Dortmund"},"content":{"rendered":"<p>Nur noch wenige Tage, dann \u00f6ffnet in Dortmund die nationale Fachmesse Empack zum zweiten Mal ihre Tore. Am Mittwoch und Donnerstag, 8. und 9. Mai 2019, pr\u00e4sentiert sich die Verpackungsmesse erstmals gemeinsam mit der \u201eLogistics &amp; Distribution\u201c.<\/p>\n<p>Nach Angaben des Veranstalters <strong>Easyfairs<\/strong> haben sich mehr als 150 ausstellende Unternehmen zur <strong>Empack Dortmund<\/strong> angemeldet. Sie sollen die gesamte Vielfalt der <strong>Verpackungsindustrie<\/strong> abbilden. Zu sehen gibt es au\u00dferdem L\u00f6sungen f\u00fcr die Intralogistik.<\/p>\n<figure id=\"attachment_18425\" aria-describedby=\"caption-attachment-18425\" style=\"width: 579px\" class=\"wp-caption alignnone\"><img fetchpriority=\"high\" decoding=\"async\" class=\"wp-image-18425\" title=\"Auf der Empack 2019 soll es das gesamte Portfolio der Verpackungsindsutrie zu sehen (Bild: Easyfairs Deutschland)\" src=\"https:\/\/packaging-journal.de\/wp-content\/uploads\/2018\/11\/2018_EMPACK_321-e1541773894237.jpg\" alt=\"Impressionen von der Empack 2018 (Bild: Easyfairs Deutschland)\" width=\"579\" height=\"323\" srcset=\"https:\/\/packaging-journal.de\/wp-content\/uploads\/2018\/11\/2018_EMPACK_321-e1541773894237.jpg 1200w, https:\/\/packaging-journal.de\/wp-content\/uploads\/2018\/11\/2018_EMPACK_321-e1541773894237-600x335.jpg 600w, https:\/\/packaging-journal.de\/wp-content\/uploads\/2018\/11\/2018_EMPACK_321-e1541773894237-260x146.jpg 260w\" sizes=\"(max-width: 579px) 100vw, 579px\" \/><figcaption id=\"caption-attachment-18425\" class=\"wp-caption-text\">Auf der Empack 2019 soll es das gesamte Portfolio der Verpackungsindsutrie zu sehen (Bild: Easyfairs Deutschland)<\/figcaption><\/figure>\n<h2>Die gesamte Vielfalt der Verpackungsindustrie<\/h2>\n<p>Die Messegesellschaft k\u00fcndigt viele renommierte Unternehmen als Aussteller an. Mit dabei ist die <strong>Schur Star Systems GmbH<\/strong> mit Komplettl\u00f6sungen f\u00fcr flexible Verpackungen. Daneben zeigt die <strong>Bluhm Systeme GmbH<\/strong> aus Rheinbreitbach branchen\u00fcbergreifende Systeml\u00f6sungen f\u00fcr die Automatisierung und Identifikation. Mit der <strong>Still GmbH<\/strong> empfiehlt sich ein f\u00fchrender Anbieter von Gabelstaplern, Wagen und Schleppern, passend erweitert durch den Auftritt der <strong>Durwen Maschinenbau GmbH<\/strong>, ans\u00e4ssig in Plaidt, mit einem umfangreichen Angebot an Anbauger\u00e4ten f\u00fcr Gabelstapler.<\/p><div class=\"packa-in-post-alle\" style=\"text-align: center;\" id=\"packa-1576814229\"><div id=\"packa-3746731183\"><a data-no-instant=\"1\" href=\"https:\/\/packaging-journal.de\/en\/newsletter\/\" rel=\"noopener\" class=\"a2t-link\" target=\"_blank\" aria-label=\"PJ Eigenwerbung English 03\"><!--noptimize--><img src=\"https:\/\/packaging-journal.de\/wp-content\/uploads\/2026\/01\/PJ-Eigenwerbung-English-03.png\" alt=\"\"  srcset=\"https:\/\/packaging-journal.de\/wp-content\/uploads\/2026\/01\/PJ-Eigenwerbung-English-03.png 840w, https:\/\/packaging-journal.de\/wp-content\/uploads\/2026\/01\/PJ-Eigenwerbung-English-03-300x75.png 300w, https:\/\/packaging-journal.de\/wp-content\/uploads\/2026\/01\/PJ-Eigenwerbung-English-03-768x192.png 768w, https:\/\/packaging-journal.de\/wp-content\/uploads\/2026\/01\/PJ-Eigenwerbung-English-03-18x5.png 18w, https:\/\/packaging-journal.de\/wp-content\/uploads\/2026\/01\/PJ-Eigenwerbung-English-03-332x83.png 332w, https:\/\/packaging-journal.de\/wp-content\/uploads\/2026\/01\/PJ-Eigenwerbung-English-03-664x166.png 664w, https:\/\/packaging-journal.de\/wp-content\/uploads\/2026\/01\/PJ-Eigenwerbung-English-03-688x172.png 688w\" sizes=\"(max-width: 840px) 100vw, 840px\" width=\"840\" height=\"210\"  style=\" max-width: 100%; height: auto;\" \/><!--\/noptimize--><\/a><\/div><\/div>\n<blockquote><p>\u201eDie Kombination der EMPACK 2019 mit der Logistics &amp; Distribution am Standort Dortmund bietet Fachbesuchern und Ausstellern optimale Rahmenbedingungen f\u00fcr vielf\u00e4ltigen Erfahrungsaustausch und erfolgreiche Gesch\u00e4fte.\u201c<br \/>\n<strong>Sarah M\u00fcller<\/strong>, Projektmanagerin vom Veranstalter Easyfairs Deutschland GmbH<\/p><\/blockquote>\n<h2>Vortragsforen und gef\u00fchrte Messetouren<\/h2>\n<p>Auf zwei offenen B\u00fchnen finden die Besucherinnen und Besucher wieder Foren f\u00fcr\u00a0B\u00fchnen <strong>Expertenvortr\u00e4ge<\/strong> zu aktuellen Themen rund um Verpackung und Intralogistik. Die Kompetenzpartner des Veranstalters, das <strong>Fraunhofer Institut f\u00fcr Materialfluss und Logistik IML<\/strong>, der Verein zur F\u00f6rderung innovativer Verfahren in der Logistik (VVL) e. V. und \u201eDigital in NRW \u2013 Kompetenz f\u00fcr den Mittelstand\u201c haben sich an der Organisation der Vortragsreihen beteiligt. Erg\u00e4nzt wird das Vortragsprogramm zu thematisch passenden, gef\u00fchrten Touren durch die Messehalle.<\/p>\n<figure id=\"attachment_7559\" aria-describedby=\"caption-attachment-7559\" style=\"width: 581px\" class=\"wp-caption alignnone\"><img decoding=\"async\" class=\"wp-image-7559\" title=\"Impressionen von der Empack 2018 (Bild: Easyfairs Deutschland)\" src=\"https:\/\/packaging-journal.de\/wp-content\/uploads\/2018\/02\/2018_EMPACK_082.jpg\" alt=\"Impressionen von der Empack 2018 (Bild: Easyfairs Deutschland)\" width=\"581\" height=\"387\" srcset=\"https:\/\/packaging-journal.de\/wp-content\/uploads\/2018\/02\/2018_EMPACK_082.jpg 1772w, https:\/\/packaging-journal.de\/wp-content\/uploads\/2018\/02\/2018_EMPACK_082-600x400.jpg 600w, https:\/\/packaging-journal.de\/wp-content\/uploads\/2018\/02\/2018_EMPACK_082-300x200.jpg 300w, https:\/\/packaging-journal.de\/wp-content\/uploads\/2018\/02\/2018_EMPACK_082-768x512.jpg 768w, https:\/\/packaging-journal.de\/wp-content\/uploads\/2018\/02\/2018_EMPACK_082-1024x682.jpg 1024w, https:\/\/packaging-journal.de\/wp-content\/uploads\/2018\/02\/2018_EMPACK_082-1320x880.jpg 1320w\" sizes=\"(max-width: 581px) 100vw, 581px\" \/><figcaption id=\"caption-attachment-7559\" class=\"wp-caption-text\">Impressionen von der Empack 2018 (Bild: Easyfairs Deutschland)<\/figcaption><\/figure>\n<p>Neu im Programm ist die \u201e<strong>Start-up Area<\/strong>\u201c. Dort pr\u00e4sentieren sich innovative Unternehmen der Logistik mit ihren neuen Produkten und L\u00f6sungen. Am Stand des Fraunhofer IML gibt es ein aktuelles Kooperationsprojekt zu sehen. Das IML entwickelt gemeinsam mit der European Pallet Association (EPAL) im \u201eEnterprise Lab\u201c in Dortmund den Ladungstr\u00e4ger \u201e<strong>IPalIntelligente Palette<\/strong>\u201c. Diese Europalette \u00fcbermittelt und visualisiert \u00fcber eingebaute Sensoren Positions-, Temperatur- oder Beschleunigungsdaten. Auch die Best\u00fcckung der Palette mit Ware kann per Smartphone verfolgt werden.<\/p><div id=\"packa-1624092434\" class=\"packa-inhalt\"><!--noptimize--><script async src=\"https:\/\/pagead2.googlesyndication.com\/pagead\/js\/adsbygoogle.js?client=ca-pub-2686439340972671\" crossorigin=\"anonymous\"><\/script>\r\n<ins class=\"adsbygoogle\" style=\"display:block;text-align:center\" data-ad-layout=\"in-article\" data-ad-format=\"fluid\" data-ad-client=\"ca-pub-2686439340972671\" data-ad-slot=\"6171251825\"><\/ins>\r\n<script>\r\n     (adsbygoogle = window.adsbygoogle || []).push({});\r\n<\/script><!--\/noptimize--><\/div>\n[infotext icon]\n<h2>Gratis-Ticket f\u00fcr den Messebesuch<\/h2>\n<p>Sie k\u00f6nnen sich f\u00fcr ein Gratis-Ticket auf der <a href=\"http:\/\/www.empack-dortmund.de\" target=\"_blank\" rel=\"noopener noreferrer\">Empack-Internetseite<\/a> registrieren. Nutzen Sie dazu im Registrierungsformular den Code 4007.<\/p>\n[\/infotext]\n","protected":false},"excerpt":{"rendered":"On 8 and 9 May 2019, the Empack Dortmund packaging trade fair will be presented together with \u201eLogistics &amp; Distribution\u201c for the first time. Over 150 exhibitors will present the entire diversity of the packaging industry and intralogistics.","protected":false},"author":1,"featured_media":22930,"comment_status":"closed","ping_status":"open","sticky":false,"template":"","format":"standard","meta":{"_acf_changed":false,"__cvm_playback_settings":[],"__cvm_video_id":"","rank_math_description":"","rank_math_focus_keyword":"","rank_math_title":"","csco_display_header_overlay":false,"csco_singular_sidebar":"","csco_page_header_type":"","csco_page_load_nextpost":"","csco_post_video_location":[],"csco_post_video_location_hash":"","csco_post_video_url":"","csco_post_video_bg_start_time":0,"csco_post_video_bg_end_time":0,"footnotes":"","_links_to":"","_links_to_target":""},"categories":[7],"tags":[1038,33],"class_list":{"0":"post-22929","1":"post","2":"type-post","3":"status-publish","4":"format-standard","5":"has-post-thumbnail","7":"category-messen-und-veranstaltungen","8":"tag-empack","9":"tag-veranstaltungen","10":"cs-entry","11":"cs-video-wrap"},"acf":[],"vimeo_video":null,"_links":{"self":[{"href":"https:\/\/packaging-journal.de\/en\/wp-json\/wp\/v2\/posts\/22929","targetHints":{"allow":["GET"]}}],"collection":[{"href":"https:\/\/packaging-journal.de\/en\/wp-json\/wp\/v2\/posts"}],"about":[{"href":"https:\/\/packaging-journal.de\/en\/wp-json\/wp\/v2\/types\/post"}],"author":[{"embeddable":true,"href":"https:\/\/packaging-journal.de\/en\/wp-json\/wp\/v2\/users\/1"}],"replies":[{"embeddable":true,"href":"https:\/\/packaging-journal.de\/en\/wp-json\/wp\/v2\/comments?post=22929"}],"version-history":[{"count":0,"href":"https:\/\/packaging-journal.de\/en\/wp-json\/wp\/v2\/posts\/22929\/revisions"}],"wp:featuredmedia":[{"embeddable":true,"href":"https:\/\/packaging-journal.de\/en\/wp-json\/wp\/v2\/media\/22930"}],"wp:attachment":[{"href":"https:\/\/packaging-journal.de\/en\/wp-json\/wp\/v2\/media?parent=22929"}],"wp:term":[{"taxonomy":"category","embeddable":true,"href":"https:\/\/packaging-journal.de\/en\/wp-json\/wp\/v2\/categories?post=22929"},{"taxonomy":"post_tag","embeddable":true,"href":"https:\/\/packaging-journal.de\/en\/wp-json\/wp\/v2\/tags?post=22929"}],"curies":[{"name":"wp","href":"https:\/\/api.w.org\/{rel}","templated":true}]}}