{"id":23416,"date":"2019-05-30T12:28:30","date_gmt":"2019-05-30T10:28:30","guid":{"rendered":"https:\/\/packaging-journal.de\/?p=23416"},"modified":"2019-05-29T20:13:47","modified_gmt":"2019-05-29T18:13:47","slug":"new-solutions-for-label-printing-memjet-at-the-european-label-forum-2019","status":"publish","type":"post","link":"https:\/\/packaging-journal.de\/en\/neue-loesungen-fuer-den-etikettendruck-memjet-auf-dem-european-label-forum-2019\/","title":{"rendered":"New solutions for label printing: Memjet at the European Label Forum 2019"},"content":{"rendered":"<p>Memjet, US-Hersteller von Inkjetdruckl\u00f6sungen, tritt im Juni gemeinsam mit seinem OEM-Partner AstroNova als einer der Gold-Sponsoren auf dem FINAT European Label Forum 2019 auf.<\/p>\n<p>Thema sind die neuesten M\u00f6glichkeiten des digitalen Etiketten- und Verpackungsdruck als Alternative zu konventionellen Flexodrucktechniken. Auf dem Branchentreffen pr\u00e4sentieren die beiden Unternehmen Memjet-basierte Digitaldruckl\u00f6sungen, die der Etikettenbranche <strong>neue Gesch\u00e4ftsm\u00f6glichkeiten<\/strong> und <strong>Effizienzsteigerungen<\/strong> erm\u00f6glichen sollen.<\/p>\n<h2><strong>Neue L\u00f6sungen f\u00fcr den Etikettendruck<\/strong><\/h2>\n<p>Markenunternehmen m\u00fcssen ihre Produkte zunehmend auf die Verbraucheranforderungen zuschneiden. Der Verpackung und dem Produktetikett kommt daher eine Schl\u00fcsselrolle in der <strong>Produktkommunikation<\/strong> und Kundenbeziehung zu.<\/p><div class=\"packa-in-post-alle\" style=\"text-align: center;\" id=\"packa-2510623733\"><div id=\"packa-3193060815\"><a data-no-instant=\"1\" href=\"https:\/\/packaging-journal.de\/en\/newsletter\/\" rel=\"noopener\" class=\"a2t-link\" target=\"_blank\" aria-label=\"PJ Eigenwerbung English 03\"><!--noptimize--><img src=\"https:\/\/packaging-journal.de\/wp-content\/uploads\/2026\/01\/PJ-Eigenwerbung-English-03.png\" alt=\"\"  srcset=\"https:\/\/packaging-journal.de\/wp-content\/uploads\/2026\/01\/PJ-Eigenwerbung-English-03.png 840w, https:\/\/packaging-journal.de\/wp-content\/uploads\/2026\/01\/PJ-Eigenwerbung-English-03-300x75.png 300w, https:\/\/packaging-journal.de\/wp-content\/uploads\/2026\/01\/PJ-Eigenwerbung-English-03-768x192.png 768w, https:\/\/packaging-journal.de\/wp-content\/uploads\/2026\/01\/PJ-Eigenwerbung-English-03-18x5.png 18w, https:\/\/packaging-journal.de\/wp-content\/uploads\/2026\/01\/PJ-Eigenwerbung-English-03-332x83.png 332w, https:\/\/packaging-journal.de\/wp-content\/uploads\/2026\/01\/PJ-Eigenwerbung-English-03-664x166.png 664w, https:\/\/packaging-journal.de\/wp-content\/uploads\/2026\/01\/PJ-Eigenwerbung-English-03-688x172.png 688w\" sizes=\"(max-width: 840px) 100vw, 840px\" width=\"840\" height=\"210\"  style=\" max-width: 100%; height: auto;\" \/><!--\/noptimize--><\/a><\/div><\/div>\n<blockquote><p>\u201eImmer mehr Etikettenverarbeitern wird bewusst, dass sie erst mit Hilfe digitaler Drucktechniken mit den heutigen Etikettenanforderungen Schritt halten k\u00f6nnen\u201c, erkl\u00e4rt <strong>Russell Boa<\/strong>, Senior Vize-Pr\u00e4sident bei Memjet. \u201eDer Digitaldruck erm\u00f6glicht es den Druckern, auf <strong>kurzfristige \u00c4nderungen<\/strong> zu reagieren und <strong>kleine Auflagen<\/strong> in genau der Qualit\u00e4t zu produzieren, die der Markeneigner fordert. Dar\u00fcber hinaus sorgt der Digitaldruck f\u00fcr betriebliche Vorteile mit weniger aufw\u00e4ndigen R\u00fcstzeiten und teurer Makulatur im Vergleich zum konventionellen Etikettendruck.\u201c<\/p><\/blockquote>\n<h2><strong>Bereit f\u00fcr die Anforderungen von morgen<\/strong><\/h2>\n<p>Memjet und AstroNova zeigen auf dem European Label Forum L\u00f6sungen f\u00fcr den digitalen Etikettendruck, welche die vorhandenen Flexodruckmaschinen der Etikettenverarbeiter erg\u00e4nzen und ihnen die f\u00fcr die Erschlie\u00dfung der neuen Produktionsm\u00f6glichkeiten von Etiketten erforderlichen <strong>Digitaldruckressourcen<\/strong> bereitstellen.<\/p>\n<figure id=\"attachment_23418\" aria-describedby=\"caption-attachment-23418\" style=\"width: 800px\" class=\"wp-caption alignnone\"><img fetchpriority=\"high\" decoding=\"async\" class=\"wp-image-23418\" title=\"Trojan T2-C von AstroNova\" src=\"https:\/\/packaging-journal.de\/wp-content\/uploads\/2019\/05\/Trojan-T2-C-by-Astro-Nova-1024x894.jpg\" alt=\"Trojan T2-C von AstroNova\" width=\"800\" height=\"699\" srcset=\"https:\/\/packaging-journal.de\/wp-content\/uploads\/2019\/05\/Trojan-T2-C-by-Astro-Nova-1024x894.jpg 1024w, https:\/\/packaging-journal.de\/wp-content\/uploads\/2019\/05\/Trojan-T2-C-by-Astro-Nova-600x524.jpg 600w, https:\/\/packaging-journal.de\/wp-content\/uploads\/2019\/05\/Trojan-T2-C-by-Astro-Nova-300x262.jpg 300w, https:\/\/packaging-journal.de\/wp-content\/uploads\/2019\/05\/Trojan-T2-C-by-Astro-Nova-768x671.jpg 768w, https:\/\/packaging-journal.de\/wp-content\/uploads\/2019\/05\/Trojan-T2-C-by-Astro-Nova.jpg 1200w\" sizes=\"(max-width: 800px) 100vw, 800px\" \/><figcaption id=\"caption-attachment-23418\" class=\"wp-caption-text\">Trojan T2-C von AstroNova<\/figcaption><\/figure>\n<p>Ein besonderer Fokus liegt auf den <strong>kleinformatigen TrojanLabel-Etiketten-Minidruckmaschinen<\/strong> auf Inkjetbasis. Aufgrund ihres geringen Platzbedarfs, ihrer Benutzerfreundlichkeit und attraktiven Investitionskosten k\u00f6nnen beispielsweise Lohnetikettierer schnell auf Markttrends und Kundenanforderungen reagieren und eigene, benutzerdefinierte Farbetiketten digital herstellen.<\/p><div id=\"packa-2887201082\" class=\"packa-inhalt\"><!--noptimize--><script async src=\"https:\/\/pagead2.googlesyndication.com\/pagead\/js\/adsbygoogle.js?client=ca-pub-2686439340972671\" crossorigin=\"anonymous\"><\/script>\r\n<ins class=\"adsbygoogle\" style=\"display:block;text-align:center\" data-ad-layout=\"in-article\" data-ad-format=\"fluid\" data-ad-client=\"ca-pub-2686439340972671\" data-ad-slot=\"6171251825\"><\/ins>\r\n<script>\r\n     (adsbygoogle = window.adsbygoogle || []).push({});\r\n<\/script><!--\/noptimize--><\/div>\n<blockquote><p>\u201eDer Digitaldruck verf\u00fcgt heute \u00fcber die Geschwindigkeit, Qualit\u00e4t und Kostenvorteile, die n\u00f6tig sind, um nicht nur den Kunden zufriedenzustellen, sondern auch erhebliche betriebliche und ressourcenschonende Vorteile zu erzielen,\u201c fasst Russell Boa zusammen. \u201eEs ist nunmehr an der Zeit, dass Etikettenverarbeiter den Digitaldruck in die Liste ihres Leistungsspektrums aufnehmen.\u201c<\/p><\/blockquote>\n[infotext icon]\n<p>Das FINAT European Label Forum findet vom 5. bis 7. Juni 2019 in der d\u00e4nischen Hauptstadt Kopenhagen statt.[\/infotext]\n<p><a href=\"https:\/\/www.memjet.com\/\" target=\"_blank\" rel=\"noopener noreferrer\">http:\/\/www.memjet.com<\/a><\/p>\n","protected":false},"excerpt":{"rendered":"Memjet, US manufacturer of inkjet printing solutions, and AstroNova will present the latest digital printing possibilities at this year's FINAT European Label Forum (5 to 7 June 2019).","protected":false},"author":1,"featured_media":23417,"comment_status":"closed","ping_status":"open","sticky":false,"template":"","format":"standard","meta":{"_acf_changed":false,"__cvm_playback_settings":[],"__cvm_video_id":"","rank_math_description":"","rank_math_focus_keyword":"","rank_math_title":"","csco_display_header_overlay":false,"csco_singular_sidebar":"","csco_page_header_type":"","csco_page_load_nextpost":"","csco_post_video_location":[],"csco_post_video_location_hash":"","csco_post_video_url":"","csco_post_video_bg_start_time":0,"csco_post_video_bg_end_time":0,"footnotes":"","_links_to":"","_links_to_target":""},"categories":[114,7],"tags":[42,46,33,51],"class_list":{"0":"post-23416","1":"post","2":"type-post","3":"status-publish","4":"format-standard","5":"has-post-thumbnail","7":"category-aus-den-unternehmen-news","8":"category-messen-und-veranstaltungen","9":"tag-etikettieren-kennzeichnen-codieren","10":"tag-marketing-und-design","11":"tag-veranstaltungen","12":"tag-verpackungsdruck-und-veredelung","13":"cs-entry","14":"cs-video-wrap"},"acf":[],"vimeo_video":null,"_links":{"self":[{"href":"https:\/\/packaging-journal.de\/en\/wp-json\/wp\/v2\/posts\/23416","targetHints":{"allow":["GET"]}}],"collection":[{"href":"https:\/\/packaging-journal.de\/en\/wp-json\/wp\/v2\/posts"}],"about":[{"href":"https:\/\/packaging-journal.de\/en\/wp-json\/wp\/v2\/types\/post"}],"author":[{"embeddable":true,"href":"https:\/\/packaging-journal.de\/en\/wp-json\/wp\/v2\/users\/1"}],"replies":[{"embeddable":true,"href":"https:\/\/packaging-journal.de\/en\/wp-json\/wp\/v2\/comments?post=23416"}],"version-history":[{"count":0,"href":"https:\/\/packaging-journal.de\/en\/wp-json\/wp\/v2\/posts\/23416\/revisions"}],"wp:featuredmedia":[{"embeddable":true,"href":"https:\/\/packaging-journal.de\/en\/wp-json\/wp\/v2\/media\/23417"}],"wp:attachment":[{"href":"https:\/\/packaging-journal.de\/en\/wp-json\/wp\/v2\/media?parent=23416"}],"wp:term":[{"taxonomy":"category","embeddable":true,"href":"https:\/\/packaging-journal.de\/en\/wp-json\/wp\/v2\/categories?post=23416"},{"taxonomy":"post_tag","embeddable":true,"href":"https:\/\/packaging-journal.de\/en\/wp-json\/wp\/v2\/tags?post=23416"}],"curies":[{"name":"wp","href":"https:\/\/api.w.org\/{rel}","templated":true}]}}