{"id":23656,"date":"2019-06-14T15:12:20","date_gmt":"2019-06-14T13:12:20","guid":{"rendered":"https:\/\/packaging-journal.de\/?p=23656"},"modified":"2019-06-13T17:30:57","modified_gmt":"2019-06-13T15:30:57","slug":"drinktec-and-simei-extend-co-operation","status":"publish","type":"post","link":"https:\/\/packaging-journal.de\/en\/drinktec-und-simei-verlaengern-kooperation\/","title":{"rendered":"Wine technology \u201epowered by SIMEI\u201c at drinktec in future too"},"content":{"rendered":"<p>Auch bei den n\u00e4chsten drinktec-Messen wird es Weintechnik unter dem Label \u201epowered by SIMEI\u201c zu sehen geben. Das gaben die Messe M\u00fcnchen und der italienische Weinverband \u201eUnione Italiana Vini\u201c (UIV) jetzt bekannt.<\/p>\n<p>Mit der Vereinbarung ist nicht nur klar, dass es bei der drinktec 2021 und der drinktec 2025 wieder eine gro\u00dfe <strong>Weintechnik<\/strong>-Sparte geben wird. Dar\u00fcber hinaus wurde auch beschlossen, dass die <strong>SIMEI<\/strong> als Fachmesse f\u00fcr <strong>Kellerei- und Flaschenabf\u00fcllmaschinen<\/strong> wie fr\u00fcher alle zwei Jahre in Mailand stattfinden wird. Die fortgef\u00fchrte Kooperation soll dazu dienen, die beiden Marken <strong>drinktec<\/strong> und SIMEI insgesamt zu st\u00e4rken.<\/p>\n<h2>drinktec hat bereits im November einen Stand auf der SIMEI<\/h2>\n<p>Entsprechend wird bereits vom 19. bis 22. November 2019 die drinktec mit einem eigenen Stand auf der SIMEI in <strong>Mailand<\/strong> vertreten sein. Genauso wird die SIMEI auf der drinktec in <strong>M\u00fcnchen<\/strong> Flagge zeigen und sich dort pr\u00e4sentieren. Das Label \u201epowered by SIMEI\u201c soll \u00fcberall dort zu sehen sein, wo die drinktec <strong>Prozesstechnik<\/strong> speziell f\u00fcr Wein pr\u00e4sentiert.<\/p><div class=\"packa-in-post-alle\" style=\"text-align: center;\" id=\"packa-620353762\"><div id=\"packa-3325379764\"><a data-no-instant=\"1\" href=\"https:\/\/packaging-journal.de\/en\/newsletter\/\" rel=\"noopener\" class=\"a2t-link\" target=\"_blank\" aria-label=\"PJ Eigenwerbung English 03\"><!--noptimize--><img src=\"https:\/\/packaging-journal.de\/wp-content\/uploads\/2026\/01\/PJ-Eigenwerbung-English-03.png\" alt=\"\"  srcset=\"https:\/\/packaging-journal.de\/wp-content\/uploads\/2026\/01\/PJ-Eigenwerbung-English-03.png 840w, https:\/\/packaging-journal.de\/wp-content\/uploads\/2026\/01\/PJ-Eigenwerbung-English-03-300x75.png 300w, https:\/\/packaging-journal.de\/wp-content\/uploads\/2026\/01\/PJ-Eigenwerbung-English-03-768x192.png 768w, https:\/\/packaging-journal.de\/wp-content\/uploads\/2026\/01\/PJ-Eigenwerbung-English-03-18x5.png 18w, https:\/\/packaging-journal.de\/wp-content\/uploads\/2026\/01\/PJ-Eigenwerbung-English-03-332x83.png 332w, https:\/\/packaging-journal.de\/wp-content\/uploads\/2026\/01\/PJ-Eigenwerbung-English-03-664x166.png 664w, https:\/\/packaging-journal.de\/wp-content\/uploads\/2026\/01\/PJ-Eigenwerbung-English-03-688x172.png 688w\" sizes=\"(max-width: 840px) 100vw, 840px\" width=\"840\" height=\"210\"  style=\" max-width: 100%; height: auto;\" \/><!--\/noptimize--><\/a><\/div><\/div>\n<blockquote><p><img fetchpriority=\"high\" decoding=\"async\" class=\"wp-image-22437\" title=\"Richard Clemens, Gesch\u00e4ftsf\u00fchrer des VDMA-Fachverbandes Nahrungsmittelmaschinen und Verpackungsmaschinen (Bild: Uwe N\u00f6lke\/VDMA)\" src=\"https:\/\/packaging-journal.de\/wp-content\/uploads\/2019\/04\/12-IFFA-2019-Food-Safety-Richard-Clemens.jpg\" alt=\"Richard Clemens, Gesch\u00e4ftsf\u00fchrer des VDMA-Fachverbandes Nahrungsmittelmaschinen und Verpackungsmaschinen (Bild: Uwe N\u00f6lke\/VDMA)\" width=\"333\" height=\"500\" srcset=\"https:\/\/packaging-journal.de\/wp-content\/uploads\/2019\/04\/12-IFFA-2019-Food-Safety-Richard-Clemens.jpg 800w, https:\/\/packaging-journal.de\/wp-content\/uploads\/2019\/04\/12-IFFA-2019-Food-Safety-Richard-Clemens-600x900.jpg 600w\" sizes=\"(max-width: 333px) 100vw, 333px\" \/><\/p>\n<p>\u201eMesse M\u00fcnchen und UIV haben mit dieser Entscheidung auf die Marktbed\u00fcrfnisse reagiert und damit alles richtig gemacht.\u201c<br \/>\n<strong>Richard Clemens<\/strong>, Gesch\u00e4ftsf\u00fchrer des Fachverbandes Nahrungsmittelmaschinen und Verpackungsmaschinen im VDMA.<\/p><\/blockquote>\n<h2>Termin\u00e4nderung f\u00fcr die drinktec war nicht umsetzbar<\/h2>\n<p>\u201eWir bringen damit zum Ausdruck, dass wir unsere Kooperation fortf\u00fchren und weiter zusammenstehen\u201c, erkl\u00e4rt <strong>Dr. Reinhard Pfeiffer<\/strong>, der f\u00fcr die drinktec zust\u00e4ndige Gesch\u00e4ftsf\u00fchrer der Messe M\u00fcnchen. \u201eWir wollen auf der drinktec weiter eine starke Pr\u00e4senz f\u00fcr die Weintechnik realisieren und auch den UIV-Mitgliedern dort ein weltweites Publikum bieten.\u201c<\/p>\n<figure id=\"attachment_23657\" aria-describedby=\"caption-attachment-23657\" style=\"width: 581px\" class=\"wp-caption alignnone\"><img decoding=\"async\" class=\"wp-image-23657\" title=\"Dr. Reinhard Pfeiffer, Gesch\u00e4ftsf\u00fchrer f\u00fcr die drinktec bei der Messe M\u00fcnchen. (Messe M\u00fcnchen)\" src=\"https:\/\/packaging-journal.de\/wp-content\/uploads\/2019\/06\/reinhard-pfeiffer.jpg\" alt=\"Dr. Reinhard Pfeiffer, Gesch\u00e4ftsf\u00fchrer f\u00fcr die drinktec bei der Messe M\u00fcnchen. (Messe M\u00fcnchen)\" width=\"581\" height=\"387\" srcset=\"https:\/\/packaging-journal.de\/wp-content\/uploads\/2019\/06\/reinhard-pfeiffer.jpg 1200w, https:\/\/packaging-journal.de\/wp-content\/uploads\/2019\/06\/reinhard-pfeiffer-600x400.jpg 600w, https:\/\/packaging-journal.de\/wp-content\/uploads\/2019\/06\/reinhard-pfeiffer-300x200.jpg 300w, https:\/\/packaging-journal.de\/wp-content\/uploads\/2019\/06\/reinhard-pfeiffer-768x512.jpg 768w, https:\/\/packaging-journal.de\/wp-content\/uploads\/2019\/06\/reinhard-pfeiffer-1024x683.jpg 1024w\" sizes=\"(max-width: 581px) 100vw, 581px\" \/><figcaption id=\"caption-attachment-23657\" class=\"wp-caption-text\">Dr. Reinhard Pfeiffer, Gesch\u00e4ftsf\u00fchrer f\u00fcr die drinktec bei der Messe M\u00fcnchen. (Messe M\u00fcnchen)<\/figcaption><\/figure>\n<p>\u201eF\u00fcr die SIMEI ist ihr Heimatmarkt extrem wichtig. Nachdem eine Terminver\u00e4nderung der drinktec in den November nach dem Messekalender in M\u00fcnchen nicht umsetzbar ist, kann alle zwei Jahre eine SIMEI in Italien den italienischen Winzern wie gewohnt im November, also nach der Weinlese, den zeitlich richtigen Treffpunkt bieten. So k\u00f6nnen beide Marken am besten voneinander profitieren\u201c, erkl\u00e4rte UIV-Generalsekret\u00e4r <strong>Paolo Castelletti<\/strong>.<\/p><div id=\"packa-839959215\" class=\"packa-inhalt\"><!--noptimize--><script async src=\"https:\/\/pagead2.googlesyndication.com\/pagead\/js\/adsbygoogle.js?client=ca-pub-2686439340972671\" crossorigin=\"anonymous\"><\/script>\r\n<ins class=\"adsbygoogle\" style=\"display:block;text-align:center\" data-ad-layout=\"in-article\" data-ad-format=\"fluid\" data-ad-client=\"ca-pub-2686439340972671\" data-ad-slot=\"6171251825\"><\/ins>\r\n<script>\r\n     (adsbygoogle = window.adsbygoogle || []).push({});\r\n<\/script><!--\/noptimize--><\/div>\n[infotext icon]\n<p>N\u00e4here Informationen zur drinktec sowie einen R\u00fcckblick auf die vorige Veranstaltung im Jahr 2017 finden Sie auf der <a href=\"http:\/\/www.drinktec.com\" target=\"_blank\" rel=\"noopener noreferrer\">drinktec-Internetseite<\/a>.<\/p>\n[\/infotext]\n","protected":false},"excerpt":{"rendered":"Wine technology will also be on show at the next drinktec trade fairs under the label \u201epowered by SIMEI\u201c. This has now been announced by Messe M\u00fcnchen and the Italian wine association \u201eUnione Italiana Vini\u201c (UIV).","protected":false},"author":1,"featured_media":23658,"comment_status":"closed","ping_status":"open","sticky":false,"template":"","format":"standard","meta":{"_acf_changed":false,"__cvm_playback_settings":[],"__cvm_video_id":"","rank_math_description":"","rank_math_focus_keyword":"","rank_math_title":"","csco_display_header_overlay":false,"csco_singular_sidebar":"","csco_page_header_type":"","csco_page_load_nextpost":"","csco_post_video_location":[],"csco_post_video_location_hash":"","csco_post_video_url":"","csco_post_video_bg_start_time":0,"csco_post_video_bg_end_time":0,"footnotes":"","_links_to":"","_links_to_target":""},"categories":[7],"tags":[86,48,33],"class_list":{"0":"post-23656","1":"post","2":"type-post","3":"status-publish","4":"format-standard","5":"has-post-thumbnail","7":"category-messen-und-veranstaltungen","8":"tag-drinktec","9":"tag-getraenke","10":"tag-veranstaltungen","11":"cs-entry","12":"cs-video-wrap"},"acf":[],"vimeo_video":null,"_links":{"self":[{"href":"https:\/\/packaging-journal.de\/en\/wp-json\/wp\/v2\/posts\/23656","targetHints":{"allow":["GET"]}}],"collection":[{"href":"https:\/\/packaging-journal.de\/en\/wp-json\/wp\/v2\/posts"}],"about":[{"href":"https:\/\/packaging-journal.de\/en\/wp-json\/wp\/v2\/types\/post"}],"author":[{"embeddable":true,"href":"https:\/\/packaging-journal.de\/en\/wp-json\/wp\/v2\/users\/1"}],"replies":[{"embeddable":true,"href":"https:\/\/packaging-journal.de\/en\/wp-json\/wp\/v2\/comments?post=23656"}],"version-history":[{"count":0,"href":"https:\/\/packaging-journal.de\/en\/wp-json\/wp\/v2\/posts\/23656\/revisions"}],"wp:featuredmedia":[{"embeddable":true,"href":"https:\/\/packaging-journal.de\/en\/wp-json\/wp\/v2\/media\/23658"}],"wp:attachment":[{"href":"https:\/\/packaging-journal.de\/en\/wp-json\/wp\/v2\/media?parent=23656"}],"wp:term":[{"taxonomy":"category","embeddable":true,"href":"https:\/\/packaging-journal.de\/en\/wp-json\/wp\/v2\/categories?post=23656"},{"taxonomy":"post_tag","embeddable":true,"href":"https:\/\/packaging-journal.de\/en\/wp-json\/wp\/v2\/tags?post=23656"}],"curies":[{"name":"wp","href":"https:\/\/api.w.org\/{rel}","templated":true}]}}