{"id":24099,"date":"2019-06-28T10:11:17","date_gmt":"2019-06-28T08:11:17","guid":{"rendered":"https:\/\/packaging-journal.de\/?p=24099"},"modified":"2019-06-28T10:12:53","modified_gmt":"2019-06-28T08:12:53","slug":"bobst-invites-you-to-the-first-packaging-masterclass","status":"publish","type":"post","link":"https:\/\/packaging-journal.de\/en\/bobst-laedt-zur-ersten-packaging-masterclass-ein\/","title":{"rendered":"Bobst invites you to the first Packaging Masterclass"},"content":{"rendered":"<p>Am 6. November 2019 veranstaltet Bobst an seinem Schweizer Hauptsitz in der N\u00e4he von Lausanne die erste Packaging Masterclass-Veranstaltung f\u00fcr Markenartikelhersteller und Mitarbeiter von Handelsunternehmen.<\/p>\n<p>Ein Expertenteam wird auf hohem Niveau einen \u00dcberblick \u00fcber die <strong>Techniken f\u00fcr die Verpackungsproduktion<\/strong> vom Entwurf bis zum fertigen Produkt geben und dabei Themen wie konsistente Qualit\u00e4t, Nachhaltigkeit, Produktionszeiten und E-Commerce ansprechen. Die Diskussionen sollen sowohl den <strong>Druck<\/strong> als auch die <strong>Weiterverarbeitung<\/strong> sowie eine Reihe digitaler und konventioneller Techniken f\u00fcr die Herstellung von Etiketten, flexiblen Verpackungen, Faltschachteln und Verpackungen aus Wellpappe abdecken.<\/p>\n<blockquote><p>\u201eDie Funktionalit\u00e4t und Wertigkeit von Verpackungen ver\u00e4ndern sich schneller denn je. Die Markenartikelhersteller entwickeln die Art und Weise, wie sie ihre Produkte gestalten, verpacken und vertreiben, kontinuierlich weiter\u201c, so <strong>Paul Stoudmann<\/strong>, Strategic Business Development bei Bobst.<\/p>\n<p>\u201eBobst z\u00e4hlt seit Jahrzehnten zu den Pionieren in der Entwicklung innovativer L\u00f6sungen f\u00fcr die Verpackungsherstellung. Wir k\u00f6nnen mit Fug und Recht sagen, dass wir den Markt kennen und die Herausforderungen f\u00fcr unsere Kunden und ihre Anforderungen verstehen. Aus diesem Grund denken wir, dass Markenartikelhersteller von unserer <strong>eint\u00e4gigen Veranstaltung<\/strong>, die das gesamte Spektrum der Verpackungsproduktion beleuchten wird, in hohem Ma\u00dfe profitieren k\u00f6nnen.\u201c<\/p><\/blockquote>\n<h2><strong>Teilnehmer werden auf hohem Niveau geschult<\/strong><\/h2>\n<p>Packaging Masterclass richtet sich an Markenartikelhersteller und Mitarbeiter von Handelsunternehmen aller Abteilungen (z. B. Beschaffung, Marketing, Markenmanagement, F&amp;E), die eventuell noch nicht so lange in ihrer Funktion besch\u00e4ftigt oder in der Welt der Verpackung zuhause sind und einen <strong>guten Einblick in die Branche<\/strong> erhalten wollen. Die Veranstaltung wird binnen eines Tages einen sehr qualifizierten, nicht technischen und nicht kommerziellen <strong>\u00dcberblick \u00fcber das Thema Verpackung<\/strong> geben. Die Teilnehmer k\u00f6nnen sich mit Experten austauschen und bekommen die Gelegenheit, das beeindruckende Bobst Competence Center zu besuchen, in dem sie die j\u00fcngsten Innovationen in Aktion sehen.<\/p><div class=\"packa-in-post-alle\" style=\"text-align: center;\" id=\"packa-2303116790\"><div id=\"packa-1940587501\"><a data-no-instant=\"1\" href=\"https:\/\/packaging-journal.de\/en\/newsletter\/\" rel=\"noopener\" class=\"a2t-link\" target=\"_blank\" aria-label=\"PJ Eigenwerbung English 03\"><!--noptimize--><img src=\"https:\/\/packaging-journal.de\/wp-content\/uploads\/2026\/01\/PJ-Eigenwerbung-English-03.png\" alt=\"\"  srcset=\"https:\/\/packaging-journal.de\/wp-content\/uploads\/2026\/01\/PJ-Eigenwerbung-English-03.png 840w, https:\/\/packaging-journal.de\/wp-content\/uploads\/2026\/01\/PJ-Eigenwerbung-English-03-300x75.png 300w, https:\/\/packaging-journal.de\/wp-content\/uploads\/2026\/01\/PJ-Eigenwerbung-English-03-768x192.png 768w, https:\/\/packaging-journal.de\/wp-content\/uploads\/2026\/01\/PJ-Eigenwerbung-English-03-18x5.png 18w, https:\/\/packaging-journal.de\/wp-content\/uploads\/2026\/01\/PJ-Eigenwerbung-English-03-332x83.png 332w, https:\/\/packaging-journal.de\/wp-content\/uploads\/2026\/01\/PJ-Eigenwerbung-English-03-664x166.png 664w, https:\/\/packaging-journal.de\/wp-content\/uploads\/2026\/01\/PJ-Eigenwerbung-English-03-688x172.png 688w\" sizes=\"(max-width: 840px) 100vw, 840px\" width=\"840\" height=\"210\"  style=\" max-width: 100%; height: auto;\" \/><!--\/noptimize--><\/a><\/div><\/div>\n<p>Stoudmann erkl\u00e4rt weiter: \u201eWir freuen uns darauf, einige L\u00f6sungen vorzustellen, welche die heutigen Anforderungen an Flexibilit\u00e4t, Agilit\u00e4t, Personalisierung und Qualit\u00e4t abdecken. Vergleichbar einem Werkzeugkasten wird die Masterclass-Veranstaltung den Teilnehmern L\u00f6sungen f\u00fcr die Herausforderungen der Verpackungsherstellung pr\u00e4sentieren &#8211; angefangen beim Konzept bis hin zum fertigen Produkt.\u201c<\/p>\n<p>Die Pr\u00e4sentationen der Packaging Masterclass-Veranstaltung finden <strong>ausschlie\u00dflich in englischer Sprache<\/strong> statt. Weitere Informationen und das Anmeldeformular finden Interessenten <a href=\"http:\/\/www.bobst.com\/masterclass\" target=\"_blank\" rel=\"noopener noreferrer\">hier<\/a>.<\/p><div id=\"packa-3960261766\" class=\"packa-inhalt\"><!--noptimize--><script async src=\"https:\/\/pagead2.googlesyndication.com\/pagead\/js\/adsbygoogle.js?client=ca-pub-2686439340972671\" crossorigin=\"anonymous\"><\/script>\r\n<ins class=\"adsbygoogle\" style=\"display:block;text-align:center\" data-ad-layout=\"in-article\" data-ad-format=\"fluid\" data-ad-client=\"ca-pub-2686439340972671\" data-ad-slot=\"6171251825\"><\/ins>\r\n<script>\r\n     (adsbygoogle = window.adsbygoogle || []).push({});\r\n<\/script><!--\/noptimize--><\/div>\n[infotext icon]<strong>\u00dcber Bobst<\/strong><\/p>\n<p>Das 1890 von Joseph Bobst in Lausanne, Schweiz, gegr\u00fcndete Unternehmen BOBST ist in mehr als 50 L\u00e4ndern vertreten, besitzt 14 Produktionsst\u00e4tten in 8 L\u00e4ndern und besch\u00e4ftigt mehr als 5 600 Mitarbeiter auf der ganzen Welt. Das Unternehmen erzielte im vergangenen Gesch\u00e4ftsjahr, das am 31. Dezember 2018 endete, einen Umsatz von CHF 1 635 Millionen.[\/infotext]\n","protected":false},"excerpt":{"rendered":"On 6 November 2019, Bobst hosted the first Packaging Masterclass event for brand manufacturers and employees of retail companies at its headquarters near Lausanne.","protected":false},"author":1,"featured_media":638,"comment_status":"closed","ping_status":"open","sticky":false,"template":"","format":"standard","meta":{"_acf_changed":false,"__cvm_playback_settings":[],"__cvm_video_id":"","rank_math_description":"","rank_math_focus_keyword":"","rank_math_title":"","csco_display_header_overlay":false,"csco_singular_sidebar":"","csco_page_header_type":"","csco_page_load_nextpost":"","csco_post_video_location":[],"csco_post_video_location_hash":"","csco_post_video_url":"","csco_post_video_bg_start_time":0,"csco_post_video_bg_end_time":0,"footnotes":"","_links_to":"","_links_to_target":""},"categories":[114,7],"tags":[64,42,32,33,51],"class_list":{"0":"post-24099","1":"post","2":"type-post","3":"status-publish","4":"format-standard","5":"has-post-thumbnail","7":"category-aus-den-unternehmen-news","8":"category-messen-und-veranstaltungen","9":"tag-ausbildung-und-weiterbildung","10":"tag-etikettieren-kennzeichnen-codieren","11":"tag-packmittel-und-packstoffe","12":"tag-veranstaltungen","13":"tag-verpackungsdruck-und-veredelung","14":"cs-entry","15":"cs-video-wrap"},"acf":[],"vimeo_video":null,"_links":{"self":[{"href":"https:\/\/packaging-journal.de\/en\/wp-json\/wp\/v2\/posts\/24099","targetHints":{"allow":["GET"]}}],"collection":[{"href":"https:\/\/packaging-journal.de\/en\/wp-json\/wp\/v2\/posts"}],"about":[{"href":"https:\/\/packaging-journal.de\/en\/wp-json\/wp\/v2\/types\/post"}],"author":[{"embeddable":true,"href":"https:\/\/packaging-journal.de\/en\/wp-json\/wp\/v2\/users\/1"}],"replies":[{"embeddable":true,"href":"https:\/\/packaging-journal.de\/en\/wp-json\/wp\/v2\/comments?post=24099"}],"version-history":[{"count":0,"href":"https:\/\/packaging-journal.de\/en\/wp-json\/wp\/v2\/posts\/24099\/revisions"}],"wp:featuredmedia":[{"embeddable":true,"href":"https:\/\/packaging-journal.de\/en\/wp-json\/wp\/v2\/media\/638"}],"wp:attachment":[{"href":"https:\/\/packaging-journal.de\/en\/wp-json\/wp\/v2\/media?parent=24099"}],"wp:term":[{"taxonomy":"category","embeddable":true,"href":"https:\/\/packaging-journal.de\/en\/wp-json\/wp\/v2\/categories?post=24099"},{"taxonomy":"post_tag","embeddable":true,"href":"https:\/\/packaging-journal.de\/en\/wp-json\/wp\/v2\/tags?post=24099"}],"curies":[{"name":"wp","href":"https:\/\/api.w.org\/{rel}","templated":true}]}}