{"id":24253,"date":"2019-07-02T15:00:59","date_gmt":"2019-07-02T13:00:59","guid":{"rendered":"https:\/\/packaging-journal.de\/?p=24253"},"modified":"2019-07-02T13:51:04","modified_gmt":"2019-07-02T11:51:04","slug":"pro-carton-young-designers-award","status":"publish","type":"post","link":"https:\/\/packaging-journal.de\/en\/pro-carton-young-designers-award\/","title":{"rendered":"Pro Carton Young Designers Award 2019"},"content":{"rendered":"<p>Der Pro Carton Young Designers Award, Europas f\u00fchrender j\u00e4hrlicher Nachwuchswettbewerb f\u00fcr Verpackungsdesign, hat 461 Einsendungen erhalten \u2013 mehr als je zuvor in der Geschichte des Wettbewerbs.<\/p>\n<p>Im Jahr 2012 wurde dieser von der <strong>Europ\u00e4ischen Vereinigung der Karton- und Faltschachtelindustrie<\/strong> ins Leben gerufen, um innovative Anwendungen von Karton auszuzeichnen und die Nachhaltigkeit in der Verpackungsindustrie zu f\u00f6rdern. In diesem Jahr haben Studenten von 70 Schulen und Universit\u00e4ten aus 24 L\u00e4ndern Beitr\u00e4ge eingereicht.<\/p>\n<blockquote><p>\u201eEs freut uns sehr, dass sich der Pro Carton Young Designers Award zu einem so <strong>etablierten Wettbewerb<\/strong> f\u00fcr aufstrebende Talente in der Verpackungsindustrie entwickelt hat. Es ist unglaublich, dass sich die Zahl der Eintr\u00e4ge seit der Neugestaltung des Wettbewerbs im Jahr 2012 fast verdreifacht hat.\u00a0Marken m\u00fcssen Wege finden, Produkte zu verpacken, <strong>ohne die Umwelt zu belasten<\/strong>, und gleichzeitig den Einsatz unersetzlicher Ressourcen minimieren.<\/p>\n<p>Die Verwendung von <strong>Karton als Material<\/strong> unterst\u00fctzt eine echte Kreislaufwirtschaft, da er erneuerbar, recycelbar und biologisch abbaubar ist. Es ist sch\u00f6n zu sehen, dass so viele junge Designerinnen und Designer diese Idee verstehen und unsere Vision von Kartons als ultimative L\u00f6sung zur Vermeidung von Verpackungsabf\u00e4llen unterst\u00fctzen wollen.\u201c<br \/>\n<strong>Tony Hitchin<\/strong>, Gesch\u00e4ftsf\u00fchrer von Pro Carton<\/p><\/blockquote>\n<figure id=\"attachment_24255\" aria-describedby=\"caption-attachment-24255\" style=\"width: 3543px\" class=\"wp-caption alignnone\"><img fetchpriority=\"high\" decoding=\"async\" class=\"size-full wp-image-24255\" src=\"https:\/\/packaging-journal.de\/wp-content\/uploads\/2019\/07\/Judging-Young-Designers-2019.jpg\" alt=\"\" width=\"3543\" height=\"2362\" \/><figcaption id=\"caption-attachment-24255\" class=\"wp-caption-text\">Pro Carton Young Designers Award Jury (Bild: Storm Communications)<\/figcaption><\/figure>\n<h2>Jury<\/h2>\n<p>Nach einer ersten Bewertungsrunde traf sich die Jury unter der <strong>Leitung von Satkar Gidda<\/strong> (Marketingdirektor bei der internationalen Designfirma Siebert Head) in Den Haag, um die Finalisten aus Prototypen in vier Kategorien auszuw\u00e4hlen:<\/p><div class=\"packa-in-post-alle\" style=\"text-align: center;\" id=\"packa-425713286\"><div id=\"packa-1027645595\"><a data-no-instant=\"1\" href=\"https:\/\/packaging-journal.de\/en\/newsletter\/\" rel=\"noopener\" class=\"a2t-link\" target=\"_blank\" aria-label=\"PJ Eigenwerbung English 03\"><!--noptimize--><img src=\"https:\/\/packaging-journal.de\/wp-content\/uploads\/2026\/01\/PJ-Eigenwerbung-English-03.png\" alt=\"\"  srcset=\"https:\/\/packaging-journal.de\/wp-content\/uploads\/2026\/01\/PJ-Eigenwerbung-English-03.png 840w, https:\/\/packaging-journal.de\/wp-content\/uploads\/2026\/01\/PJ-Eigenwerbung-English-03-300x75.png 300w, https:\/\/packaging-journal.de\/wp-content\/uploads\/2026\/01\/PJ-Eigenwerbung-English-03-768x192.png 768w, https:\/\/packaging-journal.de\/wp-content\/uploads\/2026\/01\/PJ-Eigenwerbung-English-03-18x5.png 18w, https:\/\/packaging-journal.de\/wp-content\/uploads\/2026\/01\/PJ-Eigenwerbung-English-03-332x83.png 332w, https:\/\/packaging-journal.de\/wp-content\/uploads\/2026\/01\/PJ-Eigenwerbung-English-03-664x166.png 664w, https:\/\/packaging-journal.de\/wp-content\/uploads\/2026\/01\/PJ-Eigenwerbung-English-03-688x172.png 688w\" sizes=\"(max-width: 840px) 100vw, 840px\" width=\"840\" height=\"210\"  style=\" max-width: 100%; height: auto;\" \/><!--\/noptimize--><\/a><\/div><\/div>\n<ul>\n<li>Verpackungen f\u00fcr die Lebensmittel- und Getr\u00e4nkeindustrie<\/li>\n<li>Verpackungen in anderen Branchen<\/li>\n<li>\u201eCreative Cartonboard\u201c: Verwendung von Karton au\u00dferhalb des Verpackungsmarktes<\/li>\n<li>\u201eSave the Planet\u201c: Wie Karton Kunststoff reduzieren oder ersetzen kann<\/li>\n<\/ul>\n<p>Zu den Juroren geh\u00f6rten au\u00dferdem hochrangige Vertreter des Einzelhandels, ein Markeninhaber sowie Verpackungsdesigner und ein Kartonverarbeiter. Insgesamt wurden 25 Designs f\u00fcr die \u00f6ffentliche Abstimmung im Juli ausgew\u00e4hlt, wobei die <strong>10 Finalisten zur Gala der European Carton Excellence Awards<\/strong> eingeladen wurden.<\/p>\n<h2>Gewinner<\/h2>\n<p>Die Gewinner werden beim Galadinner auf dem ECMA-Jahreskongress am <strong>19. September in Malta bekannt<\/strong> gegeben. Der Hauptpreis ist in jeder Kategorie eine komplett finanzierte Reise zur Kartonfabrik Stora Enso im schwedischen Wald sowie eine praktische Schulung bei AR Packaging.<\/p><div id=\"packa-1112520711\" class=\"packa-inhalt\"><!--noptimize--><script async src=\"https:\/\/pagead2.googlesyndication.com\/pagead\/js\/adsbygoogle.js?client=ca-pub-2686439340972671\" crossorigin=\"anonymous\"><\/script>\r\n<ins class=\"adsbygoogle\" style=\"display:block;text-align:center\" data-ad-layout=\"in-article\" data-ad-format=\"fluid\" data-ad-client=\"ca-pub-2686439340972671\" data-ad-slot=\"6171251825\"><\/ins>\r\n<script>\r\n     (adsbygoogle = window.adsbygoogle || []).push({});\r\n<\/script><!--\/noptimize--><\/div>\n[infotext icon]\u00a0Pro Carton ist die Europ\u00e4ische Vereinigung der Karton- und Faltschachtel Industrie. Ihr Ziel ist es, Karton und Faltschachtel als \u00f6konomisch und \u00f6kologisch ausgewogenes Verpackungsmedium zu f\u00f6rdern. [\/infotext]\n<p><em>Quelle: Storm Communications<\/em><\/p>\n","protected":false},"excerpt":{"rendered":"The Pro Carton Young Designers Award, Europe's leading annual competition for young packaging designers, received 461 entries - more than ever before in the competition's history.","protected":false},"author":14,"featured_media":24256,"comment_status":"closed","ping_status":"open","sticky":false,"template":"","format":"standard","meta":{"_acf_changed":false,"__cvm_playback_settings":[],"__cvm_video_id":"","rank_math_description":"","rank_math_focus_keyword":"","rank_math_title":"","csco_display_header_overlay":false,"csco_singular_sidebar":"","csco_page_header_type":"","csco_page_load_nextpost":"","csco_post_video_location":[],"csco_post_video_location_hash":"","csco_post_video_url":"","csco_post_video_bg_start_time":0,"csco_post_video_bg_end_time":0,"footnotes":"","_links_to":"","_links_to_target":""},"categories":[7,22,23,21],"tags":[54,46,36,31,32,1487,33,39],"class_list":{"0":"post-24253","1":"post","2":"type-post","3":"status-publish","4":"format-standard","5":"has-post-thumbnail","7":"category-messen-und-veranstaltungen","8":"category-packmittel-und-packstoffe","9":"category-marketing-und-design","10":"category-verpackungstechnik","11":"tag-kunststoff-und-verbunde","12":"tag-marketing-und-design","13":"tag-markt","14":"tag-nachhaltigkeit-und-green-packaging","15":"tag-packmittel-und-packstoffe","16":"tag-papier-pappe-karton","17":"tag-veranstaltungen","18":"tag-verpackungstechnik","19":"cs-entry","20":"cs-video-wrap"},"acf":[],"vimeo_video":null,"_links":{"self":[{"href":"https:\/\/packaging-journal.de\/en\/wp-json\/wp\/v2\/posts\/24253","targetHints":{"allow":["GET"]}}],"collection":[{"href":"https:\/\/packaging-journal.de\/en\/wp-json\/wp\/v2\/posts"}],"about":[{"href":"https:\/\/packaging-journal.de\/en\/wp-json\/wp\/v2\/types\/post"}],"author":[{"embeddable":true,"href":"https:\/\/packaging-journal.de\/en\/wp-json\/wp\/v2\/users\/14"}],"replies":[{"embeddable":true,"href":"https:\/\/packaging-journal.de\/en\/wp-json\/wp\/v2\/comments?post=24253"}],"version-history":[{"count":0,"href":"https:\/\/packaging-journal.de\/en\/wp-json\/wp\/v2\/posts\/24253\/revisions"}],"wp:featuredmedia":[{"embeddable":true,"href":"https:\/\/packaging-journal.de\/en\/wp-json\/wp\/v2\/media\/24256"}],"wp:attachment":[{"href":"https:\/\/packaging-journal.de\/en\/wp-json\/wp\/v2\/media?parent=24253"}],"wp:term":[{"taxonomy":"category","embeddable":true,"href":"https:\/\/packaging-journal.de\/en\/wp-json\/wp\/v2\/categories?post=24253"},{"taxonomy":"post_tag","embeddable":true,"href":"https:\/\/packaging-journal.de\/en\/wp-json\/wp\/v2\/tags?post=24253"}],"curies":[{"name":"wp","href":"https:\/\/api.w.org\/{rel}","templated":true}]}}