{"id":25591,"date":"2019-08-08T16:00:48","date_gmt":"2019-08-08T14:00:48","guid":{"rendered":"https:\/\/packaging-journal.de\/?p=25591"},"modified":"2019-08-08T16:21:44","modified_gmt":"2019-08-08T14:21:44","slug":"interseroh-recycled-resource","status":"publish","type":"post","link":"https:\/\/packaging-journal.de\/en\/interseroh-recycled-resource\/","title":{"rendered":"Recycle plastic, protect the climate"},"content":{"rendered":"<p>Nachhaltige Investition in die Kreislaufwirtschaft: Mit der konsequenten Weiterentwicklung seines Recyclingverfahrens Recycled-Resource \u2013 zuletzt durch die Einf\u00fchrung des Kaskaden-Extrusionssystem COREMA<sup>\u00ae <\/sup>\u00a0\u2013 tr\u00e4gt der Umweltdienstleister Interseroh aktiv zum Klima- und Ressourcenschutz bei. Dies best\u00e4tigt eine aktuelle Studie des Fraunhofer-Instituts f\u00fcr Umwelt-, Sicherheits- und Energietechnik UMSICHT im Auftrag von Interseroh.<\/p>\n<p>Nach den Berechnungen der Wissenschaftler spart der Einsatz des <strong>Recyclingkunststoffs Recythen<\/strong> mit dem neuen einstufigen Prozess nun im Schnitt 60 Prozent klimasch\u00e4dliche Emissionen im Vergleich zur Verwendung von Neugranulat aus Roh\u00f6l ein. Zudem liegt der Verbrauch an Prim\u00e4renergie je Tonne um rund 21.000 kWh unter dem Vergleichswert. Die Differenz entspricht in etwa dem Energieaufwand von 14.000 Waschladungen.<\/p>\n<p>Selbst der Einsatz des aufgrund von Individualisierungen relativ aufwendig produzierten Recyclingrohstoffs Procyclen spart noch 54 Prozent klimasch\u00e4dliche Treibhausgasemissionen ein. Die Daten beruhen auf Werten von 2018.<\/p><div class=\"packa-in-post-alle\" style=\"text-align: center;\" id=\"packa-3762266181\"><div id=\"packa-2795168756\"><a data-no-instant=\"1\" href=\"https:\/\/packaging-journal.de\/en\/newsletter\/\" rel=\"noopener\" class=\"a2t-link\" target=\"_blank\" aria-label=\"PJ Eigenwerbung English 03\"><!--noptimize--><img src=\"https:\/\/packaging-journal.de\/wp-content\/uploads\/2026\/01\/PJ-Eigenwerbung-English-03.png\" alt=\"\"  srcset=\"https:\/\/packaging-journal.de\/wp-content\/uploads\/2026\/01\/PJ-Eigenwerbung-English-03.png 840w, https:\/\/packaging-journal.de\/wp-content\/uploads\/2026\/01\/PJ-Eigenwerbung-English-03-300x75.png 300w, https:\/\/packaging-journal.de\/wp-content\/uploads\/2026\/01\/PJ-Eigenwerbung-English-03-768x192.png 768w, https:\/\/packaging-journal.de\/wp-content\/uploads\/2026\/01\/PJ-Eigenwerbung-English-03-18x5.png 18w, https:\/\/packaging-journal.de\/wp-content\/uploads\/2026\/01\/PJ-Eigenwerbung-English-03-332x83.png 332w, https:\/\/packaging-journal.de\/wp-content\/uploads\/2026\/01\/PJ-Eigenwerbung-English-03-664x166.png 664w, https:\/\/packaging-journal.de\/wp-content\/uploads\/2026\/01\/PJ-Eigenwerbung-English-03-688x172.png 688w\" sizes=\"(max-width: 840px) 100vw, 840px\" width=\"840\" height=\"210\"  style=\" max-width: 100%; height: auto;\" \/><!--\/noptimize--><\/a><\/div><\/div>\n<blockquote><p>\u201eDie Zahlen best\u00e4rken uns darin, dass wir auf dem richtigen Weg sind\u201c, sagt <strong>Dr. Manica Ulcnik-Krump,<\/strong> Leiterin der Business Unit Recycled-Resource bei der INTERSEROH Dienstleistungs GmbH. \u201eEine technisch weiter verbesserte, effektive Kreislauff\u00fchrung von Kunststoffen entlastet das Klima \u2013 und erh\u00f6ht zugleich den Nutzen f\u00fcr unsere Kunden aus der Industrie.\u201c<\/p><\/blockquote>\n<p><strong>Recompounds<\/strong>, die mithilfe des Interseroh-eigenen Recycled-Resource-Verfahrens hergestellt werden, ersetzen bereits in vielen Bereichen Neuware. Mit dem innovativen Extrusionssystem COREMA<sup>\u00ae<\/sup>, f\u00fcr das Interseroh und der Hersteller EREMA 2019 mit dem Plastics Recycling Award Europe ausgezeichnet wurden, ist es erstmals m\u00f6glich, ma\u00dfgeschneiderte Recycling-Compounds in nur einem statt bisher in zwei Verfahrensschritten herzustellen.<\/p>\n<blockquote><p>\u201eDies senkt den Energie- und Ressourcenverbrauch noch einmal sp\u00fcrbar\u201c, so <strong>Dr.-Ing. Markus Hiebel, <\/strong>Abteilungsleiter Nachhaltigkeits- und Ressourcenmanagement bei Fraunhofer UMSICHT.<\/p><\/blockquote>\n<p>Zudem lassen sich direkt im Herstellungsprozess Additive, Modifikatoren und <strong>anorganische F\u00fcllstoffe beimischen<\/strong>. Die Qualit\u00e4tskontrolle der Materialrheologie und Farbstabilit\u00e4t erfolgt dabei digital in Echtzeit. So kann Interseroh individuelle Recompounds f\u00fcr besonders hochwertige Anwendungen nach Kundenwunsch herstellen \u2013 und zugleich das Klima schonen.<\/p><div id=\"packa-2233072021\" class=\"packa-inhalt\"><!--noptimize--><script async src=\"https:\/\/pagead2.googlesyndication.com\/pagead\/js\/adsbygoogle.js?client=ca-pub-2686439340972671\" crossorigin=\"anonymous\"><\/script>\r\n<ins class=\"adsbygoogle\" style=\"display:block;text-align:center\" data-ad-layout=\"in-article\" data-ad-format=\"fluid\" data-ad-client=\"ca-pub-2686439340972671\" data-ad-slot=\"6171251825\"><\/ins>\r\n<script>\r\n     (adsbygoogle = window.adsbygoogle || []).push({});\r\n<\/script><!--\/noptimize--><\/div>\n[infotext icon]\n<p><strong>\u00dcber Interseroh: <\/strong>Interseroh ist neben ALBA eine der Marken unter dem Dach der ALBA Group. Die ALBA Group ist in Deutschland und Europa sowie in Asien aktiv. Im Jahr 2017 erwirtschafteten ihre Gesch\u00e4ftsbereiche einen Umsatz von rund 1,8 Milliarden Euro und besch\u00e4ftigten insgesamt rund 7.500 Mitarbeiter. Damit ist die ALBA Group einer der f\u00fchrenden Recycling- und Umweltdienstleister sowie Rohstoffversorger weltweit. Durch die Recyclingaktivit\u00e4ten der ALBA Group konnten allein im Jahr 2017 rund 4,1 Millionen Tonnen Treibhausgase im Vergleich zur Prim\u00e4rproduktion und rund 30,2 Millionen Tonnen Prim\u00e4rrohstoffe eingespart werden.<\/p>\n[\/infotext]\n<p>Quelle: ALBA Group<\/p>\n<p>&nbsp;<\/p>\n<p>&nbsp;<\/p>\n<p>&nbsp;<\/p>\n<p>&nbsp;<\/p>\n<p>&nbsp;<\/p>\n<p>&nbsp;<\/p>\n<p>&nbsp;<\/p>\n","protected":false},"excerpt":{"rendered":"With the consistent further development of its recycling process Recycled-Resource, the environmental services provider Interseroh is actively contributing to climate and resource protection","protected":false},"author":4,"featured_media":25592,"comment_status":"closed","ping_status":"closed","sticky":false,"template":"","format":"standard","meta":{"_acf_changed":false,"__cvm_playback_settings":[],"__cvm_video_id":"","rank_math_description":"","rank_math_focus_keyword":"","rank_math_title":"","csco_display_header_overlay":false,"csco_singular_sidebar":"","csco_page_header_type":"","csco_page_load_nextpost":"","csco_post_video_location":[],"csco_post_video_location_hash":"","csco_post_video_url":"","csco_post_video_bg_start_time":0,"csco_post_video_bg_end_time":0,"footnotes":"","_links_to":"","_links_to_target":""},"categories":[114],"tags":[65,43,31,40],"class_list":{"0":"post-25591","1":"post","2":"type-post","3":"status-publish","4":"format-standard","5":"has-post-thumbnail","7":"category-aus-den-unternehmen-news","8":"tag-abfalltechnik-und-recycling","9":"tag-aus-den-unternehmen","10":"tag-nachhaltigkeit-und-green-packaging","11":"tag-pharma-kosmetik-chemie","12":"cs-entry","13":"cs-video-wrap"},"acf":[],"vimeo_video":null,"_links":{"self":[{"href":"https:\/\/packaging-journal.de\/en\/wp-json\/wp\/v2\/posts\/25591","targetHints":{"allow":["GET"]}}],"collection":[{"href":"https:\/\/packaging-journal.de\/en\/wp-json\/wp\/v2\/posts"}],"about":[{"href":"https:\/\/packaging-journal.de\/en\/wp-json\/wp\/v2\/types\/post"}],"author":[{"embeddable":true,"href":"https:\/\/packaging-journal.de\/en\/wp-json\/wp\/v2\/users\/4"}],"replies":[{"embeddable":true,"href":"https:\/\/packaging-journal.de\/en\/wp-json\/wp\/v2\/comments?post=25591"}],"version-history":[{"count":0,"href":"https:\/\/packaging-journal.de\/en\/wp-json\/wp\/v2\/posts\/25591\/revisions"}],"wp:featuredmedia":[{"embeddable":true,"href":"https:\/\/packaging-journal.de\/en\/wp-json\/wp\/v2\/media\/25592"}],"wp:attachment":[{"href":"https:\/\/packaging-journal.de\/en\/wp-json\/wp\/v2\/media?parent=25591"}],"wp:term":[{"taxonomy":"category","embeddable":true,"href":"https:\/\/packaging-journal.de\/en\/wp-json\/wp\/v2\/categories?post=25591"},{"taxonomy":"post_tag","embeddable":true,"href":"https:\/\/packaging-journal.de\/en\/wp-json\/wp\/v2\/tags?post=25591"}],"curies":[{"name":"wp","href":"https:\/\/api.w.org\/{rel}","templated":true}]}}