{"id":27416,"date":"2019-10-11T11:00:06","date_gmt":"2019-10-11T09:00:06","guid":{"rendered":"https:\/\/packaging-journal.de\/?p=27416"},"modified":"2020-10-06T16:17:25","modified_gmt":"2020-10-06T14:17:25","slug":"illig-world-premieres","status":"publish","type":"post","link":"https:\/\/packaging-journal.de\/en\/illig-weltpremieren\/","title":{"rendered":"Illig with world premieres at the K 2019"},"content":{"rendered":"<p>Die Illig Maschinenbau GmbH &amp; Co., Heilbronn, pr\u00e4sentiert auf der K 2019 mehrere technologische Weltpremieren: Neue IML-T<sup>\u00ae<\/sup> Cardboard-Anwendung spart 60 Prozent Kunststoff ein und l\u00e4sst sich einfach sortenrein trennen. Das neue Thermoformsystem IC-RDKL\u00a080 dient der Produktion dekorierter IML-T<sup>\u00ae<\/sup>-Deckel aus R-PET.<\/p>\n<p>Der Systemanbieter f\u00fcr Maschinen und Werkzeuge f\u00fcr das Thermoformen von Kunststoffen stellt <strong>mehrere Weltneuheiten aus seiner Werkzeug- und Maschinenbauentwicklung<\/strong> vor. Unter anderem die einfach <strong>recycelbare Kunststoff-Karton-Verbundpackung IML-T<sup>\u00ae<\/sup> Cardboard<\/strong>, eine brillant doppelseitig dekorierbare Verpackung, die sich durch einfaches Trennen von Kunststoff-Inlay und Kartonummantelung auszeichnet.<\/p>\n<p>Diese Verpackungsl\u00f6sung hat das Unternehmen mit einem interdisziplin\u00e4ren Illig Pactivity<sup>\u00ae<\/sup>-Expertenteam nach den Anforderungen des \u201eCircular Thinking!\u201c entwickelt. Diese L\u00f6sung ist auf allen Illig IML-T<sup>\u00ae<\/sup>-Anlagen herstellbar und <strong>birgt neue M\u00f6glichkeiten der Dekorationstechnologie im Thermoformen<\/strong>.<\/p><div class=\"packa-in-post-alle\" style=\"text-align: center;\" id=\"packa-1746998020\"><div id=\"packa-625368896\"><a data-no-instant=\"1\" href=\"https:\/\/packaging-journal.de\/en\/newsletter\/\" rel=\"noopener\" class=\"a2t-link\" target=\"_blank\" aria-label=\"PJ Eigenwerbung English 03\"><!--noptimize--><img src=\"https:\/\/packaging-journal.de\/wp-content\/uploads\/2026\/01\/PJ-Eigenwerbung-English-03.png\" alt=\"\"  srcset=\"https:\/\/packaging-journal.de\/wp-content\/uploads\/2026\/01\/PJ-Eigenwerbung-English-03.png 840w, https:\/\/packaging-journal.de\/wp-content\/uploads\/2026\/01\/PJ-Eigenwerbung-English-03-300x75.png 300w, https:\/\/packaging-journal.de\/wp-content\/uploads\/2026\/01\/PJ-Eigenwerbung-English-03-768x192.png 768w, https:\/\/packaging-journal.de\/wp-content\/uploads\/2026\/01\/PJ-Eigenwerbung-English-03-18x5.png 18w, https:\/\/packaging-journal.de\/wp-content\/uploads\/2026\/01\/PJ-Eigenwerbung-English-03-332x83.png 332w, https:\/\/packaging-journal.de\/wp-content\/uploads\/2026\/01\/PJ-Eigenwerbung-English-03-664x166.png 664w, https:\/\/packaging-journal.de\/wp-content\/uploads\/2026\/01\/PJ-Eigenwerbung-English-03-688x172.png 688w\" sizes=\"(max-width: 840px) 100vw, 840px\" width=\"840\" height=\"210\"  style=\" max-width: 100%; height: auto;\" \/><!--\/noptimize--><\/a><\/div><\/div>\n<figure id=\"attachment_27418\" aria-describedby=\"caption-attachment-27418\" style=\"width: 600px\" class=\"wp-caption alignnone\"><img fetchpriority=\"high\" decoding=\"async\" class=\"wp-image-27418\" title=\"Becher aus R-PET mit leicht abzul\u00f6senden Papieretiketten. (Bild: Illig)\" src=\"https:\/\/packaging-journal.de\/wp-content\/uploads\/2019\/10\/K-Heft_FB_Illig_Kunststoff-Karton-Verpackung.jpg\" alt=\"Kunststoff-Karton-Verpackung\" width=\"600\" height=\"451\" srcset=\"https:\/\/packaging-journal.de\/wp-content\/uploads\/2019\/10\/K-Heft_FB_Illig_Kunststoff-Karton-Verpackung.jpg 1200w, https:\/\/packaging-journal.de\/wp-content\/uploads\/2019\/10\/K-Heft_FB_Illig_Kunststoff-Karton-Verpackung-600x451.jpg 600w, https:\/\/packaging-journal.de\/wp-content\/uploads\/2019\/10\/K-Heft_FB_Illig_Kunststoff-Karton-Verpackung-300x225.jpg 300w, https:\/\/packaging-journal.de\/wp-content\/uploads\/2019\/10\/K-Heft_FB_Illig_Kunststoff-Karton-Verpackung-768x577.jpg 768w, https:\/\/packaging-journal.de\/wp-content\/uploads\/2019\/10\/K-Heft_FB_Illig_Kunststoff-Karton-Verpackung-1024x769.jpg 1024w\" sizes=\"(max-width: 600px) 100vw, 600px\" \/><figcaption id=\"caption-attachment-27418\" class=\"wp-caption-text\">Becher aus R-PET mit leicht abzul\u00f6senden Papieretiketten. (Bild: Illig)<\/figcaption><\/figure>\n<h2><strong>Erstmals brillante Deckeldekoration mit IML-T<sup>\u00ae<\/sup><\/strong><\/h2>\n<p>Mit einer weiteren IML-T<sup>\u00ae<\/sup>-Premiere werden <strong>Becher aus R-PET mit leicht abzul\u00f6senden Papieretiketten<\/strong> vorgestellt. Diese Anwendung wird mit einem weiteren technologischen Meilenstein im Thermoformen erg\u00e4nzt. Erstmals auf der K\u00a02019 pr\u00e4sentiert, produziert das neue Thermoformsystem IC-RDKL\u00a080 brillant dekorierte Deckel aus R-PET, abgestimmt auf die dekorierten R-PET Becher. Illig ist damit <strong>weltweit einziger Anbieter von mehreren IML-T\u00aeThermoformsystemen<\/strong> aus einer Hand und reagiert mit diesen Neuentwicklungen auf die gestiegene Nachfrage nach IML-T\u00ae-Anwendungen.<\/p>\n<p>Eine weitere Weltpremiere ist die Vorstellung der ersten Thermoformanlage der vierten Generation. Das neue Produktionssystem IC-RDM\u00a076K verf\u00fcgt \u00fcber eine hohe Leistung und hat ein komplett neues Antriebssystem sowie eine deutlich gr\u00f6\u00dfere Schlie\u00dfkraft. Die Maschine produziert auf der Messe <strong>Trinkbecher aus recyceltem PET.<\/strong><\/p><div id=\"packa-3820083517\" class=\"packa-inhalt\"><!--noptimize--><script async src=\"https:\/\/pagead2.googlesyndication.com\/pagead\/js\/adsbygoogle.js?client=ca-pub-2686439340972671\" crossorigin=\"anonymous\"><\/script>\r\n<ins class=\"adsbygoogle\" style=\"display:block;text-align:center\" data-ad-layout=\"in-article\" data-ad-format=\"fluid\" data-ad-client=\"ca-pub-2686439340972671\" data-ad-slot=\"6171251825\"><\/ins>\r\n<script>\r\n     (adsbygoogle = window.adsbygoogle || []).push({});\r\n<\/script><!--\/noptimize--><\/div>\n<figure id=\"attachment_27419\" aria-describedby=\"caption-attachment-27419\" style=\"width: 600px\" class=\"wp-caption alignnone\"><img decoding=\"async\" class=\"wp-image-27419\" title=\"Erste Thermoformanlage der vierten Generation von Illig auf der K 2019. (Bild. Illig)\" src=\"https:\/\/packaging-journal.de\/wp-content\/uploads\/2019\/10\/K-Heft_FB_Illig_Thermoformsystem.jpg\" alt=\"Thermoformanlage der vierten Generation von Illig\" width=\"600\" height=\"331\" srcset=\"https:\/\/packaging-journal.de\/wp-content\/uploads\/2019\/10\/K-Heft_FB_Illig_Thermoformsystem.jpg 1200w, https:\/\/packaging-journal.de\/wp-content\/uploads\/2019\/10\/K-Heft_FB_Illig_Thermoformsystem-600x331.jpg 600w, https:\/\/packaging-journal.de\/wp-content\/uploads\/2019\/10\/K-Heft_FB_Illig_Thermoformsystem-300x166.jpg 300w, https:\/\/packaging-journal.de\/wp-content\/uploads\/2019\/10\/K-Heft_FB_Illig_Thermoformsystem-768x424.jpg 768w, https:\/\/packaging-journal.de\/wp-content\/uploads\/2019\/10\/K-Heft_FB_Illig_Thermoformsystem-1024x565.jpg 1024w, https:\/\/packaging-journal.de\/wp-content\/uploads\/2019\/10\/K-Heft_FB_Illig_Thermoformsystem-120x67.jpg 120w\" sizes=\"(max-width: 600px) 100vw, 600px\" \/><figcaption id=\"caption-attachment-27419\" class=\"wp-caption-text\">Erste Thermoformanlage der vierten Generation von Illig auf der K 2019. (Bild. Illig)<\/figcaption><\/figure>\n[infotext icon] Der verantwortungsvolle Umgang mit Kunststoffen und das Streben nach geschlossenen Materialkreisl\u00e4ufen sind Illig als traditionellem Familienunternehmen und als Pionier im Thermoformen sehr wichtig. Das Unternehmen treibt hierzu Neuentwicklungen unter dem Dach der 360\u00b0 ma\u00dfgeschneiderten Verpackungsentwicklung Pactivity<sup>\u00ae<\/sup> stetig voran. [\/infotext]\n<p><strong>Illig auf der K 2019: Halle 3, Stand A52<\/strong><\/p>\n<p><a href=\"http:\/\/www.illig-group.com\/\" target=\"_blank\" rel=\"noopener noreferrer\">http:\/\/www.illig-group.com<\/a><\/p>\n<p>&nbsp;<\/p>\n","protected":false},"excerpt":{"rendered":"Illig Maschinenbau GmbH &amp; Co. is presenting several technological world premieres at K 2019, such as the IML-T\u00ae Cardboard application, which saves 60 per cent on plastic.","protected":false},"author":14,"featured_media":27417,"comment_status":"closed","ping_status":"open","sticky":false,"template":"","format":"standard","meta":{"_acf_changed":false,"__cvm_playback_settings":[],"__cvm_video_id":"","rank_math_description":"","rank_math_focus_keyword":"","rank_math_title":"","csco_display_header_overlay":false,"csco_singular_sidebar":"","csco_page_header_type":"","csco_page_load_nextpost":"","csco_post_video_location":[],"csco_post_video_location_hash":"","csco_post_video_url":"","csco_post_video_bg_start_time":0,"csco_post_video_bg_end_time":0,"footnotes":"","_links_to":"","_links_to_target":""},"categories":[7,21],"tags":[58800,907,54,38,39],"class_list":{"0":"post-27416","1":"post","2":"type-post","3":"status-publish","4":"format-standard","5":"has-post-thumbnail","7":"category-messen-und-veranstaltungen","8":"category-verpackungstechnik","9":"tag-illig","10":"tag-k-messe","11":"tag-kunststoff-und-verbunde","12":"tag-lebensmittel","13":"tag-verpackungstechnik","14":"cs-entry","15":"cs-video-wrap"},"acf":[],"vimeo_video":null,"_links":{"self":[{"href":"https:\/\/packaging-journal.de\/en\/wp-json\/wp\/v2\/posts\/27416","targetHints":{"allow":["GET"]}}],"collection":[{"href":"https:\/\/packaging-journal.de\/en\/wp-json\/wp\/v2\/posts"}],"about":[{"href":"https:\/\/packaging-journal.de\/en\/wp-json\/wp\/v2\/types\/post"}],"author":[{"embeddable":true,"href":"https:\/\/packaging-journal.de\/en\/wp-json\/wp\/v2\/users\/14"}],"replies":[{"embeddable":true,"href":"https:\/\/packaging-journal.de\/en\/wp-json\/wp\/v2\/comments?post=27416"}],"version-history":[{"count":0,"href":"https:\/\/packaging-journal.de\/en\/wp-json\/wp\/v2\/posts\/27416\/revisions"}],"wp:featuredmedia":[{"embeddable":true,"href":"https:\/\/packaging-journal.de\/en\/wp-json\/wp\/v2\/media\/27417"}],"wp:attachment":[{"href":"https:\/\/packaging-journal.de\/en\/wp-json\/wp\/v2\/media?parent=27416"}],"wp:term":[{"taxonomy":"category","embeddable":true,"href":"https:\/\/packaging-journal.de\/en\/wp-json\/wp\/v2\/categories?post=27416"},{"taxonomy":"post_tag","embeddable":true,"href":"https:\/\/packaging-journal.de\/en\/wp-json\/wp\/v2\/tags?post=27416"}],"curies":[{"name":"wp","href":"https:\/\/api.w.org\/{rel}","templated":true}]}}