{"id":27967,"date":"2019-10-29T13:45:45","date_gmt":"2019-10-29T12:45:45","guid":{"rendered":"https:\/\/packaging-journal.de\/?p=27967"},"modified":"2020-05-15T14:54:16","modified_gmt":"2020-05-15T12:54:16","slug":"reusable-alternative-yoghurt-plastic-lid","status":"publish","type":"post","link":"https:\/\/packaging-journal.de\/en\/mehrweg-alternative-joghurt-plastikdeckel\/","title":{"rendered":"Reusable alternative for yoghurt plastic lids"},"content":{"rendered":"<p>Der Edeka-Verbund verzichtet bei vielen Eigenmarken-Milchprodukten im 500g-Becher zuk\u00fcnftig auf die \u00fcblichen Plastikdeckel. Als Alternative bieten Edeka und Netto Marken-Discount als erste H\u00e4ndler wiederverwendbare Mehrweg-Frischedeckel an.\u00a0Auf diese Weise lassen sich j\u00e4hrlich \u00fcber 300 Tonnen Plastik einsparen.<\/p>\n<p>Die Verpackung von Eigenmarken-Milchprodukteartikeln wie Joghurt oder Skyr in der Gro\u00dfpackung (500 g) besteht meist aus Plastikbecher, versiegelnder Folie (&#8222;Platine&#8220;) und einem Plastikdeckel. Mit dem Deckel kann der Verbraucher das Produkt wiederverschlie\u00dfen und im K\u00fchlschrank einige Tage aufbewahren.<\/p>\n<h2>Wiederverwendbarer Plastikdeckel<\/h2>\n<p>Danach wandert der Deckel \u00fcblicherweise in den M\u00fcll &#8211; doch damit ist nun Schluss: Edeka und Netto Marken-Discount bieten nun die ersten Gro\u00dfbecher &#8222;oben ohne&#8220; an. Damit die Produkte trotzdem frisch bleiben, haben die H\u00e4ndler einen <strong>Mehrweg-Deckel aus Silikon<\/strong> entwickelt. Einmal erworben, kann er zuhause vielfach wiederverwendet werden und punktet damit in der \u00d6kobilanz deutlich gegen\u00fcber der bisher \u00fcblichen Einwegl\u00f6sung.<\/p><div class=\"packa-in-post-alle\" style=\"text-align: center;\" id=\"packa-3905398957\"><div id=\"packa-2035111501\"><a data-no-instant=\"1\" href=\"https:\/\/packaging-journal.de\/en\/newsletter\/\" rel=\"noopener\" class=\"a2t-link\" target=\"_blank\" aria-label=\"PJ Eigenwerbung English 03\"><!--noptimize--><img src=\"https:\/\/packaging-journal.de\/wp-content\/uploads\/2026\/01\/PJ-Eigenwerbung-English-03.png\" alt=\"\"  srcset=\"https:\/\/packaging-journal.de\/wp-content\/uploads\/2026\/01\/PJ-Eigenwerbung-English-03.png 840w, https:\/\/packaging-journal.de\/wp-content\/uploads\/2026\/01\/PJ-Eigenwerbung-English-03-300x75.png 300w, https:\/\/packaging-journal.de\/wp-content\/uploads\/2026\/01\/PJ-Eigenwerbung-English-03-768x192.png 768w, https:\/\/packaging-journal.de\/wp-content\/uploads\/2026\/01\/PJ-Eigenwerbung-English-03-18x5.png 18w, https:\/\/packaging-journal.de\/wp-content\/uploads\/2026\/01\/PJ-Eigenwerbung-English-03-332x83.png 332w, https:\/\/packaging-journal.de\/wp-content\/uploads\/2026\/01\/PJ-Eigenwerbung-English-03-664x166.png 664w, https:\/\/packaging-journal.de\/wp-content\/uploads\/2026\/01\/PJ-Eigenwerbung-English-03-688x172.png 688w\" sizes=\"(max-width: 840px) 100vw, 840px\" width=\"840\" height=\"210\"  style=\" max-width: 100%; height: auto;\" \/><!--\/noptimize--><\/a><\/div><\/div>\n<p>Edeka startet Anfang November, ab dann werden acht Artikel von Gut&amp;G\u00fcnstig, Edeka und Edeka Bio im 500g-Becher ohne Plastikdeckel ausgeliefert. Netto Marken-Discount hat bereits mehrere 500g-Joghurt- und -Puddingbecher ohne Plastikdeckel in die Regale gebracht. Die passenden Mehrweg-Frischedeckel zum Wiederverschlie\u00dfen und vielfachen Gebrauch sind ebenfalls<strong> ab November in der Zweier-Packung f\u00fcr 0,99 Euro in den Edeka Superm\u00e4rkten erh\u00e4ltlich<\/strong>.<\/p>\n<h2>Nachhaltigkeit auf ganzer Linie<\/h2>\n<p>Verpackungsvermeidung und -optimierung sind seit Jahren wichtige Anliegen von Edeka. Dabei verfolgt der Verbund einen ganzheitlichen Ansatz: Grunds\u00e4tzlich gilt es, den Verpackungsverbrauch wo m\u00f6glich zu vermeiden. Ist die Vermeidung nicht m\u00f6glich, setzt Edeka auf das Prinzip <strong>&#8222;Mehrweg statt Einweg&#8220;<\/strong>. Dar\u00fcber hinaus wird der Einsatz von Recycling-Rohstoffen forciert.<\/p><div id=\"packa-1101007685\" class=\"packa-inhalt\"><!--noptimize--><script async src=\"https:\/\/pagead2.googlesyndication.com\/pagead\/js\/adsbygoogle.js?client=ca-pub-2686439340972671\" crossorigin=\"anonymous\"><\/script>\r\n<ins class=\"adsbygoogle\" style=\"display:block;text-align:center\" data-ad-layout=\"in-article\" data-ad-format=\"fluid\" data-ad-client=\"ca-pub-2686439340972671\" data-ad-slot=\"6171251825\"><\/ins>\r\n<script>\r\n     (adsbygoogle = window.adsbygoogle || []).push({});\r\n<\/script><!--\/noptimize--><\/div>\n[infotext icon] Mehr Informationen zum Nachhaltigkeitskonzept von Edeka gibt es\u00a0<a href=\"https:\/\/www.edeka.de\/nachhaltigkeit\/unsere-wwf-partnerschaft\/verpackungen\/umweltfreundliche_verpackungen.jsp\" target=\"_blank\" rel=\"noopener noreferrer\">HIER<\/a> [\/infotext]\n<p><em>Quelle: Edeka Zentrale AG &amp; Co. KG<\/em><\/p>\n","protected":false},"excerpt":{"rendered":"In future, the Edeka Group will no longer use the usual plastic lids for many own-brand milk products in 500g tubs. Reusable lids are available as an alternative.","protected":false},"author":14,"featured_media":27980,"comment_status":"closed","ping_status":"open","sticky":false,"template":"","format":"standard","meta":{"_acf_changed":false,"__cvm_playback_settings":[],"__cvm_video_id":"","rank_math_description":"","rank_math_focus_keyword":"","rank_math_title":"","csco_display_header_overlay":false,"csco_singular_sidebar":"","csco_page_header_type":"","csco_page_load_nextpost":"","csco_post_video_location":[],"csco_post_video_location_hash":"","csco_post_video_url":"","csco_post_video_bg_start_time":0,"csco_post_video_bg_end_time":0,"footnotes":"","_links_to":"","_links_to_target":""},"categories":[114,22,23],"tags":[43,54,38,46,31,32,68],"class_list":{"0":"post-27967","1":"post","2":"type-post","3":"status-publish","4":"format-standard","5":"has-post-thumbnail","7":"category-aus-den-unternehmen-news","8":"category-packmittel-und-packstoffe","9":"category-marketing-und-design","10":"tag-aus-den-unternehmen","11":"tag-kunststoff-und-verbunde","12":"tag-lebensmittel","13":"tag-marketing-und-design","14":"tag-nachhaltigkeit-und-green-packaging","15":"tag-packmittel-und-packstoffe","16":"tag-verschluesse-und-verschliesssysteme","17":"cs-entry","18":"cs-video-wrap"},"acf":[],"vimeo_video":null,"_links":{"self":[{"href":"https:\/\/packaging-journal.de\/en\/wp-json\/wp\/v2\/posts\/27967","targetHints":{"allow":["GET"]}}],"collection":[{"href":"https:\/\/packaging-journal.de\/en\/wp-json\/wp\/v2\/posts"}],"about":[{"href":"https:\/\/packaging-journal.de\/en\/wp-json\/wp\/v2\/types\/post"}],"author":[{"embeddable":true,"href":"https:\/\/packaging-journal.de\/en\/wp-json\/wp\/v2\/users\/14"}],"replies":[{"embeddable":true,"href":"https:\/\/packaging-journal.de\/en\/wp-json\/wp\/v2\/comments?post=27967"}],"version-history":[{"count":0,"href":"https:\/\/packaging-journal.de\/en\/wp-json\/wp\/v2\/posts\/27967\/revisions"}],"wp:featuredmedia":[{"embeddable":true,"href":"https:\/\/packaging-journal.de\/en\/wp-json\/wp\/v2\/media\/27980"}],"wp:attachment":[{"href":"https:\/\/packaging-journal.de\/en\/wp-json\/wp\/v2\/media?parent=27967"}],"wp:term":[{"taxonomy":"category","embeddable":true,"href":"https:\/\/packaging-journal.de\/en\/wp-json\/wp\/v2\/categories?post=27967"},{"taxonomy":"post_tag","embeddable":true,"href":"https:\/\/packaging-journal.de\/en\/wp-json\/wp\/v2\/tags?post=27967"}],"curies":[{"name":"wp","href":"https:\/\/api.w.org\/{rel}","templated":true}]}}