{"id":28029,"date":"2019-10-29T16:15:28","date_gmt":"2019-10-29T15:15:28","guid":{"rendered":"https:\/\/packaging-journal.de\/?p=28029"},"modified":"2020-07-24T12:12:18","modified_gmt":"2020-07-24T10:12:18","slug":"packaging-law-shows-effect","status":"publish","type":"post","link":"https:\/\/packaging-journal.de\/en\/verpackungsgesetz-zeigt-wirkung\/","title":{"rendered":"Packaging law shows effect"},"content":{"rendered":"<p>10 Monate nach Inkrafttreten des Verpackungsgesetzes am 1. Januar 2019 zieht die Zentrale Stelle Verpackungsregister (ZSVR) eine erste positive Zwischenbilanz. Die Anzahl der Registrierungen im Verpackungsregister LUCID habe sich seit Ende 2018 verdreifacht.<\/p>\n<p>Trotz des hohen Zeitdrucks seit Ver\u00f6ffentlichung des Gesetzes im Juli 2017 habe man alle Meilensteine planm\u00e4\u00dfig erreicht \u2013 zuletzt mit der Ver\u00f6ffentlichung des <strong>Mindeststandards zur Bemessung des recyclinggerechten Designs von Verpackungen<\/strong> zum 1. September 2019. Auch der <strong>Grad der Systembeteiligung<\/strong> ist bei den Materialgruppen Papier\/ Pappe\/ Karton (PKK) und Glas bereits gestiegen. Es bleibe jedoch noch Entwicklungsbedarf.<\/p>\n<blockquote><p><em>\u201eDie Systembeteiligung ist im Bereich der Leichtstoffverpackungen noch nicht auf einem befriedigenden Niveau. Wir sehen an den knapp 60.000 beantworteten Anfragen, wie hoch das Unwissen der Wirtschaft auch nach 25 Jahren Produktverantwortung ist. Wir werden bei den Unternehmen in Zukunft konsequent die Umsetzung ihrer Eigenverantwortung einfordern\u201c, sagt <\/em><strong>Gunda Rachut<\/strong>, Vorstand der Stiftung Zentrale Stelle Verpackungsregister.<\/p><\/blockquote>\n<p>Die Zentrale Stelle hat einen Katalog der systembeteiligungspflichtigen Verpackungen herausgebracht, der erstmals die <strong>Systembeteiligungspflicht einer Verpackung<\/strong> in Form einer Verwaltungsvorschrift konkretisiert. Leider w\u00fcrden noch immer nicht alle Unternehmen ihren Pflichten nachkommen.<\/p><div class=\"packa-in-post-alle\" style=\"text-align: center;\" id=\"packa-2738000035\"><div id=\"packa-3345540269\"><a data-no-instant=\"1\" href=\"https:\/\/packaging-journal.de\/en\/newsletter\/\" rel=\"noopener\" class=\"a2t-link\" target=\"_blank\" aria-label=\"PJ Eigenwerbung English 03\"><!--noptimize--><img src=\"https:\/\/packaging-journal.de\/wp-content\/uploads\/2026\/01\/PJ-Eigenwerbung-English-03.png\" alt=\"\"  srcset=\"https:\/\/packaging-journal.de\/wp-content\/uploads\/2026\/01\/PJ-Eigenwerbung-English-03.png 840w, https:\/\/packaging-journal.de\/wp-content\/uploads\/2026\/01\/PJ-Eigenwerbung-English-03-300x75.png 300w, https:\/\/packaging-journal.de\/wp-content\/uploads\/2026\/01\/PJ-Eigenwerbung-English-03-768x192.png 768w, https:\/\/packaging-journal.de\/wp-content\/uploads\/2026\/01\/PJ-Eigenwerbung-English-03-18x5.png 18w, https:\/\/packaging-journal.de\/wp-content\/uploads\/2026\/01\/PJ-Eigenwerbung-English-03-332x83.png 332w, https:\/\/packaging-journal.de\/wp-content\/uploads\/2026\/01\/PJ-Eigenwerbung-English-03-664x166.png 664w, https:\/\/packaging-journal.de\/wp-content\/uploads\/2026\/01\/PJ-Eigenwerbung-English-03-688x172.png 688w\" sizes=\"(max-width: 840px) 100vw, 840px\" width=\"840\" height=\"210\"  style=\" max-width: 100%; height: auto;\" \/><!--\/noptimize--><\/a><\/div><\/div>\n<p>Das Ziel, Verpackungen recyclinggerechter zu machen, sei aber in Industrie und Handel angekommen. Der am 1. September 2019 ver\u00f6ffentlichte fortentwickelte Mindeststandard zur Bemessung der Recyclingf\u00e4higkeit von Verpackungen wirkt bereits <strong>weitreichender als urspr\u00fcnglich durch das Gesetz beabsichtigt<\/strong>. Handelsunternehmen verlangen von ihren Verpackungslieferanten, dass die gelieferten Verpackungen den Anforderungen des Mindeststandards vollumf\u00e4nglich entsprechen.<\/p>\n<blockquote><p><em>\u201eDas geht deutlich weiter, als der Gesetzgeber geplant hat und setzt die Verpackungshersteller unter Druck, die Verpackungen schnellstm\u00f6glich zu \u00e4ndern. Wichtig ist es, die Innovationskraft der Verpackungsbranche zu erhalten, um den Zielen des VerpackG &#8211; Vermeidung und Verwertung &#8211; gr\u00f6\u00dftm\u00f6glich nahezukommen\u201c, <\/em>so <strong>Gunda Rachut<\/strong>.<\/p><\/blockquote>\n<p><strong>Zentrale Stelle Verpackungsregister<\/strong><\/p><div id=\"packa-1911223939\" class=\"packa-inhalt\"><!--noptimize--><script async src=\"https:\/\/pagead2.googlesyndication.com\/pagead\/js\/adsbygoogle.js?client=ca-pub-2686439340972671\" crossorigin=\"anonymous\"><\/script>\r\n<ins class=\"adsbygoogle\" style=\"display:block;text-align:center\" data-ad-layout=\"in-article\" data-ad-format=\"fluid\" data-ad-client=\"ca-pub-2686439340972671\" data-ad-slot=\"6171251825\"><\/ins>\r\n<script>\r\n     (adsbygoogle = window.adsbygoogle || []).push({});\r\n<\/script><!--\/noptimize--><\/div>\n[infotext icon]Die Stiftung Zentrale Stelle Verpackungsregister hat ihren Sitz in Osnabr\u00fcck. Stifter sind die Bundesvereinigung der Deutschen Ern\u00e4hrungsindustrie (BVE), der Handelsverband Deutschland (HDE), die IK Industrievereinigung Kunststoffverpackungen sowie der Markenverband. Die ZSVR sorgt seit Inkrafttreten des Verpackungsgesetzes am 1. Januar 2019 als beliehene Beh\u00f6rde f\u00fcr mehr Transparenz und Kontrolle beim Verpackungsrecycling. Dazu f\u00fchrt sie ein Verpackungsregister aller gesetzlich verpflichteten Unternehmen aus Industrie und Handel, gleicht Mengen von Herstellern und Systemen ab und sorgt mit Standards f\u00fcr mehr recyclinggerechtes Design bei Verpackungen.[\/infotext]\n","protected":false},"excerpt":{"rendered":"10 months after the Packaging Act came into force on 1 January 2019, the Central Agency Packaging Register (ZSVR) has drawn an initial positive interim balance. The number of registrations in the LUCID packaging register has tripled since the end of 2018.","protected":false},"author":14,"featured_media":28039,"comment_status":"closed","ping_status":"open","sticky":false,"template":"","format":"standard","meta":{"_acf_changed":false,"__cvm_playback_settings":[],"__cvm_video_id":"","rank_math_description":"","rank_math_focus_keyword":"","rank_math_title":"","csco_display_header_overlay":false,"csco_singular_sidebar":"","csco_page_header_type":"","csco_page_load_nextpost":"","csco_post_video_location":[],"csco_post_video_location_hash":"","csco_post_video_url":"","csco_post_video_bg_start_time":0,"csco_post_video_bg_end_time":0,"footnotes":"","_links_to":"","_links_to_target":""},"categories":[114,22],"tags":[65,43,54,1487,57805],"class_list":{"0":"post-28029","1":"post","2":"type-post","3":"status-publish","4":"format-standard","5":"has-post-thumbnail","7":"category-aus-den-unternehmen-news","8":"category-packmittel-und-packstoffe","9":"tag-abfalltechnik-und-recycling","10":"tag-aus-den-unternehmen","11":"tag-kunststoff-und-verbunde","12":"tag-papier-pappe-karton","13":"tag-zsvr","14":"cs-entry","15":"cs-video-wrap"},"acf":[],"vimeo_video":null,"_links":{"self":[{"href":"https:\/\/packaging-journal.de\/en\/wp-json\/wp\/v2\/posts\/28029","targetHints":{"allow":["GET"]}}],"collection":[{"href":"https:\/\/packaging-journal.de\/en\/wp-json\/wp\/v2\/posts"}],"about":[{"href":"https:\/\/packaging-journal.de\/en\/wp-json\/wp\/v2\/types\/post"}],"author":[{"embeddable":true,"href":"https:\/\/packaging-journal.de\/en\/wp-json\/wp\/v2\/users\/14"}],"replies":[{"embeddable":true,"href":"https:\/\/packaging-journal.de\/en\/wp-json\/wp\/v2\/comments?post=28029"}],"version-history":[{"count":0,"href":"https:\/\/packaging-journal.de\/en\/wp-json\/wp\/v2\/posts\/28029\/revisions"}],"wp:featuredmedia":[{"embeddable":true,"href":"https:\/\/packaging-journal.de\/en\/wp-json\/wp\/v2\/media\/28039"}],"wp:attachment":[{"href":"https:\/\/packaging-journal.de\/en\/wp-json\/wp\/v2\/media?parent=28029"}],"wp:term":[{"taxonomy":"category","embeddable":true,"href":"https:\/\/packaging-journal.de\/en\/wp-json\/wp\/v2\/categories?post=28029"},{"taxonomy":"post_tag","embeddable":true,"href":"https:\/\/packaging-journal.de\/en\/wp-json\/wp\/v2\/tags?post=28029"}],"curies":[{"name":"wp","href":"https:\/\/api.w.org\/{rel}","templated":true}]}}