{"id":28756,"date":"2019-11-19T11:30:26","date_gmt":"2019-11-19T10:30:26","guid":{"rendered":"https:\/\/packaging-journal.de\/?p=28756"},"modified":"2020-08-11T13:46:45","modified_gmt":"2020-08-11T11:46:45","slug":"recyclable-laminate-tubes-essel-propack","status":"publish","type":"post","link":"https:\/\/packaging-journal.de\/en\/recycelbare-laminattuben-essel-propack\/","title":{"rendered":"Recyclable laminate tubes from Essel Propack"},"content":{"rendered":"<p>Essel Propack Ltd, ein indischer multinationaler Hersteller von laminierten Kunststofftuben, gab den innovativen Durchbruch im Bereich recycelbarer Tuben bekannt. Essel Propacks Platina und Green Maple Leaf(GML\u00ae) Laminattuben f\u00fcr die Branchen Mundpflege, Kosmetik, Pharmazie und sonstige OTC-Produkte erm\u00f6glichen ein Recycling der Verpackung, was einen wesentlichen Schritt hin zu mehr Nachhaltigkeit bedeutet.<\/p>\n<p>Die beiden einzigartigen Innovationen sind durch die amerikanische APR (Association of Plastic Recyclers) zertifiziert, sodass die Tuben im HDPE- Materialstrom recycelt werden k\u00f6nnen.\u00a0Dies ist ein neuartiger Durchbruch auf dem Verpackungsmarkt und von wesentlicher Bedeutung f\u00fcr Marken, die zu nachhaltigen, recycelbaren Verpackungsformaten wechseln m\u00f6chten.<\/p>\n<h2>Komplexe Herausforderungen<\/h2>\n<p>Das F&amp;E-Team im Innovationszentrum von Essel im indischen Maharashtra arbeitete intensiv an verschiedenen Design- und Schichtungsoptionen, um eine <strong>recycelbare HDPE-Struktur<\/strong> zu erreichen. Das Team stand vor einer \u00fcberaus komplexen Innovationsaufgabe, da prim\u00e4r die Verwendbarkeit der Tube intakt bleiben und auch die Produktfrische f\u00fcr die auf dem Produkt angegebene <strong>Haltbarkeitsdauer<\/strong> gew\u00e4hrt werden muss und gleichzeitig je nach Produktionslinie weitere Anforderungen an Qualit\u00e4t und maschinelle Bearbeitbarkeit zu ber\u00fccksichtigen sind.<\/p><div class=\"packa-in-post-alle\" style=\"text-align: center;\" id=\"packa-1915694744\"><div id=\"packa-3559399605\"><a data-no-instant=\"1\" href=\"https:\/\/packaging-journal.de\/en\/newsletter\/\" rel=\"noopener\" class=\"a2t-link\" target=\"_blank\" aria-label=\"PJ Eigenwerbung English 03\"><!--noptimize--><img src=\"https:\/\/packaging-journal.de\/wp-content\/uploads\/2026\/01\/PJ-Eigenwerbung-English-03.png\" alt=\"\"  srcset=\"https:\/\/packaging-journal.de\/wp-content\/uploads\/2026\/01\/PJ-Eigenwerbung-English-03.png 840w, https:\/\/packaging-journal.de\/wp-content\/uploads\/2026\/01\/PJ-Eigenwerbung-English-03-300x75.png 300w, https:\/\/packaging-journal.de\/wp-content\/uploads\/2026\/01\/PJ-Eigenwerbung-English-03-768x192.png 768w, https:\/\/packaging-journal.de\/wp-content\/uploads\/2026\/01\/PJ-Eigenwerbung-English-03-18x5.png 18w, https:\/\/packaging-journal.de\/wp-content\/uploads\/2026\/01\/PJ-Eigenwerbung-English-03-332x83.png 332w, https:\/\/packaging-journal.de\/wp-content\/uploads\/2026\/01\/PJ-Eigenwerbung-English-03-664x166.png 664w, https:\/\/packaging-journal.de\/wp-content\/uploads\/2026\/01\/PJ-Eigenwerbung-English-03-688x172.png 688w\" sizes=\"(max-width: 840px) 100vw, 840px\" width=\"840\" height=\"210\"  style=\" max-width: 100%; height: auto;\" \/><!--\/noptimize--><\/a><\/div><\/div>\n<p>Platina &amp; GML werden weltweit f\u00fcr Shampooflaschen und \u00e4hnlichen Produkte verwendet und unter der <strong>Code 2 fallenden HDPE-Basis<\/strong> hergestellt, sodass die Tuben fest und robust sind, alle erforderlichen Barriereeigenschaften aufweisen und f\u00fcr die gesamte Dauer des Gebrauchs immer wieder ihre gew\u00fcnschte Form annehmen.<\/p>\n<h2>Recyclebare L\u00f6sungen<\/h2>\n<p>Die Innovation kommt zu einem Zeitpunkt, zu dem Anbieter von Konsumg\u00fctern nach recycelbaren L\u00f6sungen suchen und gro\u00dfe Marken angek\u00fcndigt haben, bis <strong>2022 bzw. 2025 auf ein recycelbares Format<\/strong> umzustellen. Essel wird die Innovation seinen Partnern als verantwortungsvoller Tubenlieferant f\u00fcr globale Verbrauchermarken proaktiv anbieten, um ihnen beim Erreichen ihrer Nachhaltigkeitsziele zu helfen und unsere Umwelt zu schonen.<\/p><div id=\"packa-3017175726\" class=\"packa-inhalt\"><!--noptimize--><script async src=\"https:\/\/pagead2.googlesyndication.com\/pagead\/js\/adsbygoogle.js?client=ca-pub-2686439340972671\" crossorigin=\"anonymous\"><\/script>\r\n<ins class=\"adsbygoogle\" style=\"display:block;text-align:center\" data-ad-layout=\"in-article\" data-ad-format=\"fluid\" data-ad-client=\"ca-pub-2686439340972671\" data-ad-slot=\"6171251825\"><\/ins>\r\n<script>\r\n     (adsbygoogle = window.adsbygoogle || []).push({});\r\n<\/script><!--\/noptimize--><\/div>\n<blockquote><p>\u201eWir freuen uns sehr, da dies in naher Zukunft vielen weiteren Innovationen die T\u00fcren \u00f6ffnet und wir uns weiterhin proaktiv an jeden Kunden wenden werden, um auf dieses Verpackungsformat umzustellen. Wir werden mit jedem einzelnen von ihnen zusammenarbeiten, um ihnen die <strong>technische Expertise und die verst\u00e4rkten Skalenvorteile<\/strong> zu bieten, die dies f\u00fcr jede Marke zu einem einfachen Umstieg machen.\u201d<br \/>\n<strong>Business Leadership Team<\/strong>,\u00a0Essel Propack<\/p><\/blockquote>\n<p>Im Anschluss hieran wird Essel in enger Zusammenarbeit mit Partnern an der Verschlankung der Wertsch\u00f6pfungskette des Tubeneinsatzes und ihrer Entsorgung sowie an der Wiederverwendbarkeit ihres Inhalts in verschiedenen Produktstr\u00f6men arbeiten.<\/p>\n<p>Das Unternehmen wird dies seinen Partnern gegen\u00fcber aktiv bef\u00f6rdern und mit unterschiedlichen Kommunen und lokalen Beh\u00f6rden zusammenarbeiten sowie mit Rohstoffverbrauchern, deren recyceltes Tubenmaterial f\u00fcr eine Verwendung in anderen Rohstoffstr\u00f6men in Frage kommt.<\/p>\n[infotext icon]Weitere bemerkenswerte Projekte von Essel Propack zum Thema Nachhaltigkeit sind unter anderem das\u00a0<strong>\u201eProject Liberty<\/strong>\u201d \u2013 eine wichtige Initiative zur F\u00f6rderung der \u00f6kologischen Nachhaltigkeit. Diese\u00a0erm\u00f6glicht anhand einer firmeneigenen Technologie die <strong>Trennung von Aluminium und Polymeren<\/strong> in zwei unterschiedliche, wiederverwertbare Materialstr\u00f6me ohne den Einsatz von Chemikalien oder Hitze. Nach der Trennung k\u00f6nnen die aus ABL-Tuben gewonnenen Aluminium- und Polymerfragmente sicher recycelt werden.<br \/>\nAu\u00dferdem reduziert die Firma den Bedarf an neuen Rohstoffen mit der Verwendung von <strong>Etain\u00ae<\/strong>. Bei diesen Tuben werden <strong>25% bereits recyceltes Material<\/strong> \u201epost consumer recycled\u201c (PCR) verwendet.[\/infotext]\n<p><em>Quelle: Essel Deutschland GmbH &amp; Co. KG<\/em><\/p>\n","protected":false},"excerpt":{"rendered":"Essel Propack announced an innovative breakthrough in the field of recyclable tubes: Platina and Green Maple Leaf(GML\u00ae) laminate tubes are APR certified.","protected":false},"author":14,"featured_media":28759,"comment_status":"closed","ping_status":"open","sticky":false,"template":"","format":"standard","meta":{"_acf_changed":false,"__cvm_playback_settings":[],"__cvm_video_id":"","rank_math_description":"","rank_math_focus_keyword":"","rank_math_title":"","csco_display_header_overlay":false,"csco_singular_sidebar":"","csco_page_header_type":"","csco_page_load_nextpost":"","csco_post_video_location":[],"csco_post_video_location_hash":"","csco_post_video_url":"","csco_post_video_bg_start_time":0,"csco_post_video_bg_end_time":0,"footnotes":"","_links_to":"","_links_to_target":""},"categories":[114,22,21],"tags":[65,43,57561,54,31,32,40,39],"class_list":{"0":"post-28756","1":"post","2":"type-post","3":"status-publish","4":"format-standard","5":"has-post-thumbnail","7":"category-aus-den-unternehmen-news","8":"category-packmittel-und-packstoffe","9":"category-verpackungstechnik","10":"tag-abfalltechnik-und-recycling","11":"tag-aus-den-unternehmen","12":"tag-essel-propack","13":"tag-kunststoff-und-verbunde","14":"tag-nachhaltigkeit-und-green-packaging","15":"tag-packmittel-und-packstoffe","16":"tag-pharma-kosmetik-chemie","17":"tag-verpackungstechnik","18":"cs-entry","19":"cs-video-wrap"},"acf":[],"vimeo_video":null,"_links":{"self":[{"href":"https:\/\/packaging-journal.de\/en\/wp-json\/wp\/v2\/posts\/28756","targetHints":{"allow":["GET"]}}],"collection":[{"href":"https:\/\/packaging-journal.de\/en\/wp-json\/wp\/v2\/posts"}],"about":[{"href":"https:\/\/packaging-journal.de\/en\/wp-json\/wp\/v2\/types\/post"}],"author":[{"embeddable":true,"href":"https:\/\/packaging-journal.de\/en\/wp-json\/wp\/v2\/users\/14"}],"replies":[{"embeddable":true,"href":"https:\/\/packaging-journal.de\/en\/wp-json\/wp\/v2\/comments?post=28756"}],"version-history":[{"count":0,"href":"https:\/\/packaging-journal.de\/en\/wp-json\/wp\/v2\/posts\/28756\/revisions"}],"wp:featuredmedia":[{"embeddable":true,"href":"https:\/\/packaging-journal.de\/en\/wp-json\/wp\/v2\/media\/28759"}],"wp:attachment":[{"href":"https:\/\/packaging-journal.de\/en\/wp-json\/wp\/v2\/media?parent=28756"}],"wp:term":[{"taxonomy":"category","embeddable":true,"href":"https:\/\/packaging-journal.de\/en\/wp-json\/wp\/v2\/categories?post=28756"},{"taxonomy":"post_tag","embeddable":true,"href":"https:\/\/packaging-journal.de\/en\/wp-json\/wp\/v2\/tags?post=28756"}],"curies":[{"name":"wp","href":"https:\/\/api.w.org\/{rel}","templated":true}]}}