{"id":34704,"date":"2020-06-02T13:10:29","date_gmt":"2020-06-02T11:10:29","guid":{"rendered":"https:\/\/packaging-journal.de\/?p=34704"},"modified":"2020-06-02T13:10:29","modified_gmt":"2020-06-02T11:10:29","slug":"brandpack-strengthens-packaging-development-team","status":"publish","type":"post","link":"https:\/\/packaging-journal.de\/en\/brandpack-staerkt-packaging-development-team\/","title":{"rendered":"Brandpack strengthens packaging development team"},"content":{"rendered":"<p>Jens Br\u00f6ckel verst\u00e4rkt ab Juni 2020 das Team bei der Hamburger Kreativagentur Brandpack. Der 33-J\u00e4hrige soll die Entwicklung neuer, kreativer Verpackungskonzepte und das Thema Innovationen weiter vorantreiben.<\/p>\n<blockquote><p>\u201eWir freuen uns, dass wir Jens Br\u00f6ckel f\u00fcr den Bereich <strong>Structural Design &amp; Concepts<\/strong> gewinnen konnten. Mit seiner langj\u00e4hrigen Erfahrung in der Entwicklung von nachhaltigen Verpackungssystemen erg\u00e4nzt er wunderbar unser Team und st\u00e4rkt weiter unseren Anspruch an innovativen und technisch realisierbaren Verpackungskonzepten\u201c, erkl\u00e4rt Agenturgr\u00fcnder <strong>Andreas Schabert<\/strong>.<\/p><\/blockquote>\n<p>Jens Br\u00f6ckel bringt neben seinen acht Jahren als <strong>Packaging Manager bei Tchib<\/strong>o auch Erfahrung mit innovativen Materialien von Karton- bis Hochbarriere-Verbunden f\u00fcr die Lebensmittelindustrie mit. \u201eSeine Kompetenz in diesem Bereich und die Erfahrung von Recycling-Prozessen erg\u00e4nzen unsere bisherige Expertise zum Thema <strong>Nachhaltigkeit<\/strong>\u201c, so Andreas Schabert.<\/p>\n[infotext icon]\n<p>Brandpack wurde 2015 gegr\u00fcndet. Das kreative Team aus Designern und Verpackungsingenieuren ist auf Markenentwicklung und Verpackungsdesign sowie deren technische Realisierbarkeit spezialisiert. Unter den namhaften Kunden finden sich Marken wie Lindt, Bayer, Merck, Grohe, Caparol, edding und Nivea.[\/infotext]\n<p><em>Quelle: Brandpack<\/em><\/p><div class=\"packa-in-post-alle\" style=\"text-align: center;\" id=\"packa-3840597555\"><div id=\"packa-341155446\"><a data-no-instant=\"1\" href=\"https:\/\/packaging-journal.de\/en\/newsletter\/\" rel=\"noopener\" class=\"a2t-link\" target=\"_blank\" aria-label=\"PJ Eigenwerbung English 03\"><!--noptimize--><img src=\"https:\/\/packaging-journal.de\/wp-content\/uploads\/2026\/01\/PJ-Eigenwerbung-English-03.png\" alt=\"\"  srcset=\"https:\/\/packaging-journal.de\/wp-content\/uploads\/2026\/01\/PJ-Eigenwerbung-English-03.png 840w, https:\/\/packaging-journal.de\/wp-content\/uploads\/2026\/01\/PJ-Eigenwerbung-English-03-300x75.png 300w, https:\/\/packaging-journal.de\/wp-content\/uploads\/2026\/01\/PJ-Eigenwerbung-English-03-768x192.png 768w, https:\/\/packaging-journal.de\/wp-content\/uploads\/2026\/01\/PJ-Eigenwerbung-English-03-18x5.png 18w, https:\/\/packaging-journal.de\/wp-content\/uploads\/2026\/01\/PJ-Eigenwerbung-English-03-332x83.png 332w, https:\/\/packaging-journal.de\/wp-content\/uploads\/2026\/01\/PJ-Eigenwerbung-English-03-664x166.png 664w, https:\/\/packaging-journal.de\/wp-content\/uploads\/2026\/01\/PJ-Eigenwerbung-English-03-688x172.png 688w\" sizes=\"(max-width: 840px) 100vw, 840px\" width=\"840\" height=\"210\"  style=\" max-width: 100%; height: auto;\" \/><!--\/noptimize--><\/a><\/div><\/div>\n","protected":false},"excerpt":{"rendered":"Jens Br\u00f6ckel will join the team at the Hamburg-based creative agency Brandpack on 1 June 2020. He will be responsible for driving forward the development of new, creative packaging concepts and the topic of innovation.","protected":false},"author":1,"featured_media":34711,"comment_status":"closed","ping_status":"closed","sticky":false,"template":"","format":"standard","meta":{"_acf_changed":false,"__cvm_playback_settings":[],"__cvm_video_id":"","rank_math_description":"","rank_math_focus_keyword":"","rank_math_title":"","csco_display_header_overlay":false,"csco_singular_sidebar":"","csco_page_header_type":"","csco_page_load_nextpost":"","csco_post_video_location":[],"csco_post_video_location_hash":"","csco_post_video_url":"","csco_post_video_bg_start_time":0,"csco_post_video_bg_end_time":0,"footnotes":"","_links_to":"","_links_to_target":""},"categories":[112],"tags":[43,46],"class_list":{"0":"post-34704","1":"post","2":"type-post","3":"status-publish","4":"format-standard","5":"has-post-thumbnail","7":"category-personen","8":"tag-aus-den-unternehmen","9":"tag-marketing-und-design","10":"cs-entry","11":"cs-video-wrap"},"acf":[],"vimeo_video":null,"_links":{"self":[{"href":"https:\/\/packaging-journal.de\/en\/wp-json\/wp\/v2\/posts\/34704","targetHints":{"allow":["GET"]}}],"collection":[{"href":"https:\/\/packaging-journal.de\/en\/wp-json\/wp\/v2\/posts"}],"about":[{"href":"https:\/\/packaging-journal.de\/en\/wp-json\/wp\/v2\/types\/post"}],"author":[{"embeddable":true,"href":"https:\/\/packaging-journal.de\/en\/wp-json\/wp\/v2\/users\/1"}],"replies":[{"embeddable":true,"href":"https:\/\/packaging-journal.de\/en\/wp-json\/wp\/v2\/comments?post=34704"}],"version-history":[{"count":0,"href":"https:\/\/packaging-journal.de\/en\/wp-json\/wp\/v2\/posts\/34704\/revisions"}],"wp:featuredmedia":[{"embeddable":true,"href":"https:\/\/packaging-journal.de\/en\/wp-json\/wp\/v2\/media\/34711"}],"wp:attachment":[{"href":"https:\/\/packaging-journal.de\/en\/wp-json\/wp\/v2\/media?parent=34704"}],"wp:term":[{"taxonomy":"category","embeddable":true,"href":"https:\/\/packaging-journal.de\/en\/wp-json\/wp\/v2\/categories?post=34704"},{"taxonomy":"post_tag","embeddable":true,"href":"https:\/\/packaging-journal.de\/en\/wp-json\/wp\/v2\/tags?post=34704"}],"curies":[{"name":"wp","href":"https:\/\/api.w.org\/{rel}","templated":true}]}}