{"id":34938,"date":"2020-06-09T16:14:57","date_gmt":"2020-06-09T14:14:57","guid":{"rendered":"https:\/\/packaging-journal.de\/?p=34938"},"modified":"2020-06-09T16:14:57","modified_gmt":"2020-06-09T14:14:57","slug":"verpa-films-honoured-by-ecovadis","status":"publish","type":"post","link":"https:\/\/packaging-journal.de\/en\/verpa-folien-von-ecovadis-ausgezeichnet\/","title":{"rendered":"Verpa films honoured by EcoVadis"},"content":{"rendered":"<p>Das Weidhausener Familienunternehmen Verpa Folie wurde von der unabh\u00e4ngigen Rating-Agentur EcoVadis f\u00fcr sein gesellschaftliches Engagement (Corporate Social Responsibility) als herausragendes Unternehmen ausgezeichnet. Nachhaltigkeit und Umweltschutz sind gewachsene Unternehmenswerte des Spezialisten f\u00fcr st\u00e4rkereduzierte und nachhaltige Folientechnologien.<\/p>\n<p>Seit ihrer Gr\u00fcndung in Paris im Jahr 2007 ist die internationale Rating-Agentur <strong>EcoVadis<\/strong> Partner f\u00fcr Beschaffungsteams in f\u00fchrenden multinationalen Organisationen und <strong>bewertet die Nachhaltigkeitsleistung<\/strong> von Unternehmen in den Kategorien Umwelt, Arbeits- und Menschenrechte, Ethik und nachhaltiger Beschaffung. Ziel ist es, <strong>nachhaltige Beschaffungsketten zu st\u00e4rken<\/strong>. Im aktuellen Ranking geh\u00f6rt Verpa Folie in der Gesamtbewertung zu den besten f\u00fcnf Prozent der evaluierten, international t\u00e4tigen Verarbeitern von Kunststoffen.<\/p>\n<blockquote><p>\u201eKernpunkte unserer Unternehmensphilosophie im Bereich Umwelt sind der sparsame Einsatz von Ressourcen bei der Herstellung, das sortenreine Sammeln und die sorgsame Wiederverwertung der wertvollen Rohstoffe. Mit unseren extrem st\u00e4rkereduzierten Folien, die zu <strong>100 Prozent recyclingf\u00e4hig<\/strong> sind, haben wir im Markt die Nase vorn. Unsere Produktrange &#8218;Verpalin Green Life&#8216; steht f\u00fcr noch mehr Nachhaltigkeit. Hierzu geh\u00f6ren Folien aus Rezyklat sowie bio-basierte Folien aus Zuckerrohr, Palm- oder Tall\u00f6l und biologisch abbaubare Folien aus Mais- oder Kartoffelst\u00e4rke\u201c, so <strong>Andr\u00e9 Baumann<\/strong>, Gesch\u00e4ftsf\u00fchrer von Verpa Folie.<\/p><\/blockquote>\n<figure id=\"attachment_34991\" aria-describedby=\"caption-attachment-34991\" style=\"width: 800px\" class=\"wp-caption alignnone\"><img fetchpriority=\"high\" decoding=\"async\" class=\"wp-image-34991\" title=\"Besonderen Wert legt Verpa Folie auf den Bereich Forschung und Entwicklung.\" src=\"https:\/\/packaging-journal.de\/wp-content\/uploads\/2020\/06\/68A9386_uligraphics2017_sRGB.jpg\" alt=\"Besonderen Wert legt Verpa Folie auf den Bereich Forschung und Entwicklung.\" width=\"800\" height=\"533\" srcset=\"https:\/\/packaging-journal.de\/wp-content\/uploads\/2020\/06\/68A9386_uligraphics2017_sRGB.jpg 1198w, https:\/\/packaging-journal.de\/wp-content\/uploads\/2020\/06\/68A9386_uligraphics2017_sRGB-600x400.jpg 600w, https:\/\/packaging-journal.de\/wp-content\/uploads\/2020\/06\/68A9386_uligraphics2017_sRGB-300x200.jpg 300w, https:\/\/packaging-journal.de\/wp-content\/uploads\/2020\/06\/68A9386_uligraphics2017_sRGB-1024x682.jpg 1024w, https:\/\/packaging-journal.de\/wp-content\/uploads\/2020\/06\/68A9386_uligraphics2017_sRGB-768x512.jpg 768w\" sizes=\"(max-width: 800px) 100vw, 800px\" \/><figcaption id=\"caption-attachment-34991\" class=\"wp-caption-text\">Besonderen Wert legt Verpa Folie auf den Bereich Forschung und Entwicklung. (Bild: Verpa Folie)<\/figcaption><\/figure>\n<p>\u201ePE-Folie ist nicht einfach Abfall, sondern wertvoller Rohstoff, der sich nahezu beliebig oft wiederverwerten l\u00e4sst. Deshalb haben wir das \u201aVerpa Release System&#8216; entwickelt: einen <strong>Wertstoff-Kreislauf<\/strong>, der die Basis von \u201aVerpalin Green Life\u2019 bildet und zunehmend von Unternehmen in ganz Europa genutzt wird\u201c, erkl\u00e4rt der Gesch\u00e4ftsf\u00fchrer weiter. Auch die Lieferanten des Unternehmens werden gepr\u00fcft. \u201eWir legen gr\u00f6\u00dften Wert auf <strong>Transparenz in der gesamten Lieferkette<\/strong>. Wer uns beliefert muss sich im Bereich Nachhaltigkeit den gleichen strengen Richtlinien unterziehen, die wir uns selbst auferlegen.\u201c<\/p><div class=\"packa-in-post-alle\" style=\"text-align: center;\" id=\"packa-3934535197\"><div id=\"packa-174718393\"><a data-no-instant=\"1\" href=\"https:\/\/packaging-journal.de\/en\/newsletter\/\" rel=\"noopener\" class=\"a2t-link\" target=\"_blank\" aria-label=\"PJ Eigenwerbung English 03\"><!--noptimize--><img src=\"https:\/\/packaging-journal.de\/wp-content\/uploads\/2026\/01\/PJ-Eigenwerbung-English-03.png\" alt=\"\"  srcset=\"https:\/\/packaging-journal.de\/wp-content\/uploads\/2026\/01\/PJ-Eigenwerbung-English-03.png 840w, https:\/\/packaging-journal.de\/wp-content\/uploads\/2026\/01\/PJ-Eigenwerbung-English-03-300x75.png 300w, https:\/\/packaging-journal.de\/wp-content\/uploads\/2026\/01\/PJ-Eigenwerbung-English-03-768x192.png 768w, https:\/\/packaging-journal.de\/wp-content\/uploads\/2026\/01\/PJ-Eigenwerbung-English-03-18x5.png 18w, https:\/\/packaging-journal.de\/wp-content\/uploads\/2026\/01\/PJ-Eigenwerbung-English-03-332x83.png 332w, https:\/\/packaging-journal.de\/wp-content\/uploads\/2026\/01\/PJ-Eigenwerbung-English-03-664x166.png 664w, https:\/\/packaging-journal.de\/wp-content\/uploads\/2026\/01\/PJ-Eigenwerbung-English-03-688x172.png 688w\" sizes=\"(max-width: 840px) 100vw, 840px\" width=\"840\" height=\"210\"  style=\" max-width: 100%; height: auto;\" \/><!--\/noptimize--><\/a><\/div><\/div>\n<h2>Vielseitiges Engagement<\/h2>\n<p>Im Bereich Human Resources punktet Verpa Folie mit einem <strong>umfassenden Weiterbildungsprogramm<\/strong> sowie dem <strong>betrieblichen Gesundheitsmanagement<\/strong> \u201eVerpafit\u201c. Hierzu geh\u00f6ren neben dem t\u00e4glich kostenfrei zur Verf\u00fcgung stehenden Obst und gesunden Getr\u00e4nken auch Sport- und Fitnessangebote sowie Massagen im Betrieb durch einen ausgebildeten Physiotherapeuten.<\/p>\n<figure id=\"attachment_34994\" aria-describedby=\"caption-attachment-34994\" style=\"width: 800px\" class=\"wp-caption alignnone\"><img decoding=\"async\" class=\"wp-image-34994\" title=\"Ausbildung hat bei Verpa Folie sehr hohen Stellenwert.\" src=\"https:\/\/packaging-journal.de\/wp-content\/uploads\/2020\/06\/verpa-Ausbildung.jpg\" alt=\"Ausbildung hat bei Verpa Folie sehr hohen Stellenwert.\" width=\"800\" height=\"533\" srcset=\"https:\/\/packaging-journal.de\/wp-content\/uploads\/2020\/06\/verpa-Ausbildung.jpg 1210w, https:\/\/packaging-journal.de\/wp-content\/uploads\/2020\/06\/verpa-Ausbildung-600x400.jpg 600w, https:\/\/packaging-journal.de\/wp-content\/uploads\/2020\/06\/verpa-Ausbildung-300x200.jpg 300w, https:\/\/packaging-journal.de\/wp-content\/uploads\/2020\/06\/verpa-Ausbildung-1024x682.jpg 1024w, https:\/\/packaging-journal.de\/wp-content\/uploads\/2020\/06\/verpa-Ausbildung-768x512.jpg 768w\" sizes=\"(max-width: 800px) 100vw, 800px\" \/><figcaption id=\"caption-attachment-34994\" class=\"wp-caption-text\">Ausbildung hat bei Verpa Folie sehr hohen Stellenwert. (Bild: Verpa Folie)<\/figcaption><\/figure>\n<p>F\u00fcr Azubis gibt es u.a. einen Zuschuss zum F\u00fchrerschein und \u201eVerpalinchen\u201c, ein eigenes Fahrzeug f\u00fcr jeden Auszubildenden nach Abschluss der Lehre.<\/p><div id=\"packa-164533993\" class=\"packa-inhalt\"><!--noptimize--><script async src=\"https:\/\/pagead2.googlesyndication.com\/pagead\/js\/adsbygoogle.js?client=ca-pub-2686439340972671\" crossorigin=\"anonymous\"><\/script>\r\n<ins class=\"adsbygoogle\" style=\"display:block;text-align:center\" data-ad-layout=\"in-article\" data-ad-format=\"fluid\" data-ad-client=\"ca-pub-2686439340972671\" data-ad-slot=\"6171251825\"><\/ins>\r\n<script>\r\n     (adsbygoogle = window.adsbygoogle || []).push({});\r\n<\/script><!--\/noptimize--><\/div>\n<blockquote><p>\u201e\u00dcberzeugtes Engagement in Bezug auf Nachhaltigkeit und gesellschaftliche Verantwortung hei\u00dft bei uns: <strong>die Abl\u00e4ufe im Unternehmen und unsere Produkte \u00f6kologisch und ethisch einwandfrei zu gestalten<\/strong> &#8211; und damit die Umwelt sowie das Leben und die Lebensgrundlagen von Menschen weltweit zu verbessern und die Zukunft unseres Planeten zu erhalten\u201c, so Andr\u00e9 Baumann.<\/p><\/blockquote>\n[infotext icon]Stammsitz des 1979 gegr\u00fcndeten Familienunternehmens <strong>Verpa Folie<\/strong> ist das oberfr\u00e4nkische Weidhausen im Landkreis Coburg. Zweigwerke gibt es in Gunzenhausen und Wroclaw (Polen). Gesch\u00e4ftsf\u00fchrer sind Joachim Baumann, Andr\u00e9 Baumann, Thomas Grebner und Peter Griebel. Die Unternehmensgruppe besch\u00e4ftigt insgesamt 535 Mitarbeiter aus 21 Nationen; 220 davon in Weidhausen. 51 Azubis werden in acht Berufen ausgebildet. Erg\u00e4nzt wird das Ausbildungsportfolio k\u00fcnftig durch einen Dualen Studiengang.[\/infotext]\n<p><em>Quelle: Verpa Folie<\/em><\/p>\n","protected":false},"excerpt":{"rendered":"The Weidhausen-based family business Verpa Folie has been recognised as an outstanding company by the independent rating agency EcoVadis for its social commitment.","protected":false},"author":1,"featured_media":34993,"comment_status":"closed","ping_status":"closed","sticky":false,"template":"","format":"standard","meta":{"_acf_changed":false,"__cvm_playback_settings":[],"__cvm_video_id":"","rank_math_description":"","rank_math_focus_keyword":"","rank_math_title":"","csco_display_header_overlay":false,"csco_singular_sidebar":"","csco_page_header_type":"","csco_page_load_nextpost":"","csco_post_video_location":[],"csco_post_video_location_hash":"","csco_post_video_url":"","csco_post_video_bg_start_time":0,"csco_post_video_bg_end_time":0,"footnotes":"","_links_to":"","_links_to_target":""},"categories":[114],"tags":[43,54,31,32,35],"class_list":{"0":"post-34938","1":"post","2":"type-post","3":"status-publish","4":"format-standard","5":"has-post-thumbnail","7":"category-aus-den-unternehmen-news","8":"tag-aus-den-unternehmen","9":"tag-kunststoff-und-verbunde","10":"tag-nachhaltigkeit-und-green-packaging","11":"tag-packmittel-und-packstoffe","12":"tag-praemiert","13":"cs-entry","14":"cs-video-wrap"},"acf":[],"vimeo_video":null,"_links":{"self":[{"href":"https:\/\/packaging-journal.de\/en\/wp-json\/wp\/v2\/posts\/34938","targetHints":{"allow":["GET"]}}],"collection":[{"href":"https:\/\/packaging-journal.de\/en\/wp-json\/wp\/v2\/posts"}],"about":[{"href":"https:\/\/packaging-journal.de\/en\/wp-json\/wp\/v2\/types\/post"}],"author":[{"embeddable":true,"href":"https:\/\/packaging-journal.de\/en\/wp-json\/wp\/v2\/users\/1"}],"replies":[{"embeddable":true,"href":"https:\/\/packaging-journal.de\/en\/wp-json\/wp\/v2\/comments?post=34938"}],"version-history":[{"count":0,"href":"https:\/\/packaging-journal.de\/en\/wp-json\/wp\/v2\/posts\/34938\/revisions"}],"wp:featuredmedia":[{"embeddable":true,"href":"https:\/\/packaging-journal.de\/en\/wp-json\/wp\/v2\/media\/34993"}],"wp:attachment":[{"href":"https:\/\/packaging-journal.de\/en\/wp-json\/wp\/v2\/media?parent=34938"}],"wp:term":[{"taxonomy":"category","embeddable":true,"href":"https:\/\/packaging-journal.de\/en\/wp-json\/wp\/v2\/categories?post=34938"},{"taxonomy":"post_tag","embeddable":true,"href":"https:\/\/packaging-journal.de\/en\/wp-json\/wp\/v2\/tags?post=34938"}],"curies":[{"name":"wp","href":"https:\/\/api.w.org\/{rel}","templated":true}]}}