{"id":36429,"date":"2020-07-23T14:00:12","date_gmt":"2020-07-23T12:00:12","guid":{"rendered":"https:\/\/packaging-journal.de\/?p=36429"},"modified":"2020-07-23T14:00:12","modified_gmt":"2020-07-23T12:00:12","slug":"ral-quality-mark-now-also-for-pet-flakes","status":"publish","type":"post","link":"https:\/\/packaging-journal.de\/en\/ral-guetezeichen-jetzt-auch-fuer-pet-flakes\/","title":{"rendered":"RAL quality mark now also for PET flakes"},"content":{"rendered":"<p class=\"xmsonormal\">PET-Flaschen sind f\u00fcr viele Menschen Sinnbild f\u00fcr die Verschmutzung der Weltmeere. Wer bei der Herstellung neuer PET-Getr\u00e4nkeverpackungen wiederaufbereitetes PET-Material einsetzt, kann dies auch mit dem RAL G\u00fctezeichen dokumentieren.<\/p>\n<p class=\"xmsonormal\">Politiker und Verbraucher verlangen seit langem umweltschonende Verpackungsl\u00f6sungen, um das Aufkommen von Plastikm\u00fcll zu verringern. Unternehmen, denen das <strong>RAL G\u00fctezeichen Wertstoff PET-Getr\u00e4nkeverpackungen<\/strong> verliehen wurde, unterst\u00fctzen dieses Ziel, indem sie bei der Herstellung neuer PET-Getr\u00e4nkeverpackungen wiederaufbereitetes PET- Material einsetzen und anstreben, diesen Anteil stetig zu erh\u00f6hen.<\/p>\n<p class=\"xmsonormal\">Die Kriterien f\u00fcr die <strong>Verleihung des RAL G\u00fctezeichens<\/strong> \u2013 die G\u00fcte- und Pr\u00fcfbestimmungen \u2013 umfassen dabei in der Wertstoffkette die Verfahrensschritte von der Herstellung des Rezyklats \u00fcber die Produktion neuer Getr\u00e4nkeverpackungen bis hin zur Abf\u00fcllung. Die Vergabekriterien wurden jetzt <strong>auf die Herstellung von PET-Flakes, das gereinigte und zerkleinerte Material gebrauchter PET-Flaschen, erweitert<\/strong> und dem aktuellen Stand der Technik angepasst.<\/p><div class=\"packa-in-post-alle\" style=\"text-align: center;\" id=\"packa-3236313964\"><div id=\"packa-40703185\"><a data-no-instant=\"1\" href=\"https:\/\/packaging-journal.de\/en\/newsletter\/\" rel=\"noopener\" class=\"a2t-link\" target=\"_blank\" aria-label=\"PJ Eigenwerbung English 03\"><!--noptimize--><img src=\"https:\/\/packaging-journal.de\/wp-content\/uploads\/2026\/01\/PJ-Eigenwerbung-English-03.png\" alt=\"\"  srcset=\"https:\/\/packaging-journal.de\/wp-content\/uploads\/2026\/01\/PJ-Eigenwerbung-English-03.png 840w, https:\/\/packaging-journal.de\/wp-content\/uploads\/2026\/01\/PJ-Eigenwerbung-English-03-300x75.png 300w, https:\/\/packaging-journal.de\/wp-content\/uploads\/2026\/01\/PJ-Eigenwerbung-English-03-768x192.png 768w, https:\/\/packaging-journal.de\/wp-content\/uploads\/2026\/01\/PJ-Eigenwerbung-English-03-18x5.png 18w, https:\/\/packaging-journal.de\/wp-content\/uploads\/2026\/01\/PJ-Eigenwerbung-English-03-332x83.png 332w, https:\/\/packaging-journal.de\/wp-content\/uploads\/2026\/01\/PJ-Eigenwerbung-English-03-664x166.png 664w, https:\/\/packaging-journal.de\/wp-content\/uploads\/2026\/01\/PJ-Eigenwerbung-English-03-688x172.png 688w\" sizes=\"(max-width: 840px) 100vw, 840px\" width=\"840\" height=\"210\"  style=\" max-width: 100%; height: auto;\" \/><!--\/noptimize--><\/a><\/div><\/div>\n<figure id=\"attachment_36430\" aria-describedby=\"caption-attachment-36430\" style=\"width: 142px\" class=\"wp-caption aligncenter\"><img decoding=\"async\" class=\"size-full wp-image-36430\" src=\"https:\/\/packaging-journal.de\/wp-content\/uploads\/2020\/07\/ral-guetezeichen.png\" alt=\"RAL Guetezeichen PET\" width=\"142\" height=\"284\" \/><figcaption id=\"caption-attachment-36430\" class=\"wp-caption-text\">(Bild: RAL)<\/figcaption><\/figure>\n<p class=\"xmsonormal\">Zudem k\u00f6nnen nun auch<strong> PET-Flakes-Hersteller,<\/strong> die Zulieferer f\u00fcr die Granulatherstellung, das RAL G\u00fctezeichen erhalten. Ebenfalls neu: Mit dem RAL G\u00fctezeichen wird auch der <strong>Rezyklatgehalt in den Flaschen<\/strong> ausgewiesen.<\/p>\n<h2 class=\"xmsonormal\"><b>Mehr Recycling-Material im PET-Wertstoffkreislauf<\/b><\/h2>\n<p class=\"xmsonormal\">Der <strong>G\u00fctegemeinschaft Wertstoffkette PET-Getr\u00e4nkeverpackungen<\/strong>, in der die Benutzer des G\u00fctezeichens zusammengeschlossen sind, geh\u00f6ren Vertreter der gesamten Wertstoffkette an: PET-Recycler, die Rezyklate f\u00fcr den Lebensmittelkontakt herstellen, Hersteller von Preforms, der gegossenen Vorformen von PET-Flaschen, bis hin zu Getr\u00e4nkeherstellern und Abf\u00fcllern von Mineralwasser und Softdrinks. Ein Kriterium f\u00fcr die Verleihung des RAL G\u00fctezeichen ist der <strong>Einsatz von mindestens 25 Prozent an recyceltem PET-Material<\/strong> bei der Herstellung neuer PET Getr\u00e4nkeverpackungen.<\/p><div id=\"packa-1742637017\" class=\"packa-inhalt\"><!--noptimize--><script async src=\"https:\/\/pagead2.googlesyndication.com\/pagead\/js\/adsbygoogle.js?client=ca-pub-2686439340972671\" crossorigin=\"anonymous\"><\/script>\r\n<ins class=\"adsbygoogle\" style=\"display:block;text-align:center\" data-ad-layout=\"in-article\" data-ad-format=\"fluid\" data-ad-client=\"ca-pub-2686439340972671\" data-ad-slot=\"6171251825\"><\/ins>\r\n<script>\r\n     (adsbygoogle = window.adsbygoogle || []).push({});\r\n<\/script><!--\/noptimize--><\/div>\n<figure id=\"attachment_36431\" aria-describedby=\"caption-attachment-36431\" style=\"width: 1024px\" class=\"wp-caption alignnone\"><img fetchpriority=\"high\" decoding=\"async\" class=\"wp-image-36431 size-large\" src=\"https:\/\/packaging-journal.de\/wp-content\/uploads\/2020\/07\/ral-kreislauf-1024x768.png\" alt=\"RAL Wertstoffkreislauf\" width=\"1024\" height=\"768\" srcset=\"https:\/\/packaging-journal.de\/wp-content\/uploads\/2020\/07\/ral-kreislauf-1024x768.png 1024w, https:\/\/packaging-journal.de\/wp-content\/uploads\/2020\/07\/ral-kreislauf-600x450.png 600w, https:\/\/packaging-journal.de\/wp-content\/uploads\/2020\/07\/ral-kreislauf-300x225.png 300w, https:\/\/packaging-journal.de\/wp-content\/uploads\/2020\/07\/ral-kreislauf-768x576.png 768w, https:\/\/packaging-journal.de\/wp-content\/uploads\/2020\/07\/ral-kreislauf-1536x1152.png 1536w, https:\/\/packaging-journal.de\/wp-content\/uploads\/2020\/07\/ral-kreislauf-1320x990.png 1320w, https:\/\/packaging-journal.de\/wp-content\/uploads\/2020\/07\/ral-kreislauf.png 1800w\" sizes=\"(max-width: 1024px) 100vw, 1024px\" \/><figcaption id=\"caption-attachment-36431\" class=\"wp-caption-text\">Der PET-Wertstoffkreislauf. (Bild: Helium Design- u. Werbeagentur\/ Forum PET)<\/figcaption><\/figure>\n<p class=\"xmsonormal\">Laut einer Studie der <a href=\"https:\/\/gvmonline.de\/\" target=\"_blank\" rel=\"noopener\">Gesellschaft f\u00fcr Verpackungsmarktforschung<\/a> werden bislang in deutschen PET-Einwegflaschen <strong>im Durchschnitt 26 Prozent PET-Rezyklat<\/strong> eingesetzt. Die RAL-G\u00fctegemeinschaft setzt sich zum Ziel, <strong>bis 2022 im Mittel einen Rezyklatgehalt von 50 Prozent<\/strong> zu erreichen. Damit wollen die Unternehmen einen positiven Beitrag zum Umwelt- und Klimaschutz und zum Schutz nat\u00fcrlicher Ressourcen wie Wasser und Erd\u00f6l leisten. Die gepr\u00fcfte Angabe des Rezyklatgehalts in ihren Produkten ist auch vor dem Hintergrund der anstehenden EU-Gesetzgebung (Single-Use-Plastics-Directive\/ Einwegplastik-Richtlinie) zu verstehen.<\/p>\n<h2 class=\"xmsonormal\"><b>Kriterien f\u00fcr RAL G\u00fctezeichen Wertstoff PET-Getr\u00e4nkeverpackungen erweitert<\/b><\/h2>\n<p class=\"xmsonormal\">Die Kriterien f\u00fcr die Verleihung des RAL G\u00fctezeichens Wertstoff PET-Getr\u00e4nkeverpackungen legen f\u00fcr jede Stufe der Wertstoffkette detaillierte Anforderungen fest. Die Unternehmen verpflichten sich, <strong>die Einhaltung der G\u00fcte- und Pr\u00fcfbestimmungen kontinuierlich zu \u00fcberwachen<\/strong> und dies zu dokumentieren. Hinzu kommt eine regelm\u00e4\u00dfige Fremd\u00fcberwachung der G\u00fctezeichenbenutzer durch neutrale Pr\u00fcfer. Damit ist sichergestellt, dass bei allen Verfahrensschritten h\u00f6chste Qualit\u00e4tsstandards eingehalten werden.<\/p>\n<p class=\"xmsonormal\">Die G\u00fctegemeinschaft Wertstoffkette-PET Getr\u00e4nkeverpackungen e. V. vergibt das RAL G\u00fctezeichen Wertstoff-PET an Abf\u00fcller, Flaschen- und Preformhersteller sowie Recyclingunternehmen, die die G\u00fcte- und Pr\u00fcfbestimmungen einhalten.<\/p>\n<p class=\"xmsonormal\">[infotext icon]F\u00fcr die Anerkennung von RAL G\u00fctezeichen im Produkt- und Dienstleistungsbereich ist seit 1925 RAL Deutsches Institut f\u00fcr G\u00fctesicherung und Kennzeichnung zust\u00e4ndig. Als objektive und interessensneutrale Kennzeichnung werden RAL G\u00fctezeichen den wachsenden Anspr\u00fcchen der Verbraucher gerecht und stehen f\u00fcr deren Schutz. RAL ist u. a. Vergabestelle der Umweltzeichen Blauer Engel und EU Ecolabel sowie des Testlogos der Stiftung Warentest und des ersten staatlichen Zeichens f\u00fcr nachhaltige Textilien \u201eGr\u00fcner Knopf\u201c.[\/infotext]\n<p><em>Quelle: RAL Deutsches Institut f\u00fcr G\u00fctesicherung und Kennzeichnung e.\u00a0V.<\/em><\/p>\n","protected":false},"excerpt":{"rendered":"Anyone who uses recycled PET material in the production of new PET beverage containers can document this with the RAL Quality Mark. PET flakes manufacturers can now also receive the RAL Quality Mark.","protected":false},"author":20,"featured_media":26477,"comment_status":"closed","ping_status":"closed","sticky":false,"template":"","format":"standard","meta":{"_acf_changed":false,"__cvm_playback_settings":[],"__cvm_video_id":"","rank_math_description":"","rank_math_focus_keyword":"","rank_math_title":"","csco_display_header_overlay":false,"csco_singular_sidebar":"","csco_page_header_type":"","csco_page_load_nextpost":"","csco_post_video_location":[],"csco_post_video_location_hash":"","csco_post_video_url":"","csco_post_video_bg_start_time":0,"csco_post_video_bg_end_time":0,"footnotes":"","_links_to":"","_links_to_target":""},"categories":[22],"tags":[65,48,54,32],"class_list":{"0":"post-36429","1":"post","2":"type-post","3":"status-publish","4":"format-standard","5":"has-post-thumbnail","7":"category-packmittel-und-packstoffe","8":"tag-abfalltechnik-und-recycling","9":"tag-getraenke","10":"tag-kunststoff-und-verbunde","11":"tag-packmittel-und-packstoffe","12":"cs-entry","13":"cs-video-wrap"},"acf":[],"vimeo_video":null,"_links":{"self":[{"href":"https:\/\/packaging-journal.de\/en\/wp-json\/wp\/v2\/posts\/36429","targetHints":{"allow":["GET"]}}],"collection":[{"href":"https:\/\/packaging-journal.de\/en\/wp-json\/wp\/v2\/posts"}],"about":[{"href":"https:\/\/packaging-journal.de\/en\/wp-json\/wp\/v2\/types\/post"}],"author":[{"embeddable":true,"href":"https:\/\/packaging-journal.de\/en\/wp-json\/wp\/v2\/users\/20"}],"replies":[{"embeddable":true,"href":"https:\/\/packaging-journal.de\/en\/wp-json\/wp\/v2\/comments?post=36429"}],"version-history":[{"count":0,"href":"https:\/\/packaging-journal.de\/en\/wp-json\/wp\/v2\/posts\/36429\/revisions"}],"wp:featuredmedia":[{"embeddable":true,"href":"https:\/\/packaging-journal.de\/en\/wp-json\/wp\/v2\/media\/26477"}],"wp:attachment":[{"href":"https:\/\/packaging-journal.de\/en\/wp-json\/wp\/v2\/media?parent=36429"}],"wp:term":[{"taxonomy":"category","embeddable":true,"href":"https:\/\/packaging-journal.de\/en\/wp-json\/wp\/v2\/categories?post=36429"},{"taxonomy":"post_tag","embeddable":true,"href":"https:\/\/packaging-journal.de\/en\/wp-json\/wp\/v2\/tags?post=36429"}],"curies":[{"name":"wp","href":"https:\/\/api.w.org\/{rel}","templated":true}]}}