{"id":37231,"date":"2020-08-19T13:30:11","date_gmt":"2020-08-19T11:30:11","guid":{"rendered":"https:\/\/packaging-journal.de\/?p=37231"},"modified":"2020-08-19T13:11:22","modified_gmt":"2020-08-19T11:11:22","slug":"ioew-study-more-transparency-in-packaging","status":"publish","type":"post","link":"https:\/\/packaging-journal.de\/en\/ioew-studie-mehr-transparenz-bei-verpackungen\/","title":{"rendered":"I\u00d6W study: Consumers want more transparency in packaging"},"content":{"rendered":"<p>Laut einer I\u00d6W-Studie w\u00fcnscht sich eine gro\u00dfe Mehrheit der Konsumenten mehr Informationen \u00fcber Verpackungen. Denn so k\u00f6nnten sie ihre Kaufentscheidungen besser treffen.<\/p>\n<p>Beim Einkauf hat sich die Zahl der Kunststoffverpackungen in zwei Jahrzehnten verdoppelt. Allerdings f\u00fchlen sich die Verbraucher in puncto Verpackungen nicht gut informiert. So ergab eine Studie des Instituts f\u00fcr \u00f6kologische Wirtschaftsforschung (I\u00d6W), dass sich eine gro\u00dfe Mehrheit beim Einkauf <strong>mehr Transparenz \u00fcber anfallende Verpackungen<\/strong> w\u00fcnscht.<\/p>\n<blockquote><p>\u201eDie gro\u00dfe Resonanz auf unsere nicht repr\u00e4sentative Befragung zeigt, dass das Thema Verpackungsm\u00fcll vielen Menschen ein ernstes Anliegen ist. 80 Prozent der Teilnehmenden geben an, dass sie auf den Kauf von Produkten mit starkem Verpackungsaufkommen verzichten. Um gute Kaufentscheidungen treffen zu k\u00f6nnen, w\u00fcnschen sich viele von den Unternehmen allerdings mehr Informationen. Etwa \u00fcber <strong>Art, Menge und Recyclingf\u00e4higkeit der anfallenden Verpackungen<\/strong>. 95 Prozent finden, die Politik solle mehr positive Anreize schaffen, damit Unternehmen Verpackungsaufkommen reduzieren. Und fast genauso viele bef\u00fcrworten Sanktionen f\u00fcr Unternehmen mit besonders hohem Verpackungsaufkommen.\u201c <strong>Dr. Frieder Rubik<\/strong>, Projektleiter und Experte f\u00fcr nachhaltige Produktion und Konsum am I\u00d6W<\/p><\/blockquote>\n<p>\u00dcber 1.000 Personen hatten sich Anfang 2020 an einer <strong>Onlinebefragung des Forschungsprojektes Innoredux<\/strong> beteiligt. Mit F\u00f6rderung durch das Bundesministerium f\u00fcr Bildung und Forschung (BMBF) untersucht das Projekt<a href=\"https:\/\/www.ioew.de\/projekt\/geschaeftsmodelle_zur_reduktion_von_plastikmuell_entlang_der_wertschoepfungskette_wege_zu_innovativ\" target=\"_blank\" rel=\"noopener noreferrer\">, wie innovative Gesch\u00e4ftsmodelle im Handel den Plastikm\u00fcll entlang der Wertsch\u00f6pfungskette reduzieren k\u00f6nnen<\/a>.<\/p><div class=\"packa-in-post-alle\" style=\"text-align: center;\" id=\"packa-2220767335\"><div id=\"packa-3511336150\"><a data-no-instant=\"1\" href=\"https:\/\/packaging-journal.de\/en\/newsletter\/\" rel=\"noopener\" class=\"a2t-link\" target=\"_blank\" aria-label=\"PJ Eigenwerbung English 03\"><!--noptimize--><img src=\"https:\/\/packaging-journal.de\/wp-content\/uploads\/2026\/01\/PJ-Eigenwerbung-English-03.png\" alt=\"\"  srcset=\"https:\/\/packaging-journal.de\/wp-content\/uploads\/2026\/01\/PJ-Eigenwerbung-English-03.png 840w, https:\/\/packaging-journal.de\/wp-content\/uploads\/2026\/01\/PJ-Eigenwerbung-English-03-300x75.png 300w, https:\/\/packaging-journal.de\/wp-content\/uploads\/2026\/01\/PJ-Eigenwerbung-English-03-768x192.png 768w, https:\/\/packaging-journal.de\/wp-content\/uploads\/2026\/01\/PJ-Eigenwerbung-English-03-18x5.png 18w, https:\/\/packaging-journal.de\/wp-content\/uploads\/2026\/01\/PJ-Eigenwerbung-English-03-332x83.png 332w, https:\/\/packaging-journal.de\/wp-content\/uploads\/2026\/01\/PJ-Eigenwerbung-English-03-664x166.png 664w, https:\/\/packaging-journal.de\/wp-content\/uploads\/2026\/01\/PJ-Eigenwerbung-English-03-688x172.png 688w\" sizes=\"(max-width: 840px) 100vw, 840px\" width=\"840\" height=\"210\"  style=\" max-width: 100%; height: auto;\" \/><!--\/noptimize--><\/a><\/div><\/div>\n<h2><strong>I\u00d6W-Studie: weniger Verpackung, mehr Regionalit\u00e4t<\/strong><\/h2>\n<p>Die Befragung verfolgte folgende Fragestellungen: Inwiefern akzeptieren Verbraucher einen Verzicht auf Verpackungen? Und <strong>welches Potenzial haben unverpackte Produkte?<\/strong> 99 Prozent der Befragten waren der Meinung, dass bei vielen Produkten weniger Verpackungsmaterial ausreichen w\u00fcrde. \u00c4hnlich hohe Zustimmungswerte erhielten in der I\u00d6W-Studie Unverpackt-L\u00f6sungen\u00a0 Zudem bef\u00fcrworteten 97 Prozent Abteilungen mit unverpackten Lebensmitteln in Gesch\u00e4ften.<\/p>\n<p>\u201eZus\u00e4tzliche Pluspunkte f\u00fcr einen Einkauf in einem Unverpackt-Laden sehen die Befragten, wenn regionale und\/oder Bio-Lebensmittel angeboten werden sowie die M\u00f6glichkeit unverpackt bedarfsangepasste Mengen kaufen zu k\u00f6nnen. Ein Gang zu einem Unverpackt-Laden wird bislang allerdings oft noch gehemmt durch zu gro\u00dfe Entfernung, geringere Produktauswahl und den Preis\u201c, erl\u00e4utert I\u00d6W-Wissenschaftlerin Sabrina Schmidt, die in dem Projekt Innoredux Gesch\u00e4ftsmodelle erforscht.<\/p><div id=\"packa-281439433\" class=\"packa-inhalt\"><!--noptimize--><script async src=\"https:\/\/pagead2.googlesyndication.com\/pagead\/js\/adsbygoogle.js?client=ca-pub-2686439340972671\" crossorigin=\"anonymous\"><\/script>\r\n<ins class=\"adsbygoogle\" style=\"display:block;text-align:center\" data-ad-layout=\"in-article\" data-ad-format=\"fluid\" data-ad-client=\"ca-pub-2686439340972671\" data-ad-slot=\"6171251825\"><\/ins>\r\n<script>\r\n     (adsbygoogle = window.adsbygoogle || []).push({});\r\n<\/script><!--\/noptimize--><\/div>\n<p><strong>[infotext icon]<\/strong><\/p>\n<p>Das Projekt <strong>Innoredux<\/strong> l\u00e4uft von 2019 bis 2022. Es wird gef\u00f6rdert vom Bundesministerium f\u00fcr Bildung und Forschung (BMBF) innerhalb des Forschungsschwerpunkts <em>Plastik in der Umwelt \u2013 Quellen, Senken, L\u00f6sungsans\u00e4tze<\/em>. In diesem gehen 20 Verbundprojekte mit rund 100 Partnern aus Wissenschaft, Wirtschaft, Verb\u00e4nden, Kommunen und Praxis grundlegenden Fragen zur Produktion, Anwendung und Entsorgung von Kunststoffen nach. Der Forschungsschwerpunkt geh\u00f6rt zum BMBF-Rahmenprogramm <em>Forschung f\u00fcr Nachhaltige Entwicklun<\/em>g (FONA).<strong>[\/infotext]<\/strong><\/p>\n<p><em>Quelle<\/em>: I\u00d6W<\/p>\n","protected":false},"excerpt":{"rendered":"According to an I\u00d6W study, a large majority of consumers would like more information about packaging so that they can make better purchasing decisions.","protected":false},"author":1,"featured_media":26061,"comment_status":"closed","ping_status":"closed","sticky":false,"template":"","format":"standard","meta":{"_acf_changed":false,"__cvm_playback_settings":[],"__cvm_video_id":"","rank_math_description":"","rank_math_focus_keyword":"","rank_math_title":"","csco_display_header_overlay":false,"csco_singular_sidebar":"","csco_page_header_type":"","csco_page_load_nextpost":"","csco_post_video_location":[],"csco_post_video_location_hash":"","csco_post_video_url":"","csco_post_video_bg_start_time":0,"csco_post_video_bg_end_time":0,"footnotes":"","_links_to":"","_links_to_target":""},"categories":[22],"tags":[54,32],"class_list":{"0":"post-37231","1":"post","2":"type-post","3":"status-publish","4":"format-standard","5":"has-post-thumbnail","7":"category-packmittel-und-packstoffe","8":"tag-kunststoff-und-verbunde","9":"tag-packmittel-und-packstoffe","10":"cs-entry","11":"cs-video-wrap"},"acf":[],"vimeo_video":null,"_links":{"self":[{"href":"https:\/\/packaging-journal.de\/en\/wp-json\/wp\/v2\/posts\/37231","targetHints":{"allow":["GET"]}}],"collection":[{"href":"https:\/\/packaging-journal.de\/en\/wp-json\/wp\/v2\/posts"}],"about":[{"href":"https:\/\/packaging-journal.de\/en\/wp-json\/wp\/v2\/types\/post"}],"author":[{"embeddable":true,"href":"https:\/\/packaging-journal.de\/en\/wp-json\/wp\/v2\/users\/1"}],"replies":[{"embeddable":true,"href":"https:\/\/packaging-journal.de\/en\/wp-json\/wp\/v2\/comments?post=37231"}],"version-history":[{"count":0,"href":"https:\/\/packaging-journal.de\/en\/wp-json\/wp\/v2\/posts\/37231\/revisions"}],"wp:featuredmedia":[{"embeddable":true,"href":"https:\/\/packaging-journal.de\/en\/wp-json\/wp\/v2\/media\/26061"}],"wp:attachment":[{"href":"https:\/\/packaging-journal.de\/en\/wp-json\/wp\/v2\/media?parent=37231"}],"wp:term":[{"taxonomy":"category","embeddable":true,"href":"https:\/\/packaging-journal.de\/en\/wp-json\/wp\/v2\/categories?post=37231"},{"taxonomy":"post_tag","embeddable":true,"href":"https:\/\/packaging-journal.de\/en\/wp-json\/wp\/v2\/tags?post=37231"}],"curies":[{"name":"wp","href":"https:\/\/api.w.org\/{rel}","templated":true}]}}