{"id":37245,"date":"2020-08-19T16:44:42","date_gmt":"2020-08-19T14:44:42","guid":{"rendered":"https:\/\/packaging-journal.de\/?p=37245"},"modified":"2020-08-19T16:44:42","modified_gmt":"2020-08-19T14:44:42","slug":"etma-award-2020-sustainability-tuben-essel","status":"publish","type":"post","link":"https:\/\/packaging-journal.de\/en\/etma-award-2020-nachhaltigkeit-tuben-essel\/","title":{"rendered":"etma award for sustainable tubes from Essel"},"content":{"rendered":"<p>Der etma-Award 2020 in der Kategorie <em>Nachhaltigkeit<\/em> ging an zwei vollst\u00e4ndig recycelbaren Tuben von happybrush\u00ae, das hierf\u00fcr verwendete Laminat ist eine Entwicklung der Essel Propack Ltd. (EPL). Und es ist ein Ergebnis der \u201aGo Green\u2018-Initiative des Unternehmens.<\/p>\n<p>Die ausgezeichneten Produkte <strong>SuperCoco und SuperGreen <\/strong>haben einen Durchmesser von 35 mm. Sie geh\u00f6ren zu den ersten kommerziellen Laminattuben, die aus Post-Consumer-Recycling-Kunststoffen (PCR) hergestellt wurden. Die Herstellung dieser Tuben ist anspruchsvoll. PCR-Tuben m\u00fcssen alle notwendigen Barriereeigenschaften \u00fcber den gesamten Lebenszyklus erf\u00fcllen und nach jedem Gebrauch wieder in ihre urspr\u00fcngliche Form zur\u00fcckkehren.<\/p>\n<blockquote><p>\u201eWir freuen uns \u00fcber die Auszeichnung f\u00fcr unsere Tuben. Das ist eine klare Best\u00e4tigung f\u00fcr die langfristige Strategie von Essel. Wir arbeiten seit einigen Jahren verst\u00e4rkt an den Umwelteigenschaften unserer Tuben. Daher sind wir besonders stolz, dass unser Produkt in diesem Jahr gerade im Bereich Nachhaltigkeit ganz oben auf dem Siegertreppchen steht.\u201c <strong>Alan Conner<\/strong>, Vorstand der Essel Propack Ltd. Europa<\/p><\/blockquote>\n<h2>Nachhaltigkeit im Fokus bei Essel<\/h2>\n<p>Klassisch extrudierte Tuben mit PCR haben zumeist einen Anteil von 50 % PCR. Das hei\u00dft, man ben\u00f6tigt f\u00fcr die Herstellung nur die H\u00e4lfte an neuen Kunststoff-Ressourcen. Aufgrund der geringeren Wandst\u00e4rke ist das Einbringen von PCR in Laminate jedoch problematisch.<\/p><div class=\"packa-in-post-alle\" style=\"text-align: center;\" id=\"packa-1921669701\"><div id=\"packa-3505473701\"><a data-no-instant=\"1\" href=\"https:\/\/packaging-journal.de\/en\/newsletter\/\" rel=\"noopener\" class=\"a2t-link\" target=\"_blank\" aria-label=\"PJ Eigenwerbung English 03\"><!--noptimize--><img src=\"https:\/\/packaging-journal.de\/wp-content\/uploads\/2026\/01\/PJ-Eigenwerbung-English-03.png\" alt=\"\"  srcset=\"https:\/\/packaging-journal.de\/wp-content\/uploads\/2026\/01\/PJ-Eigenwerbung-English-03.png 840w, https:\/\/packaging-journal.de\/wp-content\/uploads\/2026\/01\/PJ-Eigenwerbung-English-03-300x75.png 300w, https:\/\/packaging-journal.de\/wp-content\/uploads\/2026\/01\/PJ-Eigenwerbung-English-03-768x192.png 768w, https:\/\/packaging-journal.de\/wp-content\/uploads\/2026\/01\/PJ-Eigenwerbung-English-03-18x5.png 18w, https:\/\/packaging-journal.de\/wp-content\/uploads\/2026\/01\/PJ-Eigenwerbung-English-03-332x83.png 332w, https:\/\/packaging-journal.de\/wp-content\/uploads\/2026\/01\/PJ-Eigenwerbung-English-03-664x166.png 664w, https:\/\/packaging-journal.de\/wp-content\/uploads\/2026\/01\/PJ-Eigenwerbung-English-03-688x172.png 688w\" sizes=\"(max-width: 840px) 100vw, 840px\" width=\"840\" height=\"210\"  style=\" max-width: 100%; height: auto;\" \/><!--\/noptimize--><\/a><\/div><\/div>\n<p>Bei der happybrush\u00ae-Tube ist Essel einen neuen Weg gegangen. Das Unternehmen hat sich hier f\u00fcr einen <strong>PCR-Anteil von \u201anur\u2018 30 Prozent<\/strong> entschieden. Dieser ist auf den ersten Blick geringer und erscheint daher weniger nachhaltig. Trotzdem ist diese Variante aber wesentlich ressourcenschonender, denn sie erm\u00f6glicht eine deutlich geringere Wandst\u00e4rke. Allein dadurch lassen sich im Vergleich zu einer klassischen PE-Tube rund 30 Prozent Gewicht sparen. F\u00fcr das finale Produkt bedeutet das sogar eine <strong>Ressourcen-Gesamtersparnis von rund 60 Prozent<\/strong>.<\/p>\n<p>Auch bei der <strong>Entwicklung des Artworks<\/strong> wurde das Thema Nachhaltigkeit ber\u00fccksichtigt. Dieses orientiert sich an den bereits bestehenden Tuben aus der Zahnpasta-Range. Hier hat man sich f\u00fcr eine Flexo-\/Siebdruck-Kombination mit drei Farben und einem Mattlack entschieden. Dabei wurden die Produktnamen SuperCoco und SuperGreen sowie die runden B\u00f6gen im oberen Bereich der Tube mit einem Siebdruck-Relieflack hervorgehoben.<\/p><div id=\"packa-310187151\" class=\"packa-inhalt\"><!--noptimize--><script async src=\"https:\/\/pagead2.googlesyndication.com\/pagead\/js\/adsbygoogle.js?client=ca-pub-2686439340972671\" crossorigin=\"anonymous\"><\/script>\r\n<ins class=\"adsbygoogle\" style=\"display:block;text-align:center\" data-ad-layout=\"in-article\" data-ad-format=\"fluid\" data-ad-client=\"ca-pub-2686439340972671\" data-ad-slot=\"6171251825\"><\/ins>\r\n<script>\r\n     (adsbygoogle = window.adsbygoogle || []).push({});\r\n<\/script><!--\/noptimize--><\/div>\n<p>Auf weitere Veredlungsm\u00f6glichkeiten wurde im Sinne der Nachhaltigkeit konsequent verzichtet. Somit blieb die Anzahl der verwendeten Farben gering. Zugleich musste das Tuben-Artwork nicht auf einen modernen und frischen Look verzichten.<\/p>\n[infotext icon]Mit der aktuellen Auszeichnung geh\u00f6rt Essel nun zum vierten Mal zu den Finalisten. Das Unternehmen erhielt bereits in den Jahren 2012 bis 2014 den Award f\u00fcr die Tube des Jahres. Damals konnte das Unternehmen drei Jahre in Folge den Sieg in der Kategorie <em>Laminattube <\/em>f\u00fcr sich in Anspruch nehmen.[\/infotext]\n<p><em>Quelle:<\/em> Essel Propack Europe<\/p>\n","protected":false},"excerpt":{"rendered":"The etma Award 2020 in the Sustainability category went to two fully recyclable tubes from happybrush\u00ae, the laminate used for which was developed by Essel Propack Ltd (EPL).","protected":false},"author":1,"featured_media":37246,"comment_status":"closed","ping_status":"closed","sticky":false,"template":"","format":"standard","meta":{"_acf_changed":false,"__cvm_playback_settings":[],"__cvm_video_id":"","rank_math_description":"","rank_math_focus_keyword":"","rank_math_title":"","csco_display_header_overlay":false,"csco_singular_sidebar":"","csco_page_header_type":"","csco_page_load_nextpost":"","csco_post_video_location":[],"csco_post_video_location_hash":"","csco_post_video_url":"","csco_post_video_bg_start_time":0,"csco_post_video_bg_end_time":0,"footnotes":"","_links_to":"","_links_to_target":""},"categories":[113],"tags":[57561,54,31,32,35],"class_list":{"0":"post-37245","1":"post","2":"type-post","3":"status-publish","4":"format-standard","5":"has-post-thumbnail","7":"category-produkte","8":"tag-essel-propack","9":"tag-kunststoff-und-verbunde","10":"tag-nachhaltigkeit-und-green-packaging","11":"tag-packmittel-und-packstoffe","12":"tag-praemiert","13":"cs-entry","14":"cs-video-wrap"},"acf":[],"vimeo_video":null,"_links":{"self":[{"href":"https:\/\/packaging-journal.de\/en\/wp-json\/wp\/v2\/posts\/37245","targetHints":{"allow":["GET"]}}],"collection":[{"href":"https:\/\/packaging-journal.de\/en\/wp-json\/wp\/v2\/posts"}],"about":[{"href":"https:\/\/packaging-journal.de\/en\/wp-json\/wp\/v2\/types\/post"}],"author":[{"embeddable":true,"href":"https:\/\/packaging-journal.de\/en\/wp-json\/wp\/v2\/users\/1"}],"replies":[{"embeddable":true,"href":"https:\/\/packaging-journal.de\/en\/wp-json\/wp\/v2\/comments?post=37245"}],"version-history":[{"count":0,"href":"https:\/\/packaging-journal.de\/en\/wp-json\/wp\/v2\/posts\/37245\/revisions"}],"wp:featuredmedia":[{"embeddable":true,"href":"https:\/\/packaging-journal.de\/en\/wp-json\/wp\/v2\/media\/37246"}],"wp:attachment":[{"href":"https:\/\/packaging-journal.de\/en\/wp-json\/wp\/v2\/media?parent=37245"}],"wp:term":[{"taxonomy":"category","embeddable":true,"href":"https:\/\/packaging-journal.de\/en\/wp-json\/wp\/v2\/categories?post=37245"},{"taxonomy":"post_tag","embeddable":true,"href":"https:\/\/packaging-journal.de\/en\/wp-json\/wp\/v2\/tags?post=37245"}],"curies":[{"name":"wp","href":"https:\/\/api.w.org\/{rel}","templated":true}]}}