{"id":37857,"date":"2020-09-14T12:36:12","date_gmt":"2020-09-14T10:36:12","guid":{"rendered":"https:\/\/packaging-journal.de\/?p=37857"},"modified":"2020-09-14T13:30:26","modified_gmt":"2020-09-14T11:30:26","slug":"monta-biopack-printed-version","status":"publish","type":"post","link":"https:\/\/packaging-journal.de\/en\/monta-biopack-bedruckte-version\/","title":{"rendered":"Self-adhesive tape from Monta packaged visibly green"},"content":{"rendered":"<p>Der Klebebandhersteller Monta bietet ab sofort eine bedruckte Version seines zertifiziert nachhaltigen Selbstklebebands <em>monta biopack<\/em> an. Damit soll die Nachhaltigkeit des Produkts noch besser sichtbar werden.<\/p>\n<p>Monta hat bereits Ende 2019 mit seinem monta biopack\u00ae das <strong>erste zertifiziert nachhaltige Selbstklebeband<\/strong> <em>made in Germany<\/em> auf den Market gebracht. Das Klebeband besteht dank seiner biobasierter PLA-Folie, die mit Naturkautschukkleber beschichtet wird, zu rund 90 Prozent aus nachwachsenden Materialien. Es ist nachweislich innerhalb weniger Monate biologisch abbaubar und tr\u00e4gt das <em>OK COMPOST INDUSTRIAL Logo<\/em> des T\u00dcV Austria.<\/p>\n<h2>monta biopack jetzt sichtbar gr\u00fcn<\/h2>\n<p>Die neue Klebeband-Version tr\u00e4gt nach Unternehmensangaben einer verst\u00e4rkten Nachfrage seitens der biopack-Anwender Rechnung. Der Nachhaltigkeitsaspekt des Produkts, so deren Wunsch, sollte noch mehr im Fokus stehen. Mit dem gr\u00fcnen Aufdruck <em>90% natural material ist<\/em> monta biopack\u00ae 860 LG <strong>auf einen Blick als umweltfreundliches Klebeband erkennbar<\/strong>. So kommuniziert es direkt seinen Mehrwert f\u00fcr die Verpackung der Anwender.<\/p><div class=\"packa-in-post-alle\" style=\"text-align: center;\" id=\"packa-3579205769\"><div id=\"packa-1330103146\"><a data-no-instant=\"1\" href=\"https:\/\/packaging-journal.de\/en\/newsletter\/\" rel=\"noopener\" class=\"a2t-link\" target=\"_blank\" aria-label=\"PJ Eigenwerbung English 03\"><!--noptimize--><img src=\"https:\/\/packaging-journal.de\/wp-content\/uploads\/2026\/01\/PJ-Eigenwerbung-English-03.png\" alt=\"\"  srcset=\"https:\/\/packaging-journal.de\/wp-content\/uploads\/2026\/01\/PJ-Eigenwerbung-English-03.png 840w, https:\/\/packaging-journal.de\/wp-content\/uploads\/2026\/01\/PJ-Eigenwerbung-English-03-300x75.png 300w, https:\/\/packaging-journal.de\/wp-content\/uploads\/2026\/01\/PJ-Eigenwerbung-English-03-768x192.png 768w, https:\/\/packaging-journal.de\/wp-content\/uploads\/2026\/01\/PJ-Eigenwerbung-English-03-18x5.png 18w, https:\/\/packaging-journal.de\/wp-content\/uploads\/2026\/01\/PJ-Eigenwerbung-English-03-332x83.png 332w, https:\/\/packaging-journal.de\/wp-content\/uploads\/2026\/01\/PJ-Eigenwerbung-English-03-664x166.png 664w, https:\/\/packaging-journal.de\/wp-content\/uploads\/2026\/01\/PJ-Eigenwerbung-English-03-688x172.png 688w\" sizes=\"(max-width: 840px) 100vw, 840px\" width=\"840\" height=\"210\"  style=\" max-width: 100%; height: auto;\" \/><!--\/noptimize--><\/a><\/div><\/div>\n<figure id=\"attachment_37859\" aria-describedby=\"caption-attachment-37859\" style=\"width: 1024px\" class=\"wp-caption aligncenter\"><img fetchpriority=\"high\" decoding=\"async\" class=\"wp-image-37859 size-large\" title=\"Eine Rolle des Klebebands monta biopack vor damit verpacktem Kartonmaterial\" src=\"https:\/\/packaging-journal.de\/wp-content\/uploads\/2020\/09\/Monta-Biopack-bedruckt-1024x683.jpg\" alt=\"Eine Rolle des Klebebands monta biopack vor damit verpacktem Kartonmaterial\" width=\"1024\" height=\"683\" srcset=\"https:\/\/packaging-journal.de\/wp-content\/uploads\/2020\/09\/Monta-Biopack-bedruckt-1024x683.jpg 1024w, https:\/\/packaging-journal.de\/wp-content\/uploads\/2020\/09\/Monta-Biopack-bedruckt-600x400.jpg 600w, https:\/\/packaging-journal.de\/wp-content\/uploads\/2020\/09\/Monta-Biopack-bedruckt-300x200.jpg 300w, https:\/\/packaging-journal.de\/wp-content\/uploads\/2020\/09\/Monta-Biopack-bedruckt-768x512.jpg 768w, https:\/\/packaging-journal.de\/wp-content\/uploads\/2020\/09\/Monta-Biopack-bedruckt.jpg 1200w\" sizes=\"(max-width: 1024px) 100vw, 1024px\" \/><figcaption id=\"caption-attachment-37859\" class=\"wp-caption-text\">(Bild: monta Klebebandwerk GmbH)<\/figcaption><\/figure>\n<p>Das mit kompostierbarer Farbe bedruckte Klebeband tr\u00e4gt ebenfalls das <em>OK COMPOST INDUSTRIAL Logo<\/em> von T\u00dcV Austria. Zudem erf\u00fcllt es nachweislich die Normen EN 13432, ASTM D 6400-04 und ISO 17088 (2012). Das Klebebdand ist auf monta Green line Kern in den Abmessungen 80m x 50mm und 1200m x 50mm erh\u00e4ltlich.<\/p>\n<p>Beide monta biopack Varianten versprechen zudem einen <strong>geringen Materialeinsatz<\/strong>. Die Kartonage wird bereits bei einlagiger Applikation zuverl\u00e4ssig verschlossen. Das Klebeband eignet sich daher ideal f\u00fcr ressourcenschonenden Verschluss mittelschwerer bis schwerer Kartonagen, f\u00fcr biobasierte Beutel und Folien, sowie das B\u00fcndeln von Blumen und Gartenabf\u00e4llen.<\/p><div id=\"packa-880712417\" class=\"packa-inhalt\"><!--noptimize--><script async src=\"https:\/\/pagead2.googlesyndication.com\/pagead\/js\/adsbygoogle.js?client=ca-pub-2686439340972671\" crossorigin=\"anonymous\"><\/script>\r\n<ins class=\"adsbygoogle\" style=\"display:block;text-align:center\" data-ad-layout=\"in-article\" data-ad-format=\"fluid\" data-ad-client=\"ca-pub-2686439340972671\" data-ad-slot=\"6171251825\"><\/ins>\r\n<script>\r\n     (adsbygoogle = window.adsbygoogle || []).push({});\r\n<\/script><!--\/noptimize--><\/div>\n[infotext icon]Die Monta Klebebandwerk GmbH ist ein deutscher Hersteller mit Sitz in Immenstaddt. Sie ist einer der f\u00fchrenden Anbieter von Klebeb\u00e4ndern f\u00fcr Verpackung und Industrie weltweit.[\/infotext]\n<p><em>Quelle: <\/em>monta Klebebandwerk GmbH<em><br \/>\n<\/em><\/p>\n","protected":false},"excerpt":{"rendered":"The adhesive tape manufacturer monta is now offering a printed version of its certified sustainable self-adhesive tape. This is intended to make the sustainability of the product even more visible.","protected":false},"author":1,"featured_media":37864,"comment_status":"closed","ping_status":"closed","sticky":false,"template":"","format":"standard","meta":{"_acf_changed":false,"__cvm_playback_settings":[],"__cvm_video_id":"","rank_math_description":"","rank_math_focus_keyword":"","rank_math_title":"","csco_display_header_overlay":false,"csco_singular_sidebar":"","csco_page_header_type":"","csco_page_load_nextpost":"","csco_post_video_location":[],"csco_post_video_location_hash":"","csco_post_video_url":"","csco_post_video_bg_start_time":0,"csco_post_video_bg_end_time":0,"footnotes":"","_links_to":"","_links_to_target":""},"categories":[113],"tags":[58742,32],"class_list":{"0":"post-37857","1":"post","2":"type-post","3":"status-publish","4":"format-standard","5":"has-post-thumbnail","7":"category-produkte","8":"tag-monta","9":"tag-packmittel-und-packstoffe","10":"cs-entry","11":"cs-video-wrap"},"acf":[],"vimeo_video":null,"_links":{"self":[{"href":"https:\/\/packaging-journal.de\/en\/wp-json\/wp\/v2\/posts\/37857","targetHints":{"allow":["GET"]}}],"collection":[{"href":"https:\/\/packaging-journal.de\/en\/wp-json\/wp\/v2\/posts"}],"about":[{"href":"https:\/\/packaging-journal.de\/en\/wp-json\/wp\/v2\/types\/post"}],"author":[{"embeddable":true,"href":"https:\/\/packaging-journal.de\/en\/wp-json\/wp\/v2\/users\/1"}],"replies":[{"embeddable":true,"href":"https:\/\/packaging-journal.de\/en\/wp-json\/wp\/v2\/comments?post=37857"}],"version-history":[{"count":0,"href":"https:\/\/packaging-journal.de\/en\/wp-json\/wp\/v2\/posts\/37857\/revisions"}],"wp:featuredmedia":[{"embeddable":true,"href":"https:\/\/packaging-journal.de\/en\/wp-json\/wp\/v2\/media\/37864"}],"wp:attachment":[{"href":"https:\/\/packaging-journal.de\/en\/wp-json\/wp\/v2\/media?parent=37857"}],"wp:term":[{"taxonomy":"category","embeddable":true,"href":"https:\/\/packaging-journal.de\/en\/wp-json\/wp\/v2\/categories?post=37857"},{"taxonomy":"post_tag","embeddable":true,"href":"https:\/\/packaging-journal.de\/en\/wp-json\/wp\/v2\/tags?post=37857"}],"curies":[{"name":"wp","href":"https:\/\/api.w.org\/{rel}","templated":true}]}}