{"id":37914,"date":"2020-09-21T09:30:14","date_gmt":"2020-09-21T07:30:14","guid":{"rendered":"https:\/\/packaging-journal.de\/?p=37914"},"modified":"2020-09-21T16:14:18","modified_gmt":"2020-09-21T14:14:18","slug":"personnel-recruiting-in-the-packaging-industry","status":"publish","type":"post","link":"https:\/\/packaging-journal.de\/en\/personal-recruiting-in-der-verpackungsbranche\/","title":{"rendered":"Personnel recruiting in the packaging industry"},"content":{"rendered":"<p>Geschicktes Personal Recruiting entscheidet mit \u00fcber den Erfolg eines Unternehmens. Nicht zuletzt, weil auch in der Verpackungsbranche Fachkr\u00e4ftemangel herrscht. Wie k\u00f6nnen Unternehmen sich hier erfolgreich aufstellen und wie viel Flexibilit\u00e4t ist notwendig?<\/p>\n<p>Wie viele andere Branchen muss sich die Verpackungsbranche in puncto Personalwesen mit Themen wie Fachkr\u00e4ftemangel, \u00dcberalterung, Ausbildungsmanagement und der Frage nach einer Frauenquote auseinandersetzen. Dabei sollten die Unternehmen den <strong>Fokus auf die Arbeitgebermarke<\/strong> und die Attraktivit\u00e4t der gesamten Branche nicht verlieren. Die Auswirkungen von Corona-Ma\u00dfnahmen und wirtschaftliche Effekte haben Einfluss auf die Verpackungsindustrie. Einerseits ist die Nachfrage nach Verpackungen in der Lebensmittel- und Pharmabranche erh\u00f6ht, auf der anderen Seite gibt es Ausf\u00e4lle in der Produktion f\u00fcr andere Branchen.<\/p>\n<h2>Mehr Flexibilit\u00e4t beim Recruiting?<\/h2>\n<p>Pauliina Rannikko ist Chief Human Ressources Officer bei der finnischen Wipak-Gruppe mit etwa 450 Millionen Euro Umsatz, 1.800 Mitarbeitern und einem Werk in Deutschland. Sie erkl\u00e4rt, dass beim Personal Recruiting zwar der <strong>Standortfaktor<\/strong> eine der gr\u00f6\u00dften Herausforderungen darstelle. Die Unternehmen der Verpackungsbranche seien aber gr\u00f6\u00dftenteils immer noch konservativ gepr\u00e4gt. Und daher falle es ihnen schwer, ein <strong>kompetenzbasiertes Recruiting<\/strong> zu betreiben.<\/p><div class=\"packa-in-post-alle\" style=\"text-align: center;\" id=\"packa-252767031\"><div id=\"packa-2520030011\"><a data-no-instant=\"1\" href=\"https:\/\/packaging-journal.de\/en\/newsletter\/\" rel=\"noopener\" class=\"a2t-link\" target=\"_blank\" aria-label=\"PJ Eigenwerbung English 03\"><!--noptimize--><img src=\"https:\/\/packaging-journal.de\/wp-content\/uploads\/2026\/01\/PJ-Eigenwerbung-English-03.png\" alt=\"\"  srcset=\"https:\/\/packaging-journal.de\/wp-content\/uploads\/2026\/01\/PJ-Eigenwerbung-English-03.png 840w, https:\/\/packaging-journal.de\/wp-content\/uploads\/2026\/01\/PJ-Eigenwerbung-English-03-300x75.png 300w, https:\/\/packaging-journal.de\/wp-content\/uploads\/2026\/01\/PJ-Eigenwerbung-English-03-768x192.png 768w, https:\/\/packaging-journal.de\/wp-content\/uploads\/2026\/01\/PJ-Eigenwerbung-English-03-18x5.png 18w, https:\/\/packaging-journal.de\/wp-content\/uploads\/2026\/01\/PJ-Eigenwerbung-English-03-332x83.png 332w, https:\/\/packaging-journal.de\/wp-content\/uploads\/2026\/01\/PJ-Eigenwerbung-English-03-664x166.png 664w, https:\/\/packaging-journal.de\/wp-content\/uploads\/2026\/01\/PJ-Eigenwerbung-English-03-688x172.png 688w\" sizes=\"(max-width: 840px) 100vw, 840px\" width=\"840\" height=\"210\"  style=\" max-width: 100%; height: auto;\" \/><!--\/noptimize--><\/a><\/div><\/div>\n<blockquote>\n<figure id=\"attachment_37916\" aria-describedby=\"caption-attachment-37916\" style=\"width: 300px\" class=\"wp-caption alignleft\"><img fetchpriority=\"high\" decoding=\"async\" class=\"wp-image-37916 size-medium\" title=\"Pauliina Rannikko\" src=\"https:\/\/packaging-journal.de\/wp-content\/uploads\/2020\/09\/Nordic-Minds-Pauliina-Rannikko-w-300x300.jpg\" alt=\"Pauliina Rannikko\" width=\"300\" height=\"300\" srcset=\"https:\/\/packaging-journal.de\/wp-content\/uploads\/2020\/09\/Nordic-Minds-Pauliina-Rannikko-w-300x300.jpg 300w, https:\/\/packaging-journal.de\/wp-content\/uploads\/2020\/09\/Nordic-Minds-Pauliina-Rannikko-w-100x100.jpg 100w, https:\/\/packaging-journal.de\/wp-content\/uploads\/2020\/09\/Nordic-Minds-Pauliina-Rannikko-w-600x600.jpg 600w, https:\/\/packaging-journal.de\/wp-content\/uploads\/2020\/09\/Nordic-Minds-Pauliina-Rannikko-w-1024x1024.jpg 1024w, https:\/\/packaging-journal.de\/wp-content\/uploads\/2020\/09\/Nordic-Minds-Pauliina-Rannikko-w-150x150.jpg 150w, https:\/\/packaging-journal.de\/wp-content\/uploads\/2020\/09\/Nordic-Minds-Pauliina-Rannikko-w-768x768.jpg 768w, https:\/\/packaging-journal.de\/wp-content\/uploads\/2020\/09\/Nordic-Minds-Pauliina-Rannikko-w.jpg 1209w\" sizes=\"(max-width: 300px) 100vw, 300px\" \/><figcaption id=\"caption-attachment-37916\" class=\"wp-caption-text\">(Bild: Wipak-Gruppe)<\/figcaption><\/figure>\n<p>\u201eDen teilweise immer noch konservativ gepr\u00e4gten Unternehmen f\u00e4llt es schwer, kompetenzbasiertes Recruiting zu betreiben, da die Branchenerfahrung h\u00e4ufig im Fokus steht.\u201c Pauliina Rannikko, Chief Human Ressources Officer, Wipak-Gruppe<\/p><\/blockquote>\n<p>Ein Eindruck, der von der auf die Verpackungsbranche spezialisierten Personalberatung Nordic Minds best\u00e4tigt wird. Die Experten mit Fokus auf den schwedischen, nordeurop\u00e4ischen sowie deutschen Markt, stellen in der Praxis immer wieder fest, dass sich die Unternehmen der Verpackungsindustrie auf die <strong>rein spezifische Branchenerfahrung der Bewerber<\/strong> fokussieren. Quereinsteiger erhielten selten eine angemessene Chance.<\/p>\n<p>Auch Frau Rannikko betont, dass Rekrutierungen aus der eigenen Branche zu h\u00e4ufig stattfinden. Und dies w\u00fcrde dies Unternehmen unter anderem aufgrund <strong>fehlender Innovationsst\u00e4rke<\/strong> nicht unbedingt auf eine Spitzenposition bringen. Ein weiterer Aspekt: Frauen seien sowohl in der Belegschaft als auch in der F\u00fchrungsriege stark unterrepr\u00e4sentiert. Zudem w\u00fcrden sie deutlich \u00f6fter in Teilzeit arbeiten als ihre m\u00e4nnlichen Kollegen. Dies treffe allerdings nicht unbedingt auf die Wipak-Gruppe zu, schr\u00e4nkt Rannikko ein.<\/p><div id=\"packa-2222106264\" class=\"packa-inhalt\"><!--noptimize--><script async src=\"https:\/\/pagead2.googlesyndication.com\/pagead\/js\/adsbygoogle.js?client=ca-pub-2686439340972671\" crossorigin=\"anonymous\"><\/script>\r\n<ins class=\"adsbygoogle\" style=\"display:block;text-align:center\" data-ad-layout=\"in-article\" data-ad-format=\"fluid\" data-ad-client=\"ca-pub-2686439340972671\" data-ad-slot=\"6171251825\"><\/ins>\r\n<script>\r\n     (adsbygoogle = window.adsbygoogle || []).push({});\r\n<\/script><!--\/noptimize--><\/div>\n<p>Per Vinge Frederiksen ist CEO in Skandinavien bei Smurfit Kappa, einem der f\u00fchrenden Produzenten von papierbasierten Verpackungen. Als erfahrener Transformationsmanager pl\u00e4diert er beim Personalrecruiting ebenfalls f\u00fcr einen Blick \u00fcber den branchenspezifischen Tellerrand.<\/p>\n<blockquote>\n<figure id=\"attachment_37917\" aria-describedby=\"caption-attachment-37917\" style=\"width: 300px\" class=\"wp-caption alignleft\"><img decoding=\"async\" class=\"wp-image-37917 size-medium\" title=\"Per Vinge Frederiksen\" src=\"https:\/\/packaging-journal.de\/wp-content\/uploads\/2020\/09\/Nordic-Minds-Per-Frederiksen_w-300x300.jpg\" alt=\"Per Vinge Frederiksen\" width=\"300\" height=\"300\" srcset=\"https:\/\/packaging-journal.de\/wp-content\/uploads\/2020\/09\/Nordic-Minds-Per-Frederiksen_w-300x300.jpg 300w, https:\/\/packaging-journal.de\/wp-content\/uploads\/2020\/09\/Nordic-Minds-Per-Frederiksen_w-100x100.jpg 100w, https:\/\/packaging-journal.de\/wp-content\/uploads\/2020\/09\/Nordic-Minds-Per-Frederiksen_w-600x600.jpg 600w, https:\/\/packaging-journal.de\/wp-content\/uploads\/2020\/09\/Nordic-Minds-Per-Frederiksen_w-1024x1024.jpg 1024w, https:\/\/packaging-journal.de\/wp-content\/uploads\/2020\/09\/Nordic-Minds-Per-Frederiksen_w-150x150.jpg 150w, https:\/\/packaging-journal.de\/wp-content\/uploads\/2020\/09\/Nordic-Minds-Per-Frederiksen_w-768x768.jpg 768w, https:\/\/packaging-journal.de\/wp-content\/uploads\/2020\/09\/Nordic-Minds-Per-Frederiksen_w.jpg 1205w\" sizes=\"(max-width: 300px) 100vw, 300px\" \/><figcaption id=\"caption-attachment-37917\" class=\"wp-caption-text\">(Bild: Smurfit Kappa)<\/figcaption><\/figure>\n<p>\u201eWenn man ein Unternehmen grundlegend reorganisieren, neu erfolgreich aufstellen oder ein komplettes Umdenken erreichen m\u00f6chte, dann braucht es zwingend auch F\u00fchrungskr\u00e4fte aus einer anderen Branche.\u201c <strong>Per Vinge Frederiksen,<\/strong> CEO Smurfit Kappa<\/p><\/blockquote>\n<p>Seiner Ansicht nach gilt dies insbesondere f\u00fcr <strong>Schl\u00fcsselpositionen<\/strong> im strategischen Vertrieb, Gesch\u00e4ftsbereichsleitung, HR, Finanzen sowie Project Management Office (PMO).<\/p>\n<h2>Strategische Suche beim Personal Recruiting<\/h2>\n<p>Daher weisen professionelle Personalberater wie Nordic Minds darauf hin, in Personalfragen eine neue Strategie zu verfolgen. F\u00fcr die Experten mit einem Fokus auf den nordeurop\u00e4ischen sowie deutschen Markt ist die Verpackungsbranche ist eines ihrer Kerngesch\u00e4ftsfelder. Sie nutzen ein <strong>eigens entwickeltes Prozesstool,<\/strong> welches den Kunden maximale Transparenz in Kombination mit einer \u00fcber Jahre aufgebauten Marktkenntnis bietet.<\/p>\n<p>Neben den wichtigsten Online- und Offline-Kan\u00e4le wie Linkedin und Xing setzt man hier auf eine diskrete und strukturierte Direktansprache. Hier sei \u00fcber die <strong>fachliche, f\u00e4higkeitsbasierte und auch kulturelle Passung eines Kandidaten<\/strong> hinaus eine besondere Sorgfalt erforderlich, um bei jeder Besetzung einen Mehrwert f\u00fcr alle Parteien zu schaffen.<\/p>\n<blockquote>\n<figure id=\"attachment_37915\" aria-describedby=\"caption-attachment-37915\" style=\"width: 300px\" class=\"wp-caption alignleft\"><img decoding=\"async\" class=\"wp-image-37915 size-medium\" title=\"Christian Fuchs, Nordic Minds\" src=\"https:\/\/packaging-journal.de\/wp-content\/uploads\/2020\/09\/Nordic-Minds-Christian-Fuchs-e1600179504420-300x300.jpg\" alt=\"Christian Fuchs, Nordic Minds\" width=\"300\" height=\"300\" srcset=\"https:\/\/packaging-journal.de\/wp-content\/uploads\/2020\/09\/Nordic-Minds-Christian-Fuchs-e1600179504420-300x300.jpg 300w, https:\/\/packaging-journal.de\/wp-content\/uploads\/2020\/09\/Nordic-Minds-Christian-Fuchs-e1600179504420-100x100.jpg 100w, https:\/\/packaging-journal.de\/wp-content\/uploads\/2020\/09\/Nordic-Minds-Christian-Fuchs-e1600179504420-600x600.jpg 600w, https:\/\/packaging-journal.de\/wp-content\/uploads\/2020\/09\/Nordic-Minds-Christian-Fuchs-e1600179504420-150x150.jpg 150w, https:\/\/packaging-journal.de\/wp-content\/uploads\/2020\/09\/Nordic-Minds-Christian-Fuchs-e1600179504420-768x768.jpg 768w, https:\/\/packaging-journal.de\/wp-content\/uploads\/2020\/09\/Nordic-Minds-Christian-Fuchs-e1600179504420.jpg 774w\" sizes=\"(max-width: 300px) 100vw, 300px\" \/><figcaption id=\"caption-attachment-37915\" class=\"wp-caption-text\">(Bild: Nordic Minds)<\/figcaption><\/figure>\n<p>\u201eWir haben bereits mehrere Vorstands- und Schl\u00fcsselpositionen bei deutschen und internationalen Firmen im deutschen und europ\u00e4ischen Markt erfolgreich besetzt. Der Schl\u00fcssel zum Erfolg ist nicht nur das technische Knowhow oder die einschl\u00e4gigen Erfahrungen der Kandidaten, sondern zu wissen, wie gut Talente in kultureller Hinsicht zu den jeweiligen Unternehmen und deren Gesch\u00e4ftsbereichen passen. Genau hier liegen aktuelle und zuk\u00fcnftige Herausforderungen, die wir bereits jetzt mit unseren Kunden angehen.\u201c <strong>Christian Fuchs<\/strong>, Berater und Partner bei Nordic Minds<\/p><\/blockquote>\n<h2>Neue Chancen ergreifen<\/h2>\n<p>Beim Personal Recruiting muss heute mehr denn je in den Faktor \u201eMensch\u201c investiert werden. Und es sind auch Positionen von F\u00fchrungskr\u00e4ften, die mit ein wenig Flexibilit\u00e4t und Bereitschaft zum kompetenzbasierten Recruiting besetzt werden m\u00fcssen. Davor hat die F\u00fchrung vieler Unternehmen der Branche anscheinend immer noch Respekt. Nach Einsch\u00e4tzung von Nordic Minds wird daran aber kein Weg vorbeif\u00fchren. Und die positiven Synergieeffekte, die damit eintreten k\u00f6nnten, sind frischen Wind und neue Ideen sowie Inspirationen in das Unternehmen zu bringen. So liesse sich letztendlich die gesamte Branche st\u00e4rken.<\/p>\n[infotext icon]\n<p>Die internationale Personalberatung Nordic Minds wurde von Marcus Honkanen, Christian Fuchs und Fanny \u00c5berg\u00a0gegr\u00fcndet. Sie verf\u00fcgt \u00fcber B\u00fcros in Deutschland und Nordeuropa. Das Unternehmen hat in den letzten 15 Jahren eine Vielzahl an anspruchsvollen Positionen in der Verpackungsbranche besetzt. [\/infotext]\n","protected":false},"excerpt":{"rendered":"Skilful personnel recruiting plays a decisive role in the success of a company. Not least because there is also a shortage of skilled labour in the packaging industry. How can companies position themselves successfully here?","protected":false},"author":1,"featured_media":37952,"comment_status":"closed","ping_status":"closed","sticky":false,"template":"","format":"standard","meta":{"_acf_changed":false,"__cvm_playback_settings":[],"__cvm_video_id":"","rank_math_description":"","rank_math_focus_keyword":"","rank_math_title":"","csco_display_header_overlay":false,"csco_singular_sidebar":"","csco_page_header_type":"","csco_page_load_nextpost":"","csco_post_video_location":[],"csco_post_video_location_hash":"","csco_post_video_url":"","csco_post_video_bg_start_time":0,"csco_post_video_bg_end_time":0,"footnotes":"","_links_to":"","_links_to_target":""},"categories":[114],"tags":[43,64,58758,58750],"class_list":{"0":"post-37914","1":"post","2":"type-post","3":"status-publish","4":"format-standard","5":"has-post-thumbnail","7":"category-aus-den-unternehmen-news","8":"tag-aus-den-unternehmen","9":"tag-ausbildung-und-weiterbildung","10":"tag-karriere","11":"tag-nordic-minds","12":"cs-entry","13":"cs-video-wrap"},"acf":[],"vimeo_video":null,"_links":{"self":[{"href":"https:\/\/packaging-journal.de\/en\/wp-json\/wp\/v2\/posts\/37914","targetHints":{"allow":["GET"]}}],"collection":[{"href":"https:\/\/packaging-journal.de\/en\/wp-json\/wp\/v2\/posts"}],"about":[{"href":"https:\/\/packaging-journal.de\/en\/wp-json\/wp\/v2\/types\/post"}],"author":[{"embeddable":true,"href":"https:\/\/packaging-journal.de\/en\/wp-json\/wp\/v2\/users\/1"}],"replies":[{"embeddable":true,"href":"https:\/\/packaging-journal.de\/en\/wp-json\/wp\/v2\/comments?post=37914"}],"version-history":[{"count":0,"href":"https:\/\/packaging-journal.de\/en\/wp-json\/wp\/v2\/posts\/37914\/revisions"}],"wp:featuredmedia":[{"embeddable":true,"href":"https:\/\/packaging-journal.de\/en\/wp-json\/wp\/v2\/media\/37952"}],"wp:attachment":[{"href":"https:\/\/packaging-journal.de\/en\/wp-json\/wp\/v2\/media?parent=37914"}],"wp:term":[{"taxonomy":"category","embeddable":true,"href":"https:\/\/packaging-journal.de\/en\/wp-json\/wp\/v2\/categories?post=37914"},{"taxonomy":"post_tag","embeddable":true,"href":"https:\/\/packaging-journal.de\/en\/wp-json\/wp\/v2\/tags?post=37914"}],"curies":[{"name":"wp","href":"https:\/\/api.w.org\/{rel}","templated":true}]}}