{"id":38955,"date":"2020-10-20T11:43:08","date_gmt":"2020-10-20T09:43:08","guid":{"rendered":"https:\/\/packaging-journal.de\/?p=38955"},"modified":"2020-10-26T11:02:07","modified_gmt":"2020-10-26T10:02:07","slug":"sabic-albea-estee-lauder-origins-tube","status":"publish","type":"post","link":"https:\/\/packaging-journal.de\/en\/sabic-albea-estee-lauder-origins-tube\/","title":{"rendered":"Sabic pushes the envelope for Est\u00e9e Lauder"},"content":{"rendered":"<p>Today Sabic announced its cooperation with Est\u00e9e Lauder Companies. The cooperation also includes cosmetics packaging manufacturer Alb\u00e9a. Together they are developing a sustainable cosmetic tube packaging for the natural brand from Lauder: Origins.<\/p>\n<p>So in future, Origins' bestseller, an active charcoal face mask, will be sold in a tube made of<span style=\"color: #000000;\">\u00a0certified recyclable polypropylene<\/span> which originate from a revolutionary recycling process.<\/p>\n<h2>What is so revolutionary about it?<\/h2>\n<p>The advanced recycling technology of <a href=\"https:\/\/packaging-journal.de\/tag\/sabic\/\" target=\"_blank\" rel=\"noopener noreferrer\">Sabic<\/a> regenerates plastics that are difficult to recycle and would otherwise have been destined for incineration or landfill. The plastics are shredded to produce a purified chemical precursor, which is then used as a raw material to produce high-performance plastics - in this case polyethylene and polypropylene. By utilising this innovative technology, Origins and Est\u00e9e Lauder Companies, Sabic and Alb\u00e9a are driving the pace of development required throughout the value chain to drive a circular economy.<\/p><div class=\"packa-in-post-alle\" style=\"text-align: center;\" id=\"packa-3183567038\"><div id=\"packa-1298198605\"><a data-no-instant=\"1\" href=\"https:\/\/packaging-journal.de\/en\/newsletter\/\" rel=\"noopener\" class=\"a2t-link\" target=\"_blank\" aria-label=\"PJ Self-promotion English 03\"><!--noptimize--><img src=\"https:\/\/packaging-journal.de\/wp-content\/uploads\/2026\/01\/PJ-Eigenwerbung-English-03.png\" alt=\"\"  srcset=\"https:\/\/packaging-journal.de\/wp-content\/uploads\/2026\/01\/PJ-Eigenwerbung-English-03.png 840w, https:\/\/packaging-journal.de\/wp-content\/uploads\/2026\/01\/PJ-Eigenwerbung-English-03-300x75.png 300w, https:\/\/packaging-journal.de\/wp-content\/uploads\/2026\/01\/PJ-Eigenwerbung-English-03-768x192.png 768w, https:\/\/packaging-journal.de\/wp-content\/uploads\/2026\/01\/PJ-Eigenwerbung-English-03-18x5.png 18w, https:\/\/packaging-journal.de\/wp-content\/uploads\/2026\/01\/PJ-Eigenwerbung-English-03-332x83.png 332w, https:\/\/packaging-journal.de\/wp-content\/uploads\/2026\/01\/PJ-Eigenwerbung-English-03-664x166.png 664w, https:\/\/packaging-journal.de\/wp-content\/uploads\/2026\/01\/PJ-Eigenwerbung-English-03-688x172.png 688w\" sizes=\"(max-width: 840px) 100vw, 840px\" width=\"840\" height=\"210\"  style=\" max-width: 100%; height: auto;\" \/><!--\/noptimize--><\/a><\/div><\/div>\n<blockquote><p>\"We are proud to partner with Sabic and Alb\u00e9a on Origins' industry-first sustainable packaging innovation to further our focus on reducing the potential environmental impact of a package throughout its lifecycle. Exploring the uses of post-consumer recycling - PCR - is an incredible resource to advance our sustainable packaging goals, and we look forward to bringing a more advanced PCR solution to market.\" \u00a0<strong>Sushil Iyer<\/strong>Vice President, Global Packaging, The Est\u00e9e Lauder Companies<\/p><\/blockquote>\n<p><img fetchpriority=\"high\" decoding=\"async\" class=\"aligncenter wp-image-38957 size-full\" src=\"https:\/\/packaging-journal.de\/wp-content\/uploads\/2020\/10\/SABICPR463a.jpg\" alt=\"\" width=\"1080\" height=\"1350\" srcset=\"https:\/\/packaging-journal.de\/wp-content\/uploads\/2020\/10\/SABICPR463a.jpg 1080w, https:\/\/packaging-journal.de\/wp-content\/uploads\/2020\/10\/SABICPR463a-600x750.jpg 600w, https:\/\/packaging-journal.de\/wp-content\/uploads\/2020\/10\/SABICPR463a-240x300.jpg 240w, https:\/\/packaging-journal.de\/wp-content\/uploads\/2020\/10\/SABICPR463a-819x1024.jpg 819w, https:\/\/packaging-journal.de\/wp-content\/uploads\/2020\/10\/SABICPR463a-768x960.jpg 768w\" sizes=\"(max-width: 1080px) 100vw, 1080px\" \/><\/p>\n<h2>If you call yourself a pioneer in natural cosmetics, you have to act accordingly<\/h2>\n<p>Origins calls itself a pioneer in the field of \"natural cosmetics\". Accordingly, investing in sustainable packaging solutions is one of the brand's core values. The aim is to reduce its own environmental impact by 80 per cent by 2023.<\/p>\n<blockquote><p>\"The new Origins packaging is the result of true collaboration and innovation and another step forward in closing the loop for used plastics. We are committed to working with partners across the value chain to work towards a more sustainable, circular future\"<strong> Mark Vester<\/strong>, Circular Economy Leader at Sabic<\/p><\/blockquote>\n<p>Sabic's Trucircle offering ranges from recyclability design services and mechanically recycled materials to certified circular products from chemical recycling of used plastics and certified renewable polymers from bio-based raw materials. It also offers traceability along the supply chain, from raw material to end product.<\/p><div id=\"packa-3418703781\" class=\"packa-inhalt\"><!--noptimize--><script async src=\"https:\/\/pagead2.googlesyndication.com\/pagead\/js\/adsbygoogle.js?client=ca-pub-2686439340972671\" crossorigin=\"anonymous\"><\/script>\r\n<ins class=\"adsbygoogle\" style=\"display:block;text-align:center\" data-ad-layout=\"in-article\" data-ad-format=\"fluid\" data-ad-client=\"ca-pub-2686439340972671\" data-ad-slot=\"6171251825\"><\/ins>\r\n<script>\r\n     (adsbygoogle = window.adsbygoogle || []).push({});\r\n<\/script><!--\/noptimize--><\/div>\n<p><em>Source: SABIC<\/em><\/p>\n<p>&nbsp;<\/p>","protected":false},"excerpt":{"rendered":"Today, Sabic announced its collaboration with Est\u00e9e Lauder Companies. The cooperation also includes cosmetic packaging manufacturer Alb\u00e9a. Together, they are developing\u2026","protected":false},"author":23,"featured_media":38956,"comment_status":"closed","ping_status":"closed","sticky":false,"template":"","format":"standard","meta":{"_acf_changed":false,"__cvm_playback_settings":[],"__cvm_video_id":"","rank_math_description":"","rank_math_focus_keyword":"","rank_math_title":"","csco_display_header_overlay":false,"csco_singular_sidebar":"","csco_page_header_type":"","csco_page_load_nextpost":"","csco_post_video_location":[],"csco_post_video_location_hash":"","csco_post_video_url":"","csco_post_video_bg_start_time":0,"csco_post_video_bg_end_time":0,"footnotes":"","_links_to":"","_links_to_target":""},"categories":[58781],"tags":[54,31,58798],"class_list":{"0":"post-38955","1":"post","2":"type-post","3":"status-publish","4":"format-standard","5":"has-post-thumbnail","7":"category-green-packaging","8":"tag-kunststoff-und-verbunde","9":"tag-nachhaltigkeit-und-green-packaging","10":"tag-sabic","11":"cs-entry","12":"cs-video-wrap"},"acf":[],"vimeo_video":null,"_links":{"self":[{"href":"https:\/\/packaging-journal.de\/en\/wp-json\/wp\/v2\/posts\/38955","targetHints":{"allow":["GET"]}}],"collection":[{"href":"https:\/\/packaging-journal.de\/en\/wp-json\/wp\/v2\/posts"}],"about":[{"href":"https:\/\/packaging-journal.de\/en\/wp-json\/wp\/v2\/types\/post"}],"author":[{"embeddable":true,"href":"https:\/\/packaging-journal.de\/en\/wp-json\/wp\/v2\/users\/23"}],"replies":[{"embeddable":true,"href":"https:\/\/packaging-journal.de\/en\/wp-json\/wp\/v2\/comments?post=38955"}],"version-history":[{"count":0,"href":"https:\/\/packaging-journal.de\/en\/wp-json\/wp\/v2\/posts\/38955\/revisions"}],"wp:featuredmedia":[{"embeddable":true,"href":"https:\/\/packaging-journal.de\/en\/wp-json\/wp\/v2\/media\/38956"}],"wp:attachment":[{"href":"https:\/\/packaging-journal.de\/en\/wp-json\/wp\/v2\/media?parent=38955"}],"wp:term":[{"taxonomy":"category","embeddable":true,"href":"https:\/\/packaging-journal.de\/en\/wp-json\/wp\/v2\/categories?post=38955"},{"taxonomy":"post_tag","embeddable":true,"href":"https:\/\/packaging-journal.de\/en\/wp-json\/wp\/v2\/tags?post=38955"}],"curies":[{"name":"wp","href":"https:\/\/api.w.org\/{rel}","templated":true}]}}