{"id":39148,"date":"2020-10-28T16:13:47","date_gmt":"2020-10-28T15:13:47","guid":{"rendered":"https:\/\/packaging-journal.de\/?p=39148"},"modified":"2020-10-28T16:18:36","modified_gmt":"2020-10-28T15:18:36","slug":"cosmetic-glass-made-from-recycled-cullet","status":"publish","type":"post","link":"https:\/\/packaging-journal.de\/en\/kosmetikglas-aus-recycelten-scherben\/","title":{"rendered":"Cosmetic jar made from recycled shards"},"content":{"rendered":"<p>Bei Gerresheimer im belgischen Momignies wurde vom 1. Januar bis zum 30. Juni 2020 bei der industriellen Glasproduktion nachweislich \u00fcber 40 Prozent Post Consumer Recycling-Glas verwendet.<\/p>\n<p><a href=\"http:\/\/www.rdcenvironment.be\/\" target=\"_blank\" rel=\"noopener noreferrer\">RDC environment<\/a>, ein in Belgien ans\u00e4ssiges Beratungsunternehmen f\u00fcr Umweltstudien und -analysen, zertifizierte nach eingehender Pr\u00fcfung, dass die Menge des eingesetzten PCR-Glases im Verh\u00e4ltnis zur Menge der verkauften Glasverpackungen einem Recycling- oder PCR-Glas-Anteil von \u00fcber 40 Prozent entspricht.<\/p>\n<blockquote><p>\u201eWir freuen uns \u00fcber dieses Zertifikat. Es best\u00e4tigt, dass unser Einsatz f\u00fcr mehr Nachhaltigkeit in der Kosmetikglasproduktion durch recycelte Scherben der richtige Weg ist.\u201c <strong>Nicola Balena<\/strong>, VP Global Business Management Cosmetic Moulded Glass bei Gerresheimer<\/p><\/blockquote>\n<p>Die Pr\u00fcfung wurde anhand der vom europ\u00e4ischen <a href=\"https:\/\/feve.org\/\" target=\"_blank\" rel=\"noopener noreferrer\">Glasverband FEVE<\/a> (The European Container Glass Federation) erstellten Kriterien vorgenommen.<\/p><div class=\"packa-in-post-alle\" style=\"text-align: center;\" id=\"packa-1766287006\"><div id=\"packa-3279626351\"><a data-no-instant=\"1\" href=\"https:\/\/packaging-journal.de\/en\/newsletter\/\" rel=\"noopener\" class=\"a2t-link\" target=\"_blank\" aria-label=\"PJ Eigenwerbung English 03\"><!--noptimize--><img src=\"https:\/\/packaging-journal.de\/wp-content\/uploads\/2026\/01\/PJ-Eigenwerbung-English-03.png\" alt=\"\"  srcset=\"https:\/\/packaging-journal.de\/wp-content\/uploads\/2026\/01\/PJ-Eigenwerbung-English-03.png 840w, https:\/\/packaging-journal.de\/wp-content\/uploads\/2026\/01\/PJ-Eigenwerbung-English-03-300x75.png 300w, https:\/\/packaging-journal.de\/wp-content\/uploads\/2026\/01\/PJ-Eigenwerbung-English-03-768x192.png 768w, https:\/\/packaging-journal.de\/wp-content\/uploads\/2026\/01\/PJ-Eigenwerbung-English-03-18x5.png 18w, https:\/\/packaging-journal.de\/wp-content\/uploads\/2026\/01\/PJ-Eigenwerbung-English-03-332x83.png 332w, https:\/\/packaging-journal.de\/wp-content\/uploads\/2026\/01\/PJ-Eigenwerbung-English-03-664x166.png 664w, https:\/\/packaging-journal.de\/wp-content\/uploads\/2026\/01\/PJ-Eigenwerbung-English-03-688x172.png 688w\" sizes=\"(max-width: 840px) 100vw, 840px\" width=\"840\" height=\"210\"  style=\" max-width: 100%; height: auto;\" \/><!--\/noptimize--><\/a><\/div><\/div>\n<h2>Mehr als 40 Prozent Post Consumer Recyclingglas<\/h2>\n<p><a href=\"https:\/\/packaging-journal.de\/tag\/gerresheimer\/\">Gerresheimer<\/a> engagiert sich bereits seit 10 Jahren f\u00fcr den Einsatz von Post Consumer Recycling-Glas. In Zusammenarbeit mit Kunden hat das Unternehmen ein hochwertiges <strong>Kosmetikglas f\u00fcr die Produktion von Flakons, Tiegeln und zahlreichen anderen Kosmetikfl\u00e4schchen<\/strong> entwickelt. Dessen Anteil an recycelten Scherben konnte in den vergangenen Jahren immer weiter gesteigert werden. Er liegt nun bei einem au\u00dferordentlich hohen Anteil von \u00fcber 40 Prozent.<\/p>\n<p>\u201eWir f\u00fchlen uns <strong>der Kreislaufwirtschaft verpflichtet. <\/strong>Wenn man etwas erfolgreich immer wieder reproduzieren kann, ist es Glas,\u201c erg\u00e4nzt Nicola Balena. Der Erfolg gibt ihm recht. Im Laufe der Jahre ist das Interesse der Kunden an nachhaltigen Kosmetikverpackungen immer weiter gestiegen, so dass Momignies jetzt auf eine volle Auslastung mit PCR-Glas verweisen kann.<\/p><div id=\"packa-1026658020\" class=\"packa-inhalt\"><!--noptimize--><script async src=\"https:\/\/pagead2.googlesyndication.com\/pagead\/js\/adsbygoogle.js?client=ca-pub-2686439340972671\" crossorigin=\"anonymous\"><\/script>\r\n<ins class=\"adsbygoogle\" style=\"display:block;text-align:center\" data-ad-layout=\"in-article\" data-ad-format=\"fluid\" data-ad-client=\"ca-pub-2686439340972671\" data-ad-slot=\"6171251825\"><\/ins>\r\n<script>\r\n     (adsbygoogle = window.adsbygoogle || []).push({});\r\n<\/script><!--\/noptimize--><\/div>\n<p>Die Gerresheimer Produktionsstandorte im belgischen Momignies und im deutschen Tettau bilden das Center of Excellence f\u00fcr eine hochspezialisierte und nachhaltige Gerresheimer Kosmetikglasproduktion.<\/p>\n<h2>Mehr Nachhaltigkeit ohne \u00e4sthetische Kompromisse<\/h2>\n<p>Flakons und Tiegel aus Glas sind das wichtigste Verpackungsmaterial f\u00fcr viele Kosmetikprodukte. Je h\u00f6her der Anteil des verwendeten Post Consumer Recycling-Glases ist, desto weniger Energie wird f\u00fcr die Produktion ben\u00f6tigt. Dies bedeutet, dass die an den Standorten in Momignies und Tettau verwendete Menge an recyceltem Glas <strong>zu Energieeinsparungen in der Produktionsphase<\/strong>. Der Einsatz von Recyclingglas tr\u00e4gt auch dazu bei, <strong>wertvolle nat\u00fcrliche Ressourcen einzusparen.<\/strong><\/p>\n[infotext icon]\nGerresheimer ist ein weltweit f\u00fchrender Partner der Pharma- und Healthcare-Industrie. Das Unternehmen ist weltweit vertreten und produziert mit rund 10.000 Mitarbeitern dort, wo seine Kunden und M\u00e4rkte sind. Mit Werken in Europa, Amerika und Asien erwirtschaftet Gerresheimer einen Umsatz von rund 1,4 Milliarden Euro. Das breite Angebotsspektrum umfasst pharmazeutische Verpackungen sowie Produkte zur einfachen und sicheren Verabreichung von Medikamenten sowie Verpackungen f\u00fcr die Kosmetikindustrie.[\/infotext]\n<p><em>Quelle:<\/em> Gerresheimer<\/p>\n<p>&nbsp;<\/p>\n<blockquote class=\"wp-embedded-content\" data-secret=\"LlBFhq1TSW\"><p><a href=\"https:\/\/packaging-journal.de\/gerresheimer-geschaeftsjahr-2019\/\">Gerresheimer schlie\u00dft Gesch\u00e4ftsjahr 2019 erfolgreich ab<\/a><\/p><\/blockquote>\n<p><iframe class=\"wp-embedded-content\" sandbox=\"allow-scripts\" security=\"restricted\" style=\"position: absolute; visibility: hidden;\" title=\"&#8222;Gerresheimer schlie\u00dft Gesch\u00e4ftsjahr 2019 erfolgreich ab&#8220; &#8212; packaging journal\" src=\"https:\/\/packaging-journal.de\/gerresheimer-geschaeftsjahr-2019\/embed\/#?secret=bsOEu55pqo#?secret=LlBFhq1TSW\" data-secret=\"LlBFhq1TSW\" width=\"600\" height=\"338\" frameborder=\"0\" marginwidth=\"0\" marginheight=\"0\" scrolling=\"no\"><\/iframe><\/p>\n","protected":false},"excerpt":{"rendered":"At Gerresheimer in Momignies, Belgium, over 40 per cent recycled glass was demonstrably used in industrial glass production in the first half of 2020.","protected":false},"author":20,"featured_media":39149,"comment_status":"closed","ping_status":"closed","sticky":false,"template":"","format":"standard","meta":{"_acf_changed":false,"__cvm_playback_settings":[],"__cvm_video_id":"","rank_math_description":"","rank_math_focus_keyword":"","rank_math_title":"","csco_display_header_overlay":false,"csco_singular_sidebar":"","csco_page_header_type":"","csco_page_load_nextpost":"","csco_post_video_location":[],"csco_post_video_location_hash":"","csco_post_video_url":"","csco_post_video_bg_start_time":0,"csco_post_video_bg_end_time":0,"footnotes":"","_links_to":"","_links_to_target":""},"categories":[58781],"tags":[65,58829,62,40],"class_list":{"0":"post-39148","1":"post","2":"type-post","3":"status-publish","4":"format-standard","5":"has-post-thumbnail","7":"category-green-packaging","8":"tag-abfalltechnik-und-recycling","9":"tag-gerresheimer","10":"tag-glas","11":"tag-pharma-kosmetik-chemie","12":"cs-entry","13":"cs-video-wrap"},"acf":[],"vimeo_video":null,"_links":{"self":[{"href":"https:\/\/packaging-journal.de\/en\/wp-json\/wp\/v2\/posts\/39148","targetHints":{"allow":["GET"]}}],"collection":[{"href":"https:\/\/packaging-journal.de\/en\/wp-json\/wp\/v2\/posts"}],"about":[{"href":"https:\/\/packaging-journal.de\/en\/wp-json\/wp\/v2\/types\/post"}],"author":[{"embeddable":true,"href":"https:\/\/packaging-journal.de\/en\/wp-json\/wp\/v2\/users\/20"}],"replies":[{"embeddable":true,"href":"https:\/\/packaging-journal.de\/en\/wp-json\/wp\/v2\/comments?post=39148"}],"version-history":[{"count":0,"href":"https:\/\/packaging-journal.de\/en\/wp-json\/wp\/v2\/posts\/39148\/revisions"}],"wp:featuredmedia":[{"embeddable":true,"href":"https:\/\/packaging-journal.de\/en\/wp-json\/wp\/v2\/media\/39149"}],"wp:attachment":[{"href":"https:\/\/packaging-journal.de\/en\/wp-json\/wp\/v2\/media?parent=39148"}],"wp:term":[{"taxonomy":"category","embeddable":true,"href":"https:\/\/packaging-journal.de\/en\/wp-json\/wp\/v2\/categories?post=39148"},{"taxonomy":"post_tag","embeddable":true,"href":"https:\/\/packaging-journal.de\/en\/wp-json\/wp\/v2\/tags?post=39148"}],"curies":[{"name":"wp","href":"https:\/\/api.w.org\/{rel}","templated":true}]}}