{"id":39799,"date":"2020-11-19T16:15:42","date_gmt":"2020-11-19T15:15:42","guid":{"rendered":"https:\/\/packaging-journal.de\/?p=39799"},"modified":"2020-11-19T16:43:26","modified_gmt":"2020-11-19T15:43:26","slug":"these-are-the-top-3-graphic-design-trends-for-packaging-in-2021","status":"publish","type":"post","link":"https:\/\/packaging-journal.de\/en\/das-sind-die-top-3-grafikdesigntrends-2021-fuer-die-verpackung\/","title":{"rendered":"These are the top 3 graphic design trends for packaging in 2021"},"content":{"rendered":"<p>Jedes neue Jahr bietet die M\u00f6glichkeit, wieder bei Null anzufangen. Die internationale Kreativ-Plattform 99designs hat ihre globale Grafikdesigner-Community zu den neuen Trends 2021 befragt. Wir haben uns bei den insgesamt elf kunstvollen Ideen umgesehen und zeigen hier nun die drei Ans\u00e4tze, die insbesondere f\u00fcr die Verpackung relevant sind. Unsere Top 3!<\/p>\n<p>Schon die Kelten wussten: Marketing ist der Weg zum Erfolg. Zu Ber\u00fchmtheit gelangte das \u00f6sterreichische Hallstatt in der Eisenzeit, als um 850 v. Chr. die dort siedelnden Kelten systematisch das \u201ewei\u00dfe Gold\u201c abbauten. Mit riesigen horizontalen F\u00f6rderhallen folgten sie dem Weg der Salzadern bis zu 300 Meter unter die Erde. Um sich von anderen Anbietern abzuheben, bauten die Kelten von Hallstatt das Salz in Herzform ab. Die ansprechende Form galt bald als\u00a0Marken- und G\u00fctezeichen und somit pr\u00e4gten die sogenannten Hallst\u00e4tter Salzherzen \u00a0die Vormachtstellung im Salzgesch\u00e4ft.<\/p>\n<p>Auffallen im Regal, Neugier erwecken und gleichzeitig die \u00fcblichen visuellen Codes bedienen &#8211; das sind wohl die wichtigsten Anspr\u00fcche an eine neue Verpackung seit jeher. Wie man an den Kelten sehen kann. Elemente der Natur sind beispielsweise in den Zeiten, in denen Nachhaltigkeit und Klimaschutz eine essentielle Rolle spielen ideal f\u00fcr eine moderne Verpackung. So spielt auch die Au\u00dfenwelt bei den Grafiktrends eine wichtige Rolle. Doch es geht noch kreativer, als mit Bl\u00e4ttern, Blumen und B\u00e4umen.<\/p><div class=\"packa-in-post-alle\" style=\"text-align: center;\" id=\"packa-3994222722\"><div id=\"packa-2445446175\"><a data-no-instant=\"1\" href=\"https:\/\/packaging-journal.de\/en\/newsletter\/\" rel=\"noopener\" class=\"a2t-link\" target=\"_blank\" aria-label=\"PJ Eigenwerbung English 03\"><!--noptimize--><img src=\"https:\/\/packaging-journal.de\/wp-content\/uploads\/2026\/01\/PJ-Eigenwerbung-English-03.png\" alt=\"\"  srcset=\"https:\/\/packaging-journal.de\/wp-content\/uploads\/2026\/01\/PJ-Eigenwerbung-English-03.png 840w, https:\/\/packaging-journal.de\/wp-content\/uploads\/2026\/01\/PJ-Eigenwerbung-English-03-300x75.png 300w, https:\/\/packaging-journal.de\/wp-content\/uploads\/2026\/01\/PJ-Eigenwerbung-English-03-768x192.png 768w, https:\/\/packaging-journal.de\/wp-content\/uploads\/2026\/01\/PJ-Eigenwerbung-English-03-18x5.png 18w, https:\/\/packaging-journal.de\/wp-content\/uploads\/2026\/01\/PJ-Eigenwerbung-English-03-332x83.png 332w, https:\/\/packaging-journal.de\/wp-content\/uploads\/2026\/01\/PJ-Eigenwerbung-English-03-664x166.png 664w, https:\/\/packaging-journal.de\/wp-content\/uploads\/2026\/01\/PJ-Eigenwerbung-English-03-688x172.png 688w\" sizes=\"(max-width: 840px) 100vw, 840px\" width=\"840\" height=\"210\"  style=\" max-width: 100%; height: auto;\" \/><!--\/noptimize--><\/a><\/div><\/div>\n<h2 style=\"text-align: center;\">Grafikdesigntrend 1 :\u00a0Comics und Pop Art<\/h2>\n<figure id=\"attachment_39800\" aria-describedby=\"caption-attachment-39800\" style=\"width: 1024px\" class=\"wp-caption aligncenter\"><img fetchpriority=\"high\" decoding=\"async\" class=\"size-large wp-image-39800\" src=\"https:\/\/packaging-journal.de\/wp-content\/uploads\/2020\/11\/by-Tomie-O-on-99designs-1024x850.jpeg\" alt=\"Popart Verpackung ein Grafiktrend 2021\" width=\"1024\" height=\"850\" srcset=\"https:\/\/packaging-journal.de\/wp-content\/uploads\/2020\/11\/by-Tomie-O-on-99designs-1024x850.jpeg 1024w, https:\/\/packaging-journal.de\/wp-content\/uploads\/2020\/11\/by-Tomie-O-on-99designs-600x498.jpeg 600w, https:\/\/packaging-journal.de\/wp-content\/uploads\/2020\/11\/by-Tomie-O-on-99designs-300x249.jpeg 300w, https:\/\/packaging-journal.de\/wp-content\/uploads\/2020\/11\/by-Tomie-O-on-99designs-768x637.jpeg 768w, https:\/\/packaging-journal.de\/wp-content\/uploads\/2020\/11\/by-Tomie-O-on-99designs-1536x1275.jpeg 1536w, https:\/\/packaging-journal.de\/wp-content\/uploads\/2020\/11\/by-Tomie-O-on-99designs-1320x1096.jpeg 1320w, https:\/\/packaging-journal.de\/wp-content\/uploads\/2020\/11\/by-Tomie-O-on-99designs.jpeg 1807w\" sizes=\"(max-width: 1024px) 100vw, 1024px\" \/><figcaption id=\"caption-attachment-39800\" class=\"wp-caption-text\">Bild: Tomie O on 99designs<\/figcaption><\/figure>\n<p style=\"text-align: left;\">Die Designstile der Vergangenheit sterben nie wirklich. Dieses Jahr lassen Designer die k\u00f6rnigen Farben, die starke Einf\u00e4rbung und Lautmalerei alter Comics wiederauferstehen. Entstanden in einer Zeit der einfachen Drucktechnik, wurden in Comics h\u00e4ufig Halbt\u00f6ne oder Dot Shading verwendet, um Farben darzustellen. Heutzutage kann dieser Ansatz mithilfe k\u00f6rniger Textur und Tiefe modernen, minimalistischen Trends wie Flat Design neues Leben einhauchen. Gleicherma\u00dfen k\u00f6nnen Webdesigner mit geneigten Bildern und verdrehten Formen ein Gef\u00fchl von Drama und Bewegung erzeugen.<\/p>\n<h2 style=\"text-align: center;\">Grafiktrend 2 : Die sch\u00f6nen K\u00fcnste<\/h2>\n<figure id=\"attachment_39803\" aria-describedby=\"caption-attachment-39803\" style=\"width: 1024px\" class=\"wp-caption aligncenter\"><img decoding=\"async\" class=\"wp-image-39803 size-large\" src=\"https:\/\/packaging-journal.de\/wp-content\/uploads\/2020\/11\/by-LucaToni-on-99designs-1-1024x1024.jpg\" alt=\"Grafiktrend mit feiner Kunst\" width=\"1024\" height=\"1024\" srcset=\"https:\/\/packaging-journal.de\/wp-content\/uploads\/2020\/11\/by-LucaToni-on-99designs-1-1024x1024.jpg 1024w, https:\/\/packaging-journal.de\/wp-content\/uploads\/2020\/11\/by-LucaToni-on-99designs-1-300x300.jpg 300w, https:\/\/packaging-journal.de\/wp-content\/uploads\/2020\/11\/by-LucaToni-on-99designs-1-100x100.jpg 100w, https:\/\/packaging-journal.de\/wp-content\/uploads\/2020\/11\/by-LucaToni-on-99designs-1-600x600.jpg 600w, https:\/\/packaging-journal.de\/wp-content\/uploads\/2020\/11\/by-LucaToni-on-99designs-1-150x150.jpg 150w, https:\/\/packaging-journal.de\/wp-content\/uploads\/2020\/11\/by-LucaToni-on-99designs-1-768x768.jpg 768w, https:\/\/packaging-journal.de\/wp-content\/uploads\/2020\/11\/by-LucaToni-on-99designs-1-500x500.jpg 500w, https:\/\/packaging-journal.de\/wp-content\/uploads\/2020\/11\/by-LucaToni-on-99designs-1-1320x1320.jpg 1320w, https:\/\/packaging-journal.de\/wp-content\/uploads\/2020\/11\/by-LucaToni-on-99designs-1.jpg 1500w\" sizes=\"(max-width: 1024px) 100vw, 1024px\" \/><figcaption id=\"caption-attachment-39803\" class=\"wp-caption-text\">Bild: LucaToni on 99designs<\/figcaption><\/figure>\n<p style=\"text-align: left;\">Es wurde schon immer ein Unterschied zwischen Kunst und Design gemacht, aber 2021 k\u00fcmmert sich wenig um traditionelle Grenzen. Malerei verleiht Designs Oberfl\u00e4chenvariation und Tiefe. Sie sehen so real aus, als k\u00f6nnte man sie ber\u00fchren. Deshalb passt der Trend auch so gut zu physischen Produkten. Da Kunst mit Kultur und Klasse assoziiert wird, ist sie n\u00fctzlich f\u00fcr Produkte, die eine altweltliche Eleganz vermitteln wollen \u2013 wie zum Beispiel Weinetiketten und Kosmetik-Verpackungen. Au\u00dferdem erm\u00f6glicht Malerei sattere Farbt\u00f6ne als solche, die am Computer kreiert werden, sodass die Designs eine gewisse Ernsthaftigkeit erhalten. Sie laden den Betrachter dazu ein, sich einen Moment Zeit zu nehmen und zu reflektieren.<\/p><div id=\"packa-2402883009\" class=\"packa-inhalt\"><!--noptimize--><script async src=\"https:\/\/pagead2.googlesyndication.com\/pagead\/js\/adsbygoogle.js?client=ca-pub-2686439340972671\" crossorigin=\"anonymous\"><\/script>\r\n<ins class=\"adsbygoogle\" style=\"display:block;text-align:center\" data-ad-layout=\"in-article\" data-ad-format=\"fluid\" data-ad-client=\"ca-pub-2686439340972671\" data-ad-slot=\"6171251825\"><\/ins>\r\n<script>\r\n     (adsbygoogle = window.adsbygoogle || []).push({});\r\n<\/script><!--\/noptimize--><\/div>\n<h2 style=\"text-align: center;\">Grafikdesigntrend 3 : Designs mit sozialem Bewusstsein<\/h2>\n<p><img decoding=\"async\" class=\"aligncenter wp-image-39806 size-large\" src=\"https:\/\/packaging-journal.de\/wp-content\/uploads\/2020\/11\/pj-verpackungen-1024x682.jpg\" alt=\"\" width=\"1024\" height=\"682\" srcset=\"https:\/\/packaging-journal.de\/wp-content\/uploads\/2020\/11\/pj-verpackungen-1024x682.jpg 1024w, https:\/\/packaging-journal.de\/wp-content\/uploads\/2020\/11\/pj-verpackungen-600x400.jpg 600w, https:\/\/packaging-journal.de\/wp-content\/uploads\/2020\/11\/pj-verpackungen-300x200.jpg 300w, https:\/\/packaging-journal.de\/wp-content\/uploads\/2020\/11\/pj-verpackungen-768x512.jpg 768w, https:\/\/packaging-journal.de\/wp-content\/uploads\/2020\/11\/pj-verpackungen-1536x1024.jpg 1536w, https:\/\/packaging-journal.de\/wp-content\/uploads\/2020\/11\/pj-verpackungen-1320x880.jpg 1320w, https:\/\/packaging-journal.de\/wp-content\/uploads\/2020\/11\/pj-verpackungen.jpg 2000w\" sizes=\"(max-width: 1024px) 100vw, 1024px\" \/><\/p>\n<p>2020 war das Jahr, in dem die Welt verstand, wie sehr sie sich ver\u00e4ndern muss. Vom Gesundheitswesen und Umweltbewusstsein \u00fcber Black Lives Matter bis hin zur Pandemievorsorge wurde offensichtlich, wie viele Herausforderungen uns bevorstehen. \u00a0Wir haben das mit dem Aufkommen kreativen Handletterings gesehen, das Einigkeit, Verantwortlichkeit und Rat vermittelt und als Protestkunst daherkommt. \u00a0Ein Grafikdesigntrend der sicherlich noch mehr Aufschwung 2021 bekommt.<\/p>\n<p>&nbsp;<\/p>\n[infotext icon]<a href=\"https:\/\/99designs.de\" target=\"_blank\" rel=\"noopener noreferrer\"> 99designs<\/a> ist die globale Plattform, die es Designern und Kunden leicht macht, gemeinsam eindrucksvolle Designs zu erarbeiten. Seit 2008 hat sich 99designs von einem kleinen Online-Forum in eine globale Community talentierter Designer entwickelt. Die Kreativ-Plattform ist Anlaufstelle f\u00fcr Unternehmen, Agenturen und Personen, die Grafikdesign ben\u00f6tigen. \u00a0[\/infotext]\n","protected":false},"excerpt":{"rendered":"The international creative platform 99designs has asked its global graphic design community about the new graphic design trends for 2021. Here are the three approaches that are particularly relevant for packaging. Our top 3!","protected":false},"author":23,"featured_media":39805,"comment_status":"closed","ping_status":"closed","sticky":false,"template":"","format":"standard","meta":{"_acf_changed":false,"__cvm_playback_settings":[],"__cvm_video_id":"","rank_math_description":"","rank_math_focus_keyword":"","rank_math_title":"","csco_display_header_overlay":false,"csco_singular_sidebar":"","csco_page_header_type":"","csco_page_load_nextpost":"","csco_post_video_location":[],"csco_post_video_location_hash":"","csco_post_video_url":"","csco_post_video_bg_start_time":0,"csco_post_video_bg_end_time":0,"footnotes":"","_links_to":"","_links_to_target":""},"categories":[23],"tags":[46,58756],"class_list":{"0":"post-39799","1":"post","2":"type-post","3":"status-publish","4":"format-standard","5":"has-post-thumbnail","7":"category-marketing-und-design","8":"tag-marketing-und-design","9":"tag-top-news","10":"cs-entry","11":"cs-video-wrap"},"acf":[],"vimeo_video":null,"_links":{"self":[{"href":"https:\/\/packaging-journal.de\/en\/wp-json\/wp\/v2\/posts\/39799","targetHints":{"allow":["GET"]}}],"collection":[{"href":"https:\/\/packaging-journal.de\/en\/wp-json\/wp\/v2\/posts"}],"about":[{"href":"https:\/\/packaging-journal.de\/en\/wp-json\/wp\/v2\/types\/post"}],"author":[{"embeddable":true,"href":"https:\/\/packaging-journal.de\/en\/wp-json\/wp\/v2\/users\/23"}],"replies":[{"embeddable":true,"href":"https:\/\/packaging-journal.de\/en\/wp-json\/wp\/v2\/comments?post=39799"}],"version-history":[{"count":0,"href":"https:\/\/packaging-journal.de\/en\/wp-json\/wp\/v2\/posts\/39799\/revisions"}],"wp:featuredmedia":[{"embeddable":true,"href":"https:\/\/packaging-journal.de\/en\/wp-json\/wp\/v2\/media\/39805"}],"wp:attachment":[{"href":"https:\/\/packaging-journal.de\/en\/wp-json\/wp\/v2\/media?parent=39799"}],"wp:term":[{"taxonomy":"category","embeddable":true,"href":"https:\/\/packaging-journal.de\/en\/wp-json\/wp\/v2\/categories?post=39799"},{"taxonomy":"post_tag","embeddable":true,"href":"https:\/\/packaging-journal.de\/en\/wp-json\/wp\/v2\/tags?post=39799"}],"curies":[{"name":"wp","href":"https:\/\/api.w.org\/{rel}","templated":true}]}}