{"id":40770,"date":"2020-12-23T11:13:44","date_gmt":"2020-12-23T10:13:44","guid":{"rendered":"https:\/\/packaging-journal.de\/?p=40770"},"modified":"2024-05-12T15:54:06","modified_gmt":"2024-05-12T13:54:06","slug":"ice-cold-shipping-boxes-for-corona-vaccine","status":"publish","type":"post","link":"https:\/\/packaging-journal.de\/en\/eiskalte-versandboxen-fuer-corona-impfstoff\/","title":{"rendered":"Ice-cold shipping boxes for coronavirus vaccine"},"content":{"rendered":"<p>Am Sonntag nach Weihnachten beginnen die ersten Corona-Impfungen in Deutschland. Mit Zulassung der Impfstoffe m\u00fcssen Millionen Serum-Dosen bei konstanten minus 70 Grad Celsius von den Pharmazie-Betrieben in Zwischenlager geliefert und von dort weiterverteilt werden. Damit die Vakzine ihre volle Wirksamkeit behalten, braucht es die richtigen Verpackungsl\u00f6sungen.<\/p>\n<p style=\"font-weight: 400;\">Ein wichtiger Hersteller passender Versandboxen ist der deutsche Mittelst\u00e4ndler Schaumaplast, der sich mit seinem Gesch\u00e4ftsbereich Thermocon auf K\u00fchlverpackungen f\u00fcr die Pharmaindustrie spezialisiert hat.<\/p>\n<h2>Vorbereitungen begannen im Sommer<\/h2>\n<p>Bereits seit Sommer, als die Bedingungen f\u00fcr die Logistik f\u00fcr den Corona-Impfstoff bekannt wurden, arbeitet Schaumaplast gemeinsam mit Kunden an speziellen Verpackungen f\u00fcr den Ultratiefk\u00fchlbereich. Experten am Hauptsitz im baden-w\u00fcrttembergischen Reilingen entwickeln, qualifizieren und fertigen zusammen mit den Schwesterwerken die stromlos arbeitenden, zumeist mehrwegf\u00e4higen K\u00fchlsysteme f\u00fcr den gefragten Temperaturbereich<\/p><div class=\"packa-in-post-alle\" style=\"text-align: center;\" id=\"packa-4232860015\"><div id=\"packa-346657421\"><a data-no-instant=\"1\" href=\"https:\/\/packaging-journal.de\/en\/newsletter\/\" rel=\"noopener\" class=\"a2t-link\" target=\"_blank\" aria-label=\"PJ Eigenwerbung English 03\"><!--noptimize--><img src=\"https:\/\/packaging-journal.de\/wp-content\/uploads\/2026\/01\/PJ-Eigenwerbung-English-03.png\" alt=\"\"  srcset=\"https:\/\/packaging-journal.de\/wp-content\/uploads\/2026\/01\/PJ-Eigenwerbung-English-03.png 840w, https:\/\/packaging-journal.de\/wp-content\/uploads\/2026\/01\/PJ-Eigenwerbung-English-03-300x75.png 300w, https:\/\/packaging-journal.de\/wp-content\/uploads\/2026\/01\/PJ-Eigenwerbung-English-03-768x192.png 768w, https:\/\/packaging-journal.de\/wp-content\/uploads\/2026\/01\/PJ-Eigenwerbung-English-03-18x5.png 18w, https:\/\/packaging-journal.de\/wp-content\/uploads\/2026\/01\/PJ-Eigenwerbung-English-03-332x83.png 332w, https:\/\/packaging-journal.de\/wp-content\/uploads\/2026\/01\/PJ-Eigenwerbung-English-03-664x166.png 664w, https:\/\/packaging-journal.de\/wp-content\/uploads\/2026\/01\/PJ-Eigenwerbung-English-03-688x172.png 688w\" sizes=\"(max-width: 840px) 100vw, 840px\" width=\"840\" height=\"210\"  style=\" max-width: 100%; height: auto;\" \/><!--\/noptimize--><\/a><\/div><\/div>\n<figure id=\"attachment_40767\" aria-describedby=\"caption-attachment-40767\" style=\"width: 1024px\" class=\"wp-caption aligncenter\"><img fetchpriority=\"high\" decoding=\"async\" class=\"size-large wp-image-40767\" src=\"https:\/\/packaging-journal.de\/wp-content\/uploads\/2020\/12\/70FB23C1-BAB2-4631-8729-F4A3C7FD04FB-1024x683.jpeg\" alt=\"\" width=\"1024\" height=\"683\" srcset=\"https:\/\/packaging-journal.de\/wp-content\/uploads\/2020\/12\/70FB23C1-BAB2-4631-8729-F4A3C7FD04FB-1024x683.jpeg 1024w, https:\/\/packaging-journal.de\/wp-content\/uploads\/2020\/12\/70FB23C1-BAB2-4631-8729-F4A3C7FD04FB-scaled-600x400.jpeg 600w, https:\/\/packaging-journal.de\/wp-content\/uploads\/2020\/12\/70FB23C1-BAB2-4631-8729-F4A3C7FD04FB-300x200.jpeg 300w, https:\/\/packaging-journal.de\/wp-content\/uploads\/2020\/12\/70FB23C1-BAB2-4631-8729-F4A3C7FD04FB-768x512.jpeg 768w, https:\/\/packaging-journal.de\/wp-content\/uploads\/2020\/12\/70FB23C1-BAB2-4631-8729-F4A3C7FD04FB-1536x1024.jpeg 1536w, https:\/\/packaging-journal.de\/wp-content\/uploads\/2020\/12\/70FB23C1-BAB2-4631-8729-F4A3C7FD04FB-2048x1365.jpeg 2048w, https:\/\/packaging-journal.de\/wp-content\/uploads\/2020\/12\/70FB23C1-BAB2-4631-8729-F4A3C7FD04FB-1320x880.jpeg 1320w, https:\/\/packaging-journal.de\/wp-content\/uploads\/2020\/12\/70FB23C1-BAB2-4631-8729-F4A3C7FD04FB-scaled.jpeg 2250w\" sizes=\"(max-width: 1024px) 100vw, 1024px\" \/><figcaption id=\"caption-attachment-40767\" class=\"wp-caption-text\">(Bild: Schaumaplast)<\/figcaption><\/figure>\n<p style=\"font-weight: 400;\">Daf\u00fcr werden spezielle Isolierbeh\u00e4lter mit Trockeneis best\u00fcckt. Der minus 80 Grad kalte, feste Stoff verdampft ohne R\u00fcckst\u00e4nde und entwickelt dabei die Energie, die f\u00fcr eine sichere K\u00fchlleistung \u00fcber mindestens f\u00fcnf Tage sorgt. Mehrere Tausend K\u00fchlsysteme verlie\u00dfen bereits letzte Woche die Schaumaplast-Werke in Richtung Logistikzentren.<\/p>\n<figure id=\"attachment_40769\" aria-describedby=\"caption-attachment-40769\" style=\"width: 1024px\" class=\"wp-caption aligncenter\"><img decoding=\"async\" class=\"wp-image-40769 size-large\" src=\"https:\/\/packaging-journal.de\/wp-content\/uploads\/2020\/12\/0CB2D990-0137-4975-8A80-11F755935682-1024x683.jpeg\" alt=\"Versandbox f\u00fcr den Corona-Impfstoff\" width=\"1024\" height=\"683\" srcset=\"https:\/\/packaging-journal.de\/wp-content\/uploads\/2020\/12\/0CB2D990-0137-4975-8A80-11F755935682-1024x683.jpeg 1024w, https:\/\/packaging-journal.de\/wp-content\/uploads\/2020\/12\/0CB2D990-0137-4975-8A80-11F755935682-scaled-600x400.jpeg 600w, https:\/\/packaging-journal.de\/wp-content\/uploads\/2020\/12\/0CB2D990-0137-4975-8A80-11F755935682-300x200.jpeg 300w, https:\/\/packaging-journal.de\/wp-content\/uploads\/2020\/12\/0CB2D990-0137-4975-8A80-11F755935682-768x512.jpeg 768w, https:\/\/packaging-journal.de\/wp-content\/uploads\/2020\/12\/0CB2D990-0137-4975-8A80-11F755935682-1536x1024.jpeg 1536w, https:\/\/packaging-journal.de\/wp-content\/uploads\/2020\/12\/0CB2D990-0137-4975-8A80-11F755935682-2048x1365.jpeg 2048w, https:\/\/packaging-journal.de\/wp-content\/uploads\/2020\/12\/0CB2D990-0137-4975-8A80-11F755935682-1320x880.jpeg 1320w, https:\/\/packaging-journal.de\/wp-content\/uploads\/2020\/12\/0CB2D990-0137-4975-8A80-11F755935682-scaled.jpeg 2250w\" sizes=\"(max-width: 1024px) 100vw, 1024px\" \/><figcaption id=\"caption-attachment-40769\" class=\"wp-caption-text\">(Bild: Schaumaplast)<\/figcaption><\/figure>\n<h2>Boxen von klein bis gro\u00df<\/h2>\n<p>Das Unternehmen stellt vom zwei Liter fassenden Kleinpaket bis zur Europalette mit einem Packvolumen von 1.200 Litern die unterschiedlichsten Versandgr\u00f6\u00dfen her. Viele Verpackungsgr\u00f6\u00dfen eignen sich gleicherma\u00dfen auch f\u00fcr die Temperaturbereiche anderer COVID-19-Impfstoffe, die bei -20 Grad oder plus 2 bis plus 8 Grad Celsius transportiert werden m\u00fcssen. Das \u201eFlaggschiff\u201c ist der Pallet-Transporter. Dieser Beh\u00e4lter kann eine komplett verpackte beziehungsweise vorkonditionierte Europalette aufnehmen und die temperaturempfindliche Ware teils mehr als f\u00fcnf Tage sicher k\u00fchlen.<\/p><div id=\"packa-2905486079\" class=\"packa-inhalt\"><!--noptimize--><script async src=\"https:\/\/pagead2.googlesyndication.com\/pagead\/js\/adsbygoogle.js?client=ca-pub-2686439340972671\" crossorigin=\"anonymous\"><\/script>\r\n<ins class=\"adsbygoogle\" style=\"display:block;text-align:center\" data-ad-layout=\"in-article\" data-ad-format=\"fluid\" data-ad-client=\"ca-pub-2686439340972671\" data-ad-slot=\"6171251825\"><\/ins>\r\n<script>\r\n     (adsbygoogle = window.adsbygoogle || []).push({});\r\n<\/script><!--\/noptimize--><\/div>\n<p style=\"font-weight: 400;\">[infotext icon] Zur <a href=\"http:\/\/www.schaumaplast.com\" target=\"_blank\" rel=\"noopener noreferrer\" data-schema-attribute=\"\">Schaumaplast-Gruppe<\/a> mit Hauptsitz in Reilingen geh\u00f6ren weitere Werke in Deutschland sowie in Polen und den USA. Unter der Marke THERMOCON besch\u00e4ftigt sich ein eigener Gesch\u00e4ftsbereich mit der Entwicklung, Produktion und Qualifizierung passiver, also stromlos arbeitender Thermoverpackungen. Die Komplettl\u00f6sungen, Thermoboxen und K\u00fchlelemente werden f\u00fcr den Versand temperaturempfindlicher Pharma- und Biotech-Produkte eingesetzt. Je nach Anwendungsfall k\u00f6nnen damit Produkte in einer Bandbreite von minus 70 Grad bis plus 50 Grad transportiert werden. Im Pharmabereich z\u00e4hlt die \u201eK\u00fchlschrank-Zone\u201c, also plus zwei bis plus acht Grad, zu den meistnachgefragten Temperaturbereichen.[\/infotext]\n<p>&nbsp;<\/p>\n","protected":false},"excerpt":{"rendered":"The first coronavirus vaccinations will begin in Germany on the Sunday after Christmas. Once the vaccines have been authorised, millions of doses of serum have to be delivered from the pharmaceutical companies to interim storage facilities at a constant minus 70 degrees Celsius and distributed from there. The right packaging solutions are needed to ensure that the vaccines remain fully effective.","protected":false},"author":7,"featured_media":40768,"comment_status":"closed","ping_status":"closed","sticky":false,"template":"","format":"standard","meta":{"_acf_changed":false,"__cvm_playback_settings":[],"__cvm_video_id":"","rank_math_description":"Am Sonntag kommt der Corona-Impfstoff zum Einsatz. Damit die Vakzine ihre Wirksamkeit behalten, braucht es die richtigen Verpackungsl\u00f6sungen.","rank_math_focus_keyword":"corona-impfstoff","rank_math_title":"","csco_display_header_overlay":false,"csco_singular_sidebar":"","csco_page_header_type":"","csco_page_load_nextpost":"","csco_post_video_location":[],"csco_post_video_location_hash":"","csco_post_video_url":"","csco_post_video_bg_start_time":0,"csco_post_video_bg_end_time":0,"footnotes":"","_links_to":"","_links_to_target":""},"categories":[22],"tags":[52,32,40,58907],"class_list":{"0":"post-40770","1":"post","2":"type-post","3":"status-publish","4":"format-standard","5":"has-post-thumbnail","7":"category-packmittel-und-packstoffe","8":"tag-logistik","9":"tag-packmittel-und-packstoffe","10":"tag-pharma-kosmetik-chemie","11":"tag-versandverpackung","12":"cs-entry","13":"cs-video-wrap"},"acf":[],"vimeo_video":null,"_links":{"self":[{"href":"https:\/\/packaging-journal.de\/en\/wp-json\/wp\/v2\/posts\/40770","targetHints":{"allow":["GET"]}}],"collection":[{"href":"https:\/\/packaging-journal.de\/en\/wp-json\/wp\/v2\/posts"}],"about":[{"href":"https:\/\/packaging-journal.de\/en\/wp-json\/wp\/v2\/types\/post"}],"author":[{"embeddable":true,"href":"https:\/\/packaging-journal.de\/en\/wp-json\/wp\/v2\/users\/7"}],"replies":[{"embeddable":true,"href":"https:\/\/packaging-journal.de\/en\/wp-json\/wp\/v2\/comments?post=40770"}],"version-history":[{"count":0,"href":"https:\/\/packaging-journal.de\/en\/wp-json\/wp\/v2\/posts\/40770\/revisions"}],"wp:featuredmedia":[{"embeddable":true,"href":"https:\/\/packaging-journal.de\/en\/wp-json\/wp\/v2\/media\/40768"}],"wp:attachment":[{"href":"https:\/\/packaging-journal.de\/en\/wp-json\/wp\/v2\/media?parent=40770"}],"wp:term":[{"taxonomy":"category","embeddable":true,"href":"https:\/\/packaging-journal.de\/en\/wp-json\/wp\/v2\/categories?post=40770"},{"taxonomy":"post_tag","embeddable":true,"href":"https:\/\/packaging-journal.de\/en\/wp-json\/wp\/v2\/tags?post=40770"}],"curies":[{"name":"wp","href":"https:\/\/api.w.org\/{rel}","templated":true}]}}