{"id":41079,"date":"2021-01-14T08:36:23","date_gmt":"2021-01-14T07:36:23","guid":{"rendered":"https:\/\/packaging-journal.de\/?p=41079"},"modified":"2021-01-14T07:31:26","modified_gmt":"2021-01-14T06:31:26","slug":"application-for-product-innovation-in-glass-2021","status":"publish","type":"post","link":"https:\/\/packaging-journal.de\/en\/bewerbung-fuer-produktinnovation-in-glas-2021\/","title":{"rendered":"Apply now for the \u201eProduct Innovation in Glass\u201c 2021"},"content":{"rendered":"<p>Das Aktionsforum Glasverpackung k\u00fcrt in diesem Jahr bereits zum achten Mal innovative und in Glas verpackte Produkte aus der Getr\u00e4nke- und Lebensmittelbranche mit der \u201eProduktinnovation in Glas\u201c.<\/p>\n<p>Die Bewerbungsphase startete am 1. Januar 2021 und endet am 31. Mai 2021. Die Nominierten und Gewinner werden am 16. September 2021 im Rahmen des Branchenkongresses Trendtag Glas in M\u00fcnchen bekanntgegeben.<\/p>\n<h2>So bewirbt man sich f\u00fcr die \u201eProduktinnovation in Glas\u201c<\/h2>\n<p>Das Aktionsforum Glasverpackung l\u00e4dt alle Unternehmen aus der Lebensmittel und Getr\u00e4nke abf\u00fcllenden bzw. herstellenden Industrie dazu ein, sich f\u00fcr die \u201eProduktinnovation in Glas\u201c zu bewerben. Die Voraussetzungen: <strong>Das Produkt muss in Glas verpackt sein<\/strong> und sollte zwischen dem 1. Juni 2020 und dem 30. April 2021 erstmals auf dem deutschen Markt verkauft worden sein. Die <a href=\"https:\/\/www.glasaktuell.de\/aktionsforum-glasverpackung\/produktinnovation-in-glas\/\" target=\"_blank\" rel=\"noopener noreferrer\" data-schema-attribute=\"\">Teilnahme<\/a> \u2013 auch mit mehreren Einreichungen pro Unternehmen \u2013 ist kostenlos, ebenso wie die Kommunikation \u00fcber die Nominierung oder die Auszeichnung.<\/p><div class=\"packa-in-post-alle\" style=\"text-align: center;\" id=\"packa-2410486793\"><div id=\"packa-452064645\"><a data-no-instant=\"1\" href=\"https:\/\/packaging-journal.de\/en\/newsletter\/\" rel=\"noopener\" class=\"a2t-link\" target=\"_blank\" aria-label=\"PJ Eigenwerbung English 03\"><!--noptimize--><img src=\"https:\/\/packaging-journal.de\/wp-content\/uploads\/2026\/01\/PJ-Eigenwerbung-English-03.png\" alt=\"\"  srcset=\"https:\/\/packaging-journal.de\/wp-content\/uploads\/2026\/01\/PJ-Eigenwerbung-English-03.png 840w, https:\/\/packaging-journal.de\/wp-content\/uploads\/2026\/01\/PJ-Eigenwerbung-English-03-300x75.png 300w, https:\/\/packaging-journal.de\/wp-content\/uploads\/2026\/01\/PJ-Eigenwerbung-English-03-768x192.png 768w, https:\/\/packaging-journal.de\/wp-content\/uploads\/2026\/01\/PJ-Eigenwerbung-English-03-18x5.png 18w, https:\/\/packaging-journal.de\/wp-content\/uploads\/2026\/01\/PJ-Eigenwerbung-English-03-332x83.png 332w, https:\/\/packaging-journal.de\/wp-content\/uploads\/2026\/01\/PJ-Eigenwerbung-English-03-664x166.png 664w, https:\/\/packaging-journal.de\/wp-content\/uploads\/2026\/01\/PJ-Eigenwerbung-English-03-688x172.png 688w\" sizes=\"(max-width: 840px) 100vw, 840px\" width=\"840\" height=\"210\"  style=\" max-width: 100%; height: auto;\" \/><!--\/noptimize--><\/a><\/div><\/div>\n<figure id=\"attachment_37754\" aria-describedby=\"caption-attachment-37754\" style=\"width: 1024px\" class=\"wp-caption aligncenter\"><img fetchpriority=\"high\" decoding=\"async\" class=\"wp-image-37754 size-large\" src=\"https:\/\/packaging-journal.de\/wp-content\/uploads\/2020\/09\/Aktionsforum-Glas-Award-2020-1024x555.jpg\" alt=\"Sch\u00fcttellimo, KollektivTee und Friedrichs Gin Liqueure mit der Auszeichnung &quot;Produktinnovation in Glas&quot; 2020\" width=\"1024\" height=\"555\" srcset=\"https:\/\/packaging-journal.de\/wp-content\/uploads\/2020\/09\/Aktionsforum-Glas-Award-2020-1024x555.jpg 1024w, https:\/\/packaging-journal.de\/wp-content\/uploads\/2020\/09\/Aktionsforum-Glas-Award-2020-600x325.jpg 600w, https:\/\/packaging-journal.de\/wp-content\/uploads\/2020\/09\/Aktionsforum-Glas-Award-2020-300x163.jpg 300w, https:\/\/packaging-journal.de\/wp-content\/uploads\/2020\/09\/Aktionsforum-Glas-Award-2020-768x416.jpg 768w, https:\/\/packaging-journal.de\/wp-content\/uploads\/2020\/09\/Aktionsforum-Glas-Award-2020.jpg 1200w\" sizes=\"(max-width: 1024px) 100vw, 1024px\" \/><figcaption id=\"caption-attachment-37754\" class=\"wp-caption-text\">Das waren die Gewinner des Wettbewerbs &#8222;Produktinnovation in Glas&#8220; 2020. (Bild: Aktionsforum Glas)<\/figcaption><\/figure>\n<h2><strong>Wahl der Nominierten und Gewinner<\/strong><\/h2>\n<p>Die \u201eProduktinnovation in Glas\u201c gliedert sich in die <strong>Kategorien \u201eKleine Unternehmen\u201c, \u201eMittlere und gro\u00dfe Unternehmen\u201c und \u201ePublikumsliebling\u201c.<\/strong> Als \u201eKleine Unternehmen\u201c gelten Unternehmen mit bis zu 50 Mitarbeitern, als \u201eMittlere und gro\u00dfe Unternehmen\u201c gelten Unternehmen ab 51 Mitarbeitern. Eine unabh\u00e4ngige Expertenjury bewertet nach Ablauf der Bewerbungsphase die Einreichungen anhand verschiedener Kriterien, nominiert f\u00fcr die Kategorien \u201eKleine Unternehmen\u201c und \u201eMittlere und gro\u00dfe Unternehmen\u201c jeweils die drei besten Produkte und k\u00fcrt schlie\u00dflich die Gewinner.<\/p>\n<p>Den Gewinner der Kategorie \u201ePublikumsliebling\u201c w\u00e4hlen die Besucher des Trendtags Glas \u2013 dem Branchenevent f\u00fcr Entscheider aus Marketing, Handel und Einkauf.<\/p><div id=\"packa-3724369267\" class=\"packa-inhalt\"><!--noptimize--><script async src=\"https:\/\/pagead2.googlesyndication.com\/pagead\/js\/adsbygoogle.js?client=ca-pub-2686439340972671\" crossorigin=\"anonymous\"><\/script>\r\n<ins class=\"adsbygoogle\" style=\"display:block;text-align:center\" data-ad-layout=\"in-article\" data-ad-format=\"fluid\" data-ad-client=\"ca-pub-2686439340972671\" data-ad-slot=\"6171251825\"><\/ins>\r\n<script>\r\n     (adsbygoogle = window.adsbygoogle || []).push({});\r\n<\/script><!--\/noptimize--><\/div>\n<blockquote><p>\u201eWir freuen uns, dass wir die \u201aProduktinnovation in Glas\u2019 in diesem Jahr zum achten Mal ausrufen k\u00f6nnen und sie sich als Auszeichnung in der Branche etabliert hat. Jedes Jahr sehen wir auf ein Neues den Innovationsgeist der Unternehmen, die ihre Produkte in Glas verpacken. Wir freuen uns auch 2021 wieder auf neue und spannende Einreichungen aus der Lebensmittel- und Getr\u00e4nkeindustrie.\u201c Dr. Johann Overath, Hauptgesch\u00e4ftsf\u00fchrer des Bundesverbands Glasindustrie e. V. und Sprecher des <a href=\"http:\/\/www.glasaktuell.de\" target=\"_blank\" rel=\"noopener noreferrer\" data-schema-attribute=\"\">Aktionsforums Glasverpackung<\/a><\/p><\/blockquote>\n<p>Mehr Informationen zu den <a href=\"https:\/\/packaging-journal.de\/gewinner-der-produktinnovation-in-glas-stehen-fest\/\" target=\"_blank\" rel=\"noopener noreferrer\" data-schema-attribute=\"\">Gewinnern 2020<\/a>, <a href=\"https:\/\/packaging-journal.de\/die-gewinner-der-produktinnovation-in-glas-2019\/\" target=\"_blank\" rel=\"noopener noreferrer\">Gewinnern 2019<\/a>, <a href=\"https:\/\/packaging-journal.de\/trendtag-glas-2018-produktinnovation-glas\/\" target=\"_blank\" rel=\"noopener noreferrer\">Gewinnern 2018<\/a>, <a href=\"https:\/\/packaging-journal.de\/produktinnovationen-in-glas-2017-koennen-sich-sehen-lassen\/\" target=\"_blank\" rel=\"noopener noreferrer\">Gewinner 2017<\/a>.<\/p>\n[infotext icon]Das Aktionsforum Glasverpackung ist eine Initiative der Beh\u00e4lterglasindustrie in Deutschland und Teil des Spitzenverbandes der deutschen Glasindustrie, dem Bundesverband Glasindustrie e. V. Das Anliegen der Initiative es ist, die vielen Besonderheiten und Pluspunkte der Glasverpackung gegen\u00fcber Verpackungsentscheidern und der \u00d6ffentlichkeit zu kommunizieren. Das Aktionsforum Glasverpackung ist dar\u00fcber hinaus erster Ansprechpartner in Deutschland f\u00fcr alle Fragen rund um den Verpackungswerkstoff Glas.[\/infotext]\n","protected":false},"excerpt":{"rendered":"The application phase for the \u201eProduct Innovation in Glass\u201c will run until 31 May 2021, marking the eighth time that the Glass Packaging Action Forum has chosen products packaged in glass from the food and beverage industry.","protected":false},"author":20,"featured_media":41095,"comment_status":"closed","ping_status":"closed","sticky":false,"template":"","format":"standard","meta":{"_acf_changed":false,"__cvm_playback_settings":[],"__cvm_video_id":"","rank_math_description":"Zum achten Mal vergibt das Aktionsforum Glasverpackung in diesem Jahr die \"Produktinnovation in Glas\". Unternehmen k\u00f6nnen sich noch bis zum 31. M\u00e4rz bewerben.","rank_math_focus_keyword":"Produktinnovation in Glas","rank_math_title":"","csco_display_header_overlay":false,"csco_singular_sidebar":"","csco_page_header_type":"","csco_page_load_nextpost":"","csco_post_video_location":[],"csco_post_video_location_hash":"","csco_post_video_url":"","csco_post_video_bg_start_time":0,"csco_post_video_bg_end_time":0,"footnotes":"","_links_to":"","_links_to_target":""},"categories":[22],"tags":[58698,62,46,35],"class_list":{"0":"post-41079","1":"post","2":"type-post","3":"status-publish","4":"format-standard","5":"has-post-thumbnail","7":"category-packmittel-und-packstoffe","8":"tag-aktionsforum-glasverpackung","9":"tag-glas","10":"tag-marketing-und-design","11":"tag-praemiert","12":"cs-entry","13":"cs-video-wrap"},"acf":[],"vimeo_video":null,"_links":{"self":[{"href":"https:\/\/packaging-journal.de\/en\/wp-json\/wp\/v2\/posts\/41079","targetHints":{"allow":["GET"]}}],"collection":[{"href":"https:\/\/packaging-journal.de\/en\/wp-json\/wp\/v2\/posts"}],"about":[{"href":"https:\/\/packaging-journal.de\/en\/wp-json\/wp\/v2\/types\/post"}],"author":[{"embeddable":true,"href":"https:\/\/packaging-journal.de\/en\/wp-json\/wp\/v2\/users\/20"}],"replies":[{"embeddable":true,"href":"https:\/\/packaging-journal.de\/en\/wp-json\/wp\/v2\/comments?post=41079"}],"version-history":[{"count":0,"href":"https:\/\/packaging-journal.de\/en\/wp-json\/wp\/v2\/posts\/41079\/revisions"}],"wp:featuredmedia":[{"embeddable":true,"href":"https:\/\/packaging-journal.de\/en\/wp-json\/wp\/v2\/media\/41095"}],"wp:attachment":[{"href":"https:\/\/packaging-journal.de\/en\/wp-json\/wp\/v2\/media?parent=41079"}],"wp:term":[{"taxonomy":"category","embeddable":true,"href":"https:\/\/packaging-journal.de\/en\/wp-json\/wp\/v2\/categories?post=41079"},{"taxonomy":"post_tag","embeddable":true,"href":"https:\/\/packaging-journal.de\/en\/wp-json\/wp\/v2\/tags?post=41079"}],"curies":[{"name":"wp","href":"https:\/\/api.w.org\/{rel}","templated":true}]}}