{"id":41402,"date":"2021-01-26T13:44:12","date_gmt":"2021-01-26T12:44:12","guid":{"rendered":"https:\/\/packaging-journal.de\/?p=41402"},"modified":"2021-01-26T13:44:12","modified_gmt":"2021-01-26T12:44:12","slug":"alpla-builds-extrusion-line-for-rpet","status":"publish","type":"post","link":"https:\/\/packaging-journal.de\/en\/alpla-baut-extrusionsanlage-fuer-rpet\/","title":{"rendered":"ALPLA builds extrusion line for rPET"},"content":{"rendered":"<p>Die ALPLA Group investiert am italienischen Standort Anagni gut f\u00fcnf Millionen Euro in eine Extrusionsanlage f\u00fcr lebensmitteltaugliches recyceltes PET (rPET) aus gebrauchten PET-Flaschen.<\/p>\n<p>Anagni in Mittelitalien ist f\u00fcr den international t\u00e4tigen Hersteller von Kunststoffverpackungen und Recyclingspezialist einer der bedeutendsten Standorte <strong>f\u00fcr die Produktion von Vorformlingen<\/strong> (Preforms). Der Betrieb mit derzeit 91 Mitarbeitern verarbeitet j\u00e4hrlich rund 50.000 Tonnen PET, wovon aktuell nur ein sehr geringer Anteil Recyclingmaterial ist.<\/p>\n<h2>Preforms aus rPET<\/h2>\n<p>In Zukunft soll ein nennenswerter Teil der ben\u00f6tigten Menge mit Recyclingmaterial abgedeckt werden. Kunden erhalten so die M\u00f6glichkeit, <strong>Preforms aus bis zu 100 Prozent rPET<\/strong> zu beziehen. Dazu installiert <a href=\"https:\/\/packaging-journal.de\/?s=alpla\" target=\"_blank\" rel=\"noopener noreferrer\" data-schema-attribute=\"\">ALPLA<\/a> auf dem bestehenden Betriebsgel\u00e4nde eine Extrusionsanlage f\u00fcr j\u00e4hrlich 15.000 Tonnen rPET. Die Investitionssumme f\u00fcr den Bau des erforderlichen Geb\u00e4udes und die Anlage bel\u00e4uft sich auf mehr als f\u00fcnf Millionen Euro. Der Betriebsstart ist f\u00fcr die zweite H\u00e4lfte 2021 geplant.<\/p><div class=\"packa-in-post-alle\" style=\"text-align: center;\" id=\"packa-1384258065\"><div id=\"packa-1750393467\"><a data-no-instant=\"1\" href=\"https:\/\/packaging-journal.de\/en\/newsletter\/\" rel=\"noopener\" class=\"a2t-link\" target=\"_blank\" aria-label=\"PJ Eigenwerbung English 03\"><!--noptimize--><img src=\"https:\/\/packaging-journal.de\/wp-content\/uploads\/2026\/01\/PJ-Eigenwerbung-English-03.png\" alt=\"\"  srcset=\"https:\/\/packaging-journal.de\/wp-content\/uploads\/2026\/01\/PJ-Eigenwerbung-English-03.png 840w, https:\/\/packaging-journal.de\/wp-content\/uploads\/2026\/01\/PJ-Eigenwerbung-English-03-300x75.png 300w, https:\/\/packaging-journal.de\/wp-content\/uploads\/2026\/01\/PJ-Eigenwerbung-English-03-768x192.png 768w, https:\/\/packaging-journal.de\/wp-content\/uploads\/2026\/01\/PJ-Eigenwerbung-English-03-18x5.png 18w, https:\/\/packaging-journal.de\/wp-content\/uploads\/2026\/01\/PJ-Eigenwerbung-English-03-332x83.png 332w, https:\/\/packaging-journal.de\/wp-content\/uploads\/2026\/01\/PJ-Eigenwerbung-English-03-664x166.png 664w, https:\/\/packaging-journal.de\/wp-content\/uploads\/2026\/01\/PJ-Eigenwerbung-English-03-688x172.png 688w\" sizes=\"(max-width: 840px) 100vw, 840px\" width=\"840\" height=\"210\"  style=\" max-width: 100%; height: auto;\" \/><!--\/noptimize--><\/a><\/div><\/div>\n<h2><strong>Kreislaufwirtschaft ankurbeln<\/strong><\/h2>\n<p>\u201eWir werden PET-Flakes aus gebrauchten Haushaltsverpackungen von lokalen Recyclern zukaufen, diese zu lebensmitteltauglichem Regranulat aufbereiten und am Standort f\u00fcr Preforms einsetzen\u201c, informiert <strong>Fabio Mazzarella<\/strong>, Plant Manager in Anagni. Durch die <strong>Produktion des Recyclingmaterials direkt im verarbeitenden Betrieb<\/strong> ergeben sich laut Mazzarella attraktive Synergien in der Logistik und Lagerhaltung und m\u00f6glicherweise beim Energieverbrauch.<strong>\u00a0<\/strong><\/p>\n<blockquote>\n<figure id=\"attachment_41404\" aria-describedby=\"caption-attachment-41404\" style=\"width: 300px\" class=\"wp-caption alignleft\"><img fetchpriority=\"high\" decoding=\"async\" class=\"size-medium wp-image-41404\" src=\"https:\/\/packaging-journal.de\/wp-content\/uploads\/2021\/01\/ALPLA-Georg-Laesser-Head-of-Recycling-300x200.jpg\" alt=\"Georg L\u00e4sser, Head of Corporate Recycling bei ALPLA\" width=\"300\" height=\"200\" srcset=\"https:\/\/packaging-journal.de\/wp-content\/uploads\/2021\/01\/ALPLA-Georg-Laesser-Head-of-Recycling-300x200.jpg 300w, https:\/\/packaging-journal.de\/wp-content\/uploads\/2021\/01\/ALPLA-Georg-Laesser-Head-of-Recycling-scaled-600x400.jpg 600w, https:\/\/packaging-journal.de\/wp-content\/uploads\/2021\/01\/ALPLA-Georg-Laesser-Head-of-Recycling-1024x683.jpg 1024w, https:\/\/packaging-journal.de\/wp-content\/uploads\/2021\/01\/ALPLA-Georg-Laesser-Head-of-Recycling-768x512.jpg 768w, https:\/\/packaging-journal.de\/wp-content\/uploads\/2021\/01\/ALPLA-Georg-Laesser-Head-of-Recycling-1536x1024.jpg 1536w, https:\/\/packaging-journal.de\/wp-content\/uploads\/2021\/01\/ALPLA-Georg-Laesser-Head-of-Recycling-2048x1365.jpg 2048w, https:\/\/packaging-journal.de\/wp-content\/uploads\/2021\/01\/ALPLA-Georg-Laesser-Head-of-Recycling-1320x880.jpg 1320w, https:\/\/packaging-journal.de\/wp-content\/uploads\/2021\/01\/ALPLA-Georg-Laesser-Head-of-Recycling-scaled.jpg 2250w\" sizes=\"(max-width: 300px) 100vw, 300px\" \/><figcaption id=\"caption-attachment-41404\" class=\"wp-caption-text\">(Bild: ALPLA)<\/figcaption><\/figure>\n<p>\u201eWir wollen den Kreislauf von Flasche zu Flasche ankurbeln und Downcycling vermeiden. Dar\u00fcber hinaus f\u00f6rdern wir damit lokale Recyclingl\u00f6sungen in einer Region, die derzeit nicht \u00fcber die n\u00f6tige Infrastruktur f\u00fcr den Flaschenkreislauf verf\u00fcgt.\u201c <strong>Georg L\u00e4sser,<\/strong> Head of Corporate Recycling bei ALPLA<\/p><\/blockquote>\n<p>Derzeit ist die <strong>Nachfrage nach Recyclingmaterial gut zu bew\u00e4ltigen<\/strong>. \u201eJedoch stellen wir mit dieser Ma\u00dfnahme langfristig sicher, dass wir unsere Kunden bei der Umsetzung neuer Vorgaben und Ziele optimal unterst\u00fctzen und Recyclingmaterial in h\u00f6chster Qualit\u00e4t anbieten k\u00f6nnen.\u201c<\/p><div id=\"packa-4034011707\" class=\"packa-inhalt\"><!--noptimize--><script async src=\"https:\/\/pagead2.googlesyndication.com\/pagead\/js\/adsbygoogle.js?client=ca-pub-2686439340972671\" crossorigin=\"anonymous\"><\/script>\r\n<ins class=\"adsbygoogle\" style=\"display:block;text-align:center\" data-ad-layout=\"in-article\" data-ad-format=\"fluid\" data-ad-client=\"ca-pub-2686439340972671\" data-ad-slot=\"6171251825\"><\/ins>\r\n<script>\r\n     (adsbygoogle = window.adsbygoogle || []).push({});\r\n<\/script><!--\/noptimize--><\/div>\n[infotext icon]<a href=\"http:\/\/www.alpla.com\" target=\"_blank\" rel=\"noopener noreferrer\" data-schema-attribute=\"\">ALPLA<\/a> geh\u00f6rt zu den f\u00fchrenden Unternehmen f\u00fcr Kunststoffverpackungen. Rund 21.600 Mitarbeiterinnen und Mitarbeiter produzieren weltweit an 178 Standorten in 45 L\u00e4ndern ma\u00dfgeschneiderte Verpackungssysteme, Flaschen, Verschl\u00fcsse und Spritzgussteile. Die Unternehmensgruppe betreibt eigene Recyclinganlagen f\u00fcr PET und HDPE in \u00d6sterreich, Polen und Spanien und in Form von Joint Ventures in Mexiko und Deutschland.[\/infotext]\n<p><em>Quelle: ALPLA Group<\/em><\/p>\n<p>&nbsp;<\/p>\n","protected":false},"excerpt":{"rendered":"The ALPLA Group is investing a good five million euros in an extrusion plant for food-grade recycled PET (rPET) from used PET bottles at its Italian site in Anagni.","protected":false},"author":20,"featured_media":36762,"comment_status":"closed","ping_status":"closed","sticky":false,"template":"","format":"standard","meta":{"_acf_changed":false,"__cvm_playback_settings":[],"__cvm_video_id":"","rank_math_description":"ALPLA investiert gut f\u00fcnf Millionen Euro in eine Extrusionsanlage f\u00fcr lebensmitteltaugliches recyceltes PET (rPET) aus gebrauchten PET-Flaschen.","rank_math_focus_keyword":"rPET","rank_math_title":"","csco_display_header_overlay":false,"csco_singular_sidebar":"","csco_page_header_type":"","csco_page_load_nextpost":"","csco_post_video_location":[],"csco_post_video_location_hash":"","csco_post_video_url":"","csco_post_video_bg_start_time":0,"csco_post_video_bg_end_time":0,"footnotes":"","_links_to":"","_links_to_target":""},"categories":[21],"tags":[65,58753,54,31,39],"class_list":{"0":"post-41402","1":"post","2":"type-post","3":"status-publish","4":"format-standard","5":"has-post-thumbnail","7":"category-verpackungstechnik","8":"tag-abfalltechnik-und-recycling","9":"tag-alpla","10":"tag-kunststoff-und-verbunde","11":"tag-nachhaltigkeit-und-green-packaging","12":"tag-verpackungstechnik","13":"cs-entry","14":"cs-video-wrap"},"acf":[],"vimeo_video":null,"_links":{"self":[{"href":"https:\/\/packaging-journal.de\/en\/wp-json\/wp\/v2\/posts\/41402","targetHints":{"allow":["GET"]}}],"collection":[{"href":"https:\/\/packaging-journal.de\/en\/wp-json\/wp\/v2\/posts"}],"about":[{"href":"https:\/\/packaging-journal.de\/en\/wp-json\/wp\/v2\/types\/post"}],"author":[{"embeddable":true,"href":"https:\/\/packaging-journal.de\/en\/wp-json\/wp\/v2\/users\/20"}],"replies":[{"embeddable":true,"href":"https:\/\/packaging-journal.de\/en\/wp-json\/wp\/v2\/comments?post=41402"}],"version-history":[{"count":0,"href":"https:\/\/packaging-journal.de\/en\/wp-json\/wp\/v2\/posts\/41402\/revisions"}],"wp:featuredmedia":[{"embeddable":true,"href":"https:\/\/packaging-journal.de\/en\/wp-json\/wp\/v2\/media\/36762"}],"wp:attachment":[{"href":"https:\/\/packaging-journal.de\/en\/wp-json\/wp\/v2\/media?parent=41402"}],"wp:term":[{"taxonomy":"category","embeddable":true,"href":"https:\/\/packaging-journal.de\/en\/wp-json\/wp\/v2\/categories?post=41402"},{"taxonomy":"post_tag","embeddable":true,"href":"https:\/\/packaging-journal.de\/en\/wp-json\/wp\/v2\/tags?post=41402"}],"curies":[{"name":"wp","href":"https:\/\/api.w.org\/{rel}","templated":true}]}}