{"id":42155,"date":"2021-02-17T11:30:17","date_gmt":"2021-02-17T10:30:17","guid":{"rendered":"https:\/\/packaging-journal.de\/?p=42155"},"modified":"2021-02-17T11:18:50","modified_gmt":"2021-02-17T10:18:50","slug":"avery-dennison-recycling-programme-ad-circular","status":"publish","type":"post","link":"https:\/\/packaging-journal.de\/en\/avery-dennison-recyclingprogramm-ad-circular\/","title":{"rendered":"AD Circular: Recycling programme for carrier materials"},"content":{"rendered":"<p>Avery Dennison startet mit AD Circular jetzt ein europ\u00e4isches Programm f\u00fcr das Recycling von benutzten Tr\u00e4gerpapieren und Tr\u00e4gerfolien von Etiketten.<\/p>\n<p>Die Nutzung von AD Circular ist einfach: Unternehmen f\u00fcllen einfach ein Online-Formular aus, mit dem sie die Abholung von alten Etikettentr\u00e4germaterialien anmelden. Diese werden dann von Avery Dennison zu einem der Recycling-Partner transportiert.<\/p>\n<p>Die Online-App bietet zudem regelm\u00e4\u00dfig <strong>aktualisierte Analysedaten und Zertifikate<\/strong> zum Volumen des recycelten Tr\u00e4germaterials und den dadurch eingesparten CO<sub>2<\/sub>-Emissionen.<\/p><div class=\"packa-in-post-alle\" style=\"text-align: center;\" id=\"packa-164436718\"><div id=\"packa-2158681419\"><a data-no-instant=\"1\" href=\"https:\/\/packaging-journal.de\/en\/newsletter\/\" rel=\"noopener\" class=\"a2t-link\" target=\"_blank\" aria-label=\"PJ Eigenwerbung English 03\"><!--noptimize--><img src=\"https:\/\/packaging-journal.de\/wp-content\/uploads\/2026\/01\/PJ-Eigenwerbung-English-03.png\" alt=\"\"  srcset=\"https:\/\/packaging-journal.de\/wp-content\/uploads\/2026\/01\/PJ-Eigenwerbung-English-03.png 840w, https:\/\/packaging-journal.de\/wp-content\/uploads\/2026\/01\/PJ-Eigenwerbung-English-03-300x75.png 300w, https:\/\/packaging-journal.de\/wp-content\/uploads\/2026\/01\/PJ-Eigenwerbung-English-03-768x192.png 768w, https:\/\/packaging-journal.de\/wp-content\/uploads\/2026\/01\/PJ-Eigenwerbung-English-03-18x5.png 18w, https:\/\/packaging-journal.de\/wp-content\/uploads\/2026\/01\/PJ-Eigenwerbung-English-03-332x83.png 332w, https:\/\/packaging-journal.de\/wp-content\/uploads\/2026\/01\/PJ-Eigenwerbung-English-03-664x166.png 664w, https:\/\/packaging-journal.de\/wp-content\/uploads\/2026\/01\/PJ-Eigenwerbung-English-03-688x172.png 688w\" sizes=\"(max-width: 840px) 100vw, 840px\" width=\"840\" height=\"210\"  style=\" max-width: 100%; height: auto;\" \/><!--\/noptimize--><\/a><\/div><\/div>\n<p>Die Abholung und der Transport des alten Tr\u00e4germaterials entspricht den EU-Normen und der Service kostet in etwa so viel wie eine normale Entsorgung.<\/p>\n<p>\u201eDie europ\u00e4ischen Unternehmen haben <strong>2019 etwa 470 Kilotonnen an Etikettentr\u00e4ger<\/strong> verbraucht, wovon nur etwas mehr als ein Drittel recycelt wurde\u201d, erkl\u00e4rt <strong>Burak Sahbaz<\/strong>, Senior Director Marketing &amp; Sustainability, die Statistik der AWA, eine Beraterfirma aus der Etikettenbranche.<\/p><div id=\"packa-332247291\" class=\"packa-inhalt\"><!--noptimize--><script async src=\"https:\/\/pagead2.googlesyndication.com\/pagead\/js\/adsbygoogle.js?client=ca-pub-2686439340972671\" crossorigin=\"anonymous\"><\/script>\r\n<ins class=\"adsbygoogle\" style=\"display:block;text-align:center\" data-ad-layout=\"in-article\" data-ad-format=\"fluid\" data-ad-client=\"ca-pub-2686439340972671\" data-ad-slot=\"6171251825\"><\/ins>\r\n<script>\r\n     (adsbygoogle = window.adsbygoogle || []).push({});\r\n<\/script><!--\/noptimize--><\/div>\n<p>\u201eDank der Zusammenarbeit mit Recyclingunternehmen, unseren Partnerunternehmen und den Marken, die unsere Materialien verwenden, wird AD Circular erfolgreich dazu beitragen k\u00f6nnen, Etikettenausschuss zu reduzieren oder sogar ganz zu vermeiden.\u201d<\/p>\n<figure id=\"attachment_42159\" aria-describedby=\"caption-attachment-42159\" style=\"width: 1024px\" class=\"wp-caption aligncenter\"><img fetchpriority=\"high\" decoding=\"async\" class=\"wp-image-42159 size-large\" src=\"https:\/\/packaging-journal.de\/wp-content\/uploads\/2021\/02\/avery-ADPR451b-1024x576.jpg\" alt=\"AD Circular von Avery Dennison\" width=\"1024\" height=\"576\" srcset=\"https:\/\/packaging-journal.de\/wp-content\/uploads\/2021\/02\/avery-ADPR451b-1024x576.jpg 1024w, https:\/\/packaging-journal.de\/wp-content\/uploads\/2021\/02\/avery-ADPR451b-300x169.jpg 300w, https:\/\/packaging-journal.de\/wp-content\/uploads\/2021\/02\/avery-ADPR451b-768x432.jpg 768w, https:\/\/packaging-journal.de\/wp-content\/uploads\/2021\/02\/avery-ADPR451b-1536x865.jpg 1536w, https:\/\/packaging-journal.de\/wp-content\/uploads\/2021\/02\/avery-ADPR451b-2048x1153.jpg 2048w, https:\/\/packaging-journal.de\/wp-content\/uploads\/2021\/02\/avery-ADPR451b-813x457.jpg 813w, https:\/\/packaging-journal.de\/wp-content\/uploads\/2021\/02\/avery-ADPR451b-180x101.jpg 180w, https:\/\/packaging-journal.de\/wp-content\/uploads\/2021\/02\/avery-ADPR451b-260x146.jpg 260w, https:\/\/packaging-journal.de\/wp-content\/uploads\/2021\/02\/avery-ADPR451b-373x210.jpg 373w, https:\/\/packaging-journal.de\/wp-content\/uploads\/2021\/02\/avery-ADPR451b-120x67.jpg 120w, https:\/\/packaging-journal.de\/wp-content\/uploads\/2021\/02\/avery-ADPR451b-1320x743.jpg 1320w, https:\/\/packaging-journal.de\/wp-content\/uploads\/2021\/02\/avery-ADPR451b-600x338.jpg 600w, https:\/\/packaging-journal.de\/wp-content\/uploads\/2021\/02\/avery-ADPR451b-scaled.jpg 2500w\" sizes=\"(max-width: 1024px) 100vw, 1024px\" \/><figcaption id=\"caption-attachment-42159\" class=\"wp-caption-text\">(Bild: Avery Dennison)<\/figcaption><\/figure>\n<p>AD Circular wird <strong>im ersten Halbjahr 2021 in acht L\u00e4nder<\/strong> eingef\u00fchrt, zum Beispiel in Frankreich, Spanien, Belgien, Polen, D\u00e4nemark, Schweden, Deutschland und Gro\u00dfbritannien. In der zweiten H\u00e4lfte des Jahres wird das Programm auch in anderen europ\u00e4ischen L\u00e4ndern etabliert.<\/p>\n<p>Bis 2025 soll im Rahmen des Programms<strong> 75 Prozent des europaweiten Gesamtvolumens<\/strong> an Etikettenausschuss von <a href=\"https:\/\/packaging-journal.de\/?s=Avery+Dennison\" target=\"_blank\" rel=\"noopener\" data-schema-attribute=\"\">Avery Dennison<\/a> recycelt werden.Das erkl\u00e4rte Ziel des Unternehmen ist es, aus Tr\u00e4germaterial dieselbe Menge Tr\u00e4germaterial wieder herzustellen.<\/p>\n<h2>AD Circular &#8211; eine neue Initiative von Avery Dennison<\/h2>\n<p><a href=\"http:\/\/label.averydennison.com\/adcircular\" target=\"_blank\" rel=\"noopener\" data-schema-attribute=\"\">AD Circular<\/a> profitiert von bestehenden Recyclingdiensten, die Tr\u00e4germaterialien unabh\u00e4ngig vom Ort ihrer Herstellung oder Beschaffung verarbeiten. \u201eWir wollen nicht nur unsere eigenen Materialien nutzen&#8220;, erkl\u00e4rt Burak Sahbaz. \u201eUnsere Vision ist es, dieses Problem f\u00fcr die gesamte Etikettenindustrie zu l\u00f6sen. Und so m\u00fcssen wir ein Recyclingsystem etablieren, das attraktiv ist und jeden erreicht, damit in Zukunft ein <strong>umfassender Recyclingkreislauf<\/strong> greift &#8211; vom Tr\u00e4germaterial zum Tr\u00e4germaterial.\u201d<\/p>\n[infotext icon]<a href=\"http:\/\/www.averydennison.com\/\" target=\"_blank\" rel=\"noopener\" data-schema-attribute=\"\">Avery Dennison<\/a> hat sich als global agierendes Unternehmen f\u00fcr Materialherstellung und -forschung auf die Entwicklung und Fertigung von unterschiedlichsten Etiketten- und Funktionsmaterialien spezialisiert. Die gefertigten Produkte werden in fast jeder gro\u00dfen Branche verwendet, das Angebot umfasst unter anderem selbstklebende Materialien f\u00fcr Etiketten und Grafikanwendungen, Klebeb\u00e4nder und andere Verbundl\u00f6sungen f\u00fcr industrielle, medizinische und Einzelhandelsanwendungen. Das Unternehmen mit Hauptsitz in Glendale (Kalifornien, USA) besch\u00e4ftigt ungef\u00e4hr 30.000 Mitarbeiter in \u00fcber 50 L\u00e4ndern. Die Verkaufszahlen lagen 2019 bei 7,1 Milliarden US-Dollar.[\/infotext]\n<p><em>Quelle:<\/em> Avery Dennison<\/p>\n","protected":false},"excerpt":{"rendered":"With AD Circular, Avery Dennison is now launching a European programme for the recycling of used backing papers and backing films for labels.","protected":false},"author":20,"featured_media":42156,"comment_status":"closed","ping_status":"closed","sticky":false,"template":"","format":"standard","meta":{"_acf_changed":false,"__cvm_playback_settings":[],"__cvm_video_id":"","rank_math_description":"Avery Dennison startet mit AD Circular jetzt ein europ\u00e4isches Programm f\u00fcr das Recycling von benutzten Tr\u00e4gerpapieren und Tr\u00e4gerfolien von Etiketten.","rank_math_focus_keyword":"AD Circular","rank_math_title":"","csco_display_header_overlay":false,"csco_singular_sidebar":"","csco_page_header_type":"","csco_page_load_nextpost":"","csco_post_video_location":[],"csco_post_video_location_hash":"","csco_post_video_url":"","csco_post_video_bg_start_time":0,"csco_post_video_bg_end_time":0,"footnotes":"","_links_to":"","_links_to_target":""},"categories":[22],"tags":[65,43,58939,31,32],"class_list":{"0":"post-42155","1":"post","2":"type-post","3":"status-publish","4":"format-standard","5":"has-post-thumbnail","7":"category-packmittel-und-packstoffe","8":"tag-abfalltechnik-und-recycling","9":"tag-aus-den-unternehmen","10":"tag-avery-dennison","11":"tag-nachhaltigkeit-und-green-packaging","12":"tag-packmittel-und-packstoffe","13":"cs-entry","14":"cs-video-wrap"},"acf":[],"vimeo_video":null,"_links":{"self":[{"href":"https:\/\/packaging-journal.de\/en\/wp-json\/wp\/v2\/posts\/42155","targetHints":{"allow":["GET"]}}],"collection":[{"href":"https:\/\/packaging-journal.de\/en\/wp-json\/wp\/v2\/posts"}],"about":[{"href":"https:\/\/packaging-journal.de\/en\/wp-json\/wp\/v2\/types\/post"}],"author":[{"embeddable":true,"href":"https:\/\/packaging-journal.de\/en\/wp-json\/wp\/v2\/users\/20"}],"replies":[{"embeddable":true,"href":"https:\/\/packaging-journal.de\/en\/wp-json\/wp\/v2\/comments?post=42155"}],"version-history":[{"count":0,"href":"https:\/\/packaging-journal.de\/en\/wp-json\/wp\/v2\/posts\/42155\/revisions"}],"wp:featuredmedia":[{"embeddable":true,"href":"https:\/\/packaging-journal.de\/en\/wp-json\/wp\/v2\/media\/42156"}],"wp:attachment":[{"href":"https:\/\/packaging-journal.de\/en\/wp-json\/wp\/v2\/media?parent=42155"}],"wp:term":[{"taxonomy":"category","embeddable":true,"href":"https:\/\/packaging-journal.de\/en\/wp-json\/wp\/v2\/categories?post=42155"},{"taxonomy":"post_tag","embeddable":true,"href":"https:\/\/packaging-journal.de\/en\/wp-json\/wp\/v2\/tags?post=42155"}],"curies":[{"name":"wp","href":"https:\/\/api.w.org\/{rel}","templated":true}]}}