{"id":42224,"date":"2021-02-18T13:17:32","date_gmt":"2021-02-18T12:17:32","guid":{"rendered":"https:\/\/packaging-journal.de\/?p=42224"},"modified":"2021-02-18T12:38:03","modified_gmt":"2021-02-18T11:38:03","slug":"plastics-processors-take-stock-of-2020","status":"publish","type":"post","link":"https:\/\/packaging-journal.de\/en\/kunststoffverarbeiter-ziehen-bilanz-2020\/","title":{"rendered":"Plastics processors draw mixed conclusions"},"content":{"rendered":"<p>Der Gesamtverband Kunststoffverarbeitende Industrie e. V. (GKV) zieht eine Bilanz der Kunststoff\u00adverarbeitung in Deutschland f\u00fcr das Jahr 2020: weniger Umsatz, mehr Wertsch\u00e4tzung und Kreislaufwirtschaft als Chance.<\/p>\n<p>Der Branchenumsatz ist im vergangenen Jahr um 5,6 Prozent auf 61,5 Mrd. Euro zur\u00fcckgegangen. Insgesamt wurden im vergangenen Jahr in Deutschland 14,2 (- 2,8 Prozent) Millionen Tonnen Kunststoffe verarbeitet. Die Anzahl der Besch\u00e4ftigten ist um 4,1 Prozent auf 322.000 abgesunken.<\/p>\n<p>Die bereits f\u00fcr 2019 festgestellte Ambivalenz zwischen Zuversicht und Unsicherheit bei den Unternehmen hat sich unter dem Eindruck der Corona-Pandemie noch verst\u00e4rkt. So rechnet trotz stark gesunkener Ums\u00e4tze im Jahr 2020 ca. die H\u00e4lfte der im Rahmen der GKV-Umfrage befragten Unternehmer <strong>im Jahr 2021 wieder mit steigenden Ums\u00e4tzen, jedoch mit sinkenden Gewinnen<\/strong>.<\/p><div class=\"packa-in-post-alle\" style=\"text-align: center;\" id=\"packa-2116565855\"><div id=\"packa-1791075466\"><a data-no-instant=\"1\" href=\"https:\/\/packaging-journal.de\/en\/newsletter\/\" rel=\"noopener\" class=\"a2t-link\" target=\"_blank\" aria-label=\"PJ Eigenwerbung English 03\"><!--noptimize--><img src=\"https:\/\/packaging-journal.de\/wp-content\/uploads\/2026\/01\/PJ-Eigenwerbung-English-03.png\" alt=\"\"  srcset=\"https:\/\/packaging-journal.de\/wp-content\/uploads\/2026\/01\/PJ-Eigenwerbung-English-03.png 840w, https:\/\/packaging-journal.de\/wp-content\/uploads\/2026\/01\/PJ-Eigenwerbung-English-03-300x75.png 300w, https:\/\/packaging-journal.de\/wp-content\/uploads\/2026\/01\/PJ-Eigenwerbung-English-03-768x192.png 768w, https:\/\/packaging-journal.de\/wp-content\/uploads\/2026\/01\/PJ-Eigenwerbung-English-03-18x5.png 18w, https:\/\/packaging-journal.de\/wp-content\/uploads\/2026\/01\/PJ-Eigenwerbung-English-03-332x83.png 332w, https:\/\/packaging-journal.de\/wp-content\/uploads\/2026\/01\/PJ-Eigenwerbung-English-03-664x166.png 664w, https:\/\/packaging-journal.de\/wp-content\/uploads\/2026\/01\/PJ-Eigenwerbung-English-03-688x172.png 688w\" sizes=\"(max-width: 840px) 100vw, 840px\" width=\"840\" height=\"210\"  style=\" max-width: 100%; height: auto;\" \/><!--\/noptimize--><\/a><\/div><\/div>\n<p>W\u00e4hrend f\u00fcr die Verpackungsindustrie und im Fahrzeug- und Transportsektor die Nachfrage im letzten Quartal 2020 wieder anzog, sorgen in diesen Bereichen aber<strong> mangelnde Rohstoffverf\u00fcgbarkeit und gestiegene Rohstoffpreise<\/strong> daf\u00fcr, dass die Entwicklung in den n\u00e4chsten Monaten fragil bleibt.<\/p>\n<h2>Bilanz 2020: zunehmende Wertsch\u00e4tzung f\u00fcr Kunststoff<\/h2>\n<p>Da sich Kunststoff gerade in der Coronakrise als wichtige<strong> St\u00fctze der Versorgung<\/strong> erweist, erf\u00e4hrt der Wertstoff Kunststoff eine zunehmende, verdiente Wertsch\u00e4tzung seiner Leistungsf\u00e4higkeit. Es werde nun darauf ankommen, dass die Anerkennung von Wissenschaft und Fakten nachhaltig Bestand in der \u00f6ffentlichen und politischen Meinungsbildung haben wird.<\/p><div id=\"packa-2001115411\" class=\"packa-inhalt\"><!--noptimize--><script async src=\"https:\/\/pagead2.googlesyndication.com\/pagead\/js\/adsbygoogle.js?client=ca-pub-2686439340972671\" crossorigin=\"anonymous\"><\/script>\r\n<ins class=\"adsbygoogle\" style=\"display:block;text-align:center\" data-ad-layout=\"in-article\" data-ad-format=\"fluid\" data-ad-client=\"ca-pub-2686439340972671\" data-ad-slot=\"6171251825\"><\/ins>\r\n<script>\r\n     (adsbygoogle = window.adsbygoogle || []).push({});\r\n<\/script><!--\/noptimize--><\/div>\n<blockquote><p>\u201eDer <a href=\"https:\/\/packaging-journal.de\/?s=gesamtverband+kunststoffverarbeitende+industrie\" target=\"_blank\" rel=\"noopener\" data-schema-attribute=\"\">GKV<\/a> und damit die Kunststoffverarbeitende Industrie geht die Herausforderung mit der Kreislaufwirtschaft nicht nur als Notwendigkeit, sondern auch als Chance f\u00fcr Innovation an. Zus\u00e4tzlich b\u00fcndeln wir die Kr\u00e4fte in der \u00d6ffentlichkeitsarbeit auch, um den Beitrag der Branche zu einer ressourcenschonenden Kreislaufwirtschaft und zum Klimaschutz aufzuzeigen.\u201c <strong>Roland Roth<\/strong>, GKV-Pr\u00e4sident<\/p><\/blockquote>\n[infotext icon]Der <a href=\"https:\/\/www.gkv.de\/de\/\" target=\"_blank\" rel=\"noopener\" data-schema-attribute=\"\">GKV<\/a> ist die Spitzenorganisation der deutschen Kunststoff verarbeitenden Industrie. Als Dachverband b\u00fcndelt und vertritt er die gemeinsamen Interessen seiner Tr\u00e4gerverb\u00e4nde und agiert dabei als Sprachrohr gegen\u00fcber Politik und \u00d6ffentlichkeit.[\/infotext]\n<p>Quelle: GKV<\/p>\n<p>&nbsp;<\/p>\n","protected":false},"excerpt":{"rendered":"The Gesamtverband Kunststoffverarbeitende Industrie e. V. (GKV) takes stock of plastics processing in Germany for 2020: less turnover, more appreciation and the circular economy as an opportunity","protected":false},"author":20,"featured_media":36762,"comment_status":"closed","ping_status":"closed","sticky":false,"template":"","format":"standard","meta":{"_acf_changed":false,"__cvm_playback_settings":[],"__cvm_video_id":"","rank_math_description":"Der GKV zieht eine Bilanz der Kunststoff\u00adverarbeitung in Deutschland f\u00fcr das Jahr 2020: weniger Umsatz, mehr Wertsch\u00e4tzung und Kreislaufwirtschaft als Chance.","rank_math_focus_keyword":"Bilanz","rank_math_title":"","csco_display_header_overlay":false,"csco_singular_sidebar":"","csco_page_header_type":"","csco_page_load_nextpost":"","csco_post_video_location":[],"csco_post_video_location_hash":"","csco_post_video_url":"","csco_post_video_bg_start_time":0,"csco_post_video_bg_end_time":0,"footnotes":"","_links_to":"","_links_to_target":""},"categories":[111],"tags":[43,54,32],"class_list":{"0":"post-42224","1":"post","2":"type-post","3":"status-publish","4":"format-standard","5":"has-post-thumbnail","7":"category-maerkte","8":"tag-aus-den-unternehmen","9":"tag-kunststoff-und-verbunde","10":"tag-packmittel-und-packstoffe","11":"cs-entry","12":"cs-video-wrap"},"acf":[],"vimeo_video":null,"_links":{"self":[{"href":"https:\/\/packaging-journal.de\/en\/wp-json\/wp\/v2\/posts\/42224","targetHints":{"allow":["GET"]}}],"collection":[{"href":"https:\/\/packaging-journal.de\/en\/wp-json\/wp\/v2\/posts"}],"about":[{"href":"https:\/\/packaging-journal.de\/en\/wp-json\/wp\/v2\/types\/post"}],"author":[{"embeddable":true,"href":"https:\/\/packaging-journal.de\/en\/wp-json\/wp\/v2\/users\/20"}],"replies":[{"embeddable":true,"href":"https:\/\/packaging-journal.de\/en\/wp-json\/wp\/v2\/comments?post=42224"}],"version-history":[{"count":0,"href":"https:\/\/packaging-journal.de\/en\/wp-json\/wp\/v2\/posts\/42224\/revisions"}],"wp:featuredmedia":[{"embeddable":true,"href":"https:\/\/packaging-journal.de\/en\/wp-json\/wp\/v2\/media\/36762"}],"wp:attachment":[{"href":"https:\/\/packaging-journal.de\/en\/wp-json\/wp\/v2\/media?parent=42224"}],"wp:term":[{"taxonomy":"category","embeddable":true,"href":"https:\/\/packaging-journal.de\/en\/wp-json\/wp\/v2\/categories?post=42224"},{"taxonomy":"post_tag","embeddable":true,"href":"https:\/\/packaging-journal.de\/en\/wp-json\/wp\/v2\/tags?post=42224"}],"curies":[{"name":"wp","href":"https:\/\/api.w.org\/{rel}","templated":true}]}}