{"id":43150,"date":"2021-03-16T13:57:17","date_gmt":"2021-03-16T12:57:17","guid":{"rendered":"https:\/\/packaging-journal.de\/?p=43150"},"modified":"2024-05-12T15:53:47","modified_gmt":"2024-05-12T13:53:47","slug":"mondi-masks","status":"publish","type":"post","link":"https:\/\/packaging-journal.de\/en\/mondi-masken\/","title":{"rendered":"Mondi starts production of masks in Germany"},"content":{"rendered":"<div data-elementor-type=\"wp-post\" data-elementor-id=\"43150\" class=\"elementor elementor-43150\" data-elementor-post-type=\"post\">\n\t\t\t\t\t\t<section data-exad-particle-enable=\"false\" class=\"elementor-section elementor-top-section elementor-element elementor-element-d68a42a elementor-section-boxed elementor-section-height-default elementor-section-height-default exad-parallax-effect-no exad-background-color-change-no exad-glass-effect-no exad-sticky-section-no\" data-id=\"d68a42a\" data-element_type=\"section\" data-e-type=\"section\">\n\t\t\t\t\t\t<div class=\"elementor-container elementor-column-gap-default\">\n\t\t\t\t\t<div class=\"elementor-column elementor-col-100 elementor-top-column elementor-element elementor-element-9637368 exad-glass-effect-no exad-sticky-section-no\" data-id=\"9637368\" data-element_type=\"column\" data-e-type=\"column\">\n\t\t\t<div class=\"elementor-widget-wrap elementor-element-populated\">\n\t\t\t\t\t\t<div class=\"elementor-element elementor-element-3c43cac exad-sticky-section-no exad-glass-effect-no elementor-widget elementor-widget-text-editor\" data-id=\"3c43cac\" data-element_type=\"widget\" data-e-type=\"widget\" data-widget_type=\"text-editor.default\">\n\t\t\t\t<div class=\"elementor-widget-container\">\n\t\t\t\t\t\t\t\t\t<p><strong>An international packaging and paper company becomes a large-scale producer of medical face masks. Mondi can now produce up to one million masks per day at its Gronau site.\u00a0<\/strong><\/p>\t\t\t\t\t\t\t\t<\/div>\n\t\t\t\t<\/div>\n\t\t\t\t<div class=\"elementor-element elementor-element-23e12fd exad-sticky-section-no exad-glass-effect-no elementor-widget elementor-widget-text-editor\" data-id=\"23e12fd\" data-element_type=\"widget\" data-e-type=\"widget\" data-widget_type=\"text-editor.default\">\n\t\t\t\t<div class=\"elementor-widget-container\">\n\t\t\t\t\t\t\t\t\t<p>The expertise is there and the demand is great. In this respect, it is a logical step that the international packaging and paper company Mondi has now taken. The company, which is one of the largest employers in the region with around 800 employees, is characterised by its many years of experience in the production and processing of films, nonwovens and elastic components for hygiene products.\u00a0<\/p>\t\t\t\t\t\t\t\t<\/div>\n\t\t\t\t<\/div>\n\t\t\t\t<div class=\"elementor-element elementor-element-26b2d90 exad-sticky-section-no exad-glass-effect-no elementor-widget elementor-widget-image\" data-id=\"26b2d90\" data-element_type=\"widget\" data-e-type=\"widget\" data-widget_type=\"image.default\">\n\t\t\t\t<div class=\"elementor-widget-container\">\n\t\t\t\t\t\t\t\t\t\t\t\t<figure class=\"wp-caption\">\n\t\t\t\t\t\t\t\t\t\t<img fetchpriority=\"high\" decoding=\"async\" width=\"1024\" height=\"628\" src=\"https:\/\/packaging-journal.de\/wp-content\/uploads\/2021\/03\/Mondi-Gesichtsmasken3-1024x628.jpg\" class=\"attachment-large size-large wp-image-43152\" alt=\"\" srcset=\"https:\/\/packaging-journal.de\/wp-content\/uploads\/2021\/03\/Mondi-Gesichtsmasken3-1024x628.jpg 1024w, https:\/\/packaging-journal.de\/wp-content\/uploads\/2021\/03\/Mondi-Gesichtsmasken3-300x184.jpg 300w, https:\/\/packaging-journal.de\/wp-content\/uploads\/2021\/03\/Mondi-Gesichtsmasken3-768x471.jpg 768w, https:\/\/packaging-journal.de\/wp-content\/uploads\/2021\/03\/Mondi-Gesichtsmasken3-600x368.jpg 600w, https:\/\/packaging-journal.de\/wp-content\/uploads\/2021\/03\/Mondi-Gesichtsmasken3.jpg 1200w\" sizes=\"(max-width: 1024px) 100vw, 1024px\" \/>\t\t\t\t\t\t\t\t\t\t\t<figcaption class=\"widget-image-caption wp-caption-text\">(Image: Zsolt Marton \/ Mondi)<\/figcaption>\n\t\t\t\t\t\t\t\t\t\t<\/figure>\n\t\t\t\t\t\t\t\t\t<\/div>\n\t\t\t\t<\/div>\n\t\t\t\t<div class=\"elementor-element elementor-element-9e2b2ee exad-sticky-section-no exad-glass-effect-no elementor-widget elementor-widget-heading\" data-id=\"9e2b2ee\" data-element_type=\"widget\" data-e-type=\"widget\" data-widget_type=\"heading.default\">\n\t\t\t\t<div class=\"elementor-widget-container\">\n\t\t\t\t\t<h2 class=\"elementor-heading-title elementor-size-default\">Up to 700 masks per minute <\/h2>\t\t\t\t<\/div>\n\t\t\t\t<\/div>\n\t\t\t\t<div class=\"elementor-element elementor-element-2d7dc7a exad-sticky-section-no exad-glass-effect-no elementor-widget elementor-widget-text-editor\" data-id=\"2d7dc7a\" data-element_type=\"widget\" data-e-type=\"widget\" data-widget_type=\"text-editor.default\">\n\t\t\t\t<div class=\"elementor-widget-container\">\n\t\t\t\t\t\t\t\t\t<div class=\"page\" title=\"Page 1\"><div class=\"layoutArea\"><div class=\"column\"><p>Mondi Gronau has now commissioned a new production facility for the manufacture of filter fleece and medical face masks. The production volume comprises 700 masks per minute as well as the in-house production of the important base material, the nonwoven filter material.<\/p><div class=\"packa-in-post-alle\" style=\"text-align: center;\" id=\"packa-2428565190\"><div id=\"packa-833700372\"><a data-no-instant=\"1\" href=\"https:\/\/packaging-journal.de\/en\/newsletter\/\" rel=\"noopener\" class=\"a2t-link\" target=\"_blank\" aria-label=\"PJ Self-promotion English 03\"><!--noptimize--><img src=\"https:\/\/packaging-journal.de\/wp-content\/uploads\/2026\/01\/PJ-Eigenwerbung-English-03.png\" alt=\"\"  srcset=\"https:\/\/packaging-journal.de\/wp-content\/uploads\/2026\/01\/PJ-Eigenwerbung-English-03.png 840w, https:\/\/packaging-journal.de\/wp-content\/uploads\/2026\/01\/PJ-Eigenwerbung-English-03-300x75.png 300w, https:\/\/packaging-journal.de\/wp-content\/uploads\/2026\/01\/PJ-Eigenwerbung-English-03-768x192.png 768w, https:\/\/packaging-journal.de\/wp-content\/uploads\/2026\/01\/PJ-Eigenwerbung-English-03-18x5.png 18w, https:\/\/packaging-journal.de\/wp-content\/uploads\/2026\/01\/PJ-Eigenwerbung-English-03-332x83.png 332w, https:\/\/packaging-journal.de\/wp-content\/uploads\/2026\/01\/PJ-Eigenwerbung-English-03-664x166.png 664w, https:\/\/packaging-journal.de\/wp-content\/uploads\/2026\/01\/PJ-Eigenwerbung-English-03-688x172.png 688w\" sizes=\"(max-width: 840px) 100vw, 840px\" width=\"840\" height=\"210\"  style=\" max-width: 100%; height: auto;\" \/><!--\/noptimize--><\/a><\/div><\/div><p>Managing Director J\u00fcrgen Schneider presented the new production facility to the public at a press event, thereby also giving the go-ahead for the establishment of a local value chain.<\/p><\/div><\/div><\/div>\t\t\t\t\t\t\t\t<\/div>\n\t\t\t\t<\/div>\n\t\t\t\t\t<\/div>\n\t\t<\/div>\n\t\t\t\t\t<\/div>\n\t\t<\/section>\n\t\t\t\t<section data-exad-particle-enable=\"false\" class=\"elementor-section elementor-top-section elementor-element elementor-element-6238e2b elementor-section-boxed elementor-section-height-default elementor-section-height-default exad-parallax-effect-no exad-background-color-change-no exad-glass-effect-no exad-sticky-section-no\" data-id=\"6238e2b\" data-element_type=\"section\" data-e-type=\"section\">\n\t\t\t\t\t\t<div class=\"elementor-container elementor-column-gap-default\">\n\t\t\t\t\t<div class=\"elementor-column elementor-col-66 elementor-top-column elementor-element elementor-element-e3db9b4 exad-glass-effect-no exad-sticky-section-no\" data-id=\"e3db9b4\" data-element_type=\"column\" data-e-type=\"column\">\n\t\t\t<div class=\"elementor-widget-wrap elementor-element-populated\">\n\t\t\t\t\t\t<div class=\"elementor-element elementor-element-f1c6831 elementor-blockquote--skin-quotation exad-sticky-section-no exad-glass-effect-no elementor-widget elementor-widget-blockquote\" data-id=\"f1c6831\" data-element_type=\"widget\" data-e-type=\"widget\" data-widget_type=\"blockquote.default\">\n\t\t\t\t<div class=\"elementor-widget-container\">\n\t\t\t\t\t\t\t<blockquote class=\"elementor-blockquote\">\n\t\t\t<p class=\"elementor-blockquote__content\">\n\t\t\t\tWe are experts in hygiene applications and can draw on 50 years of production experience at this location. This fully integrated production of medical face masks with the help of two highly automated high-speed machines lays the foundation for the highest quality mask production \"Made in Germany\"\t\t\t<\/p>\n\t\t\t\t\t\t\t<div class=\"e-q-footer\">\n\t\t\t\t\t\t\t\t\t\t\t<cite class=\"elementor-blockquote__author\">J\u00fcrgen Schneider, Managing Director Mondi Gronau<\/cite>\n\t\t\t\t\t\t\t\t\t\t\t\t\t\t<\/div>\n\t\t\t\t\t<\/blockquote>\n\t\t\t\t\t\t<\/div>\n\t\t\t\t<\/div>\n\t\t\t\t\t<\/div>\n\t\t<\/div>\n\t\t\t\t<div class=\"elementor-column elementor-col-33 elementor-top-column elementor-element elementor-element-9d16580 exad-glass-effect-no exad-sticky-section-no\" data-id=\"9d16580\" data-element_type=\"column\" data-e-type=\"column\">\n\t\t\t<div class=\"elementor-widget-wrap elementor-element-populated\">\n\t\t\t\t\t\t<div class=\"elementor-element elementor-element-d62f3c9 exad-sticky-section-no exad-glass-effect-no elementor-widget elementor-widget-image\" data-id=\"d62f3c9\" data-element_type=\"widget\" data-e-type=\"widget\" data-widget_type=\"image.default\">\n\t\t\t\t<div class=\"elementor-widget-container\">\n\t\t\t\t\t\t\t\t\t\t\t\t<figure class=\"wp-caption\">\n\t\t\t\t\t\t\t\t\t\t<img decoding=\"async\" width=\"500\" height=\"666\" src=\"https:\/\/packaging-journal.de\/wp-content\/uploads\/2021\/03\/Juergen-Schneider-MD-Personal-Care-Components.jpg\" class=\"attachment-large size-large wp-image-43153\" alt=\"\" srcset=\"https:\/\/packaging-journal.de\/wp-content\/uploads\/2021\/03\/Juergen-Schneider-MD-Personal-Care-Components.jpg 500w, https:\/\/packaging-journal.de\/wp-content\/uploads\/2021\/03\/Juergen-Schneider-MD-Personal-Care-Components-225x300.jpg 225w\" sizes=\"(max-width: 500px) 100vw, 500px\" \/>\t\t\t\t\t\t\t\t\t\t\t<figcaption class=\"widget-image-caption wp-caption-text\">(Image: Mondi)<\/figcaption>\n\t\t\t\t\t\t\t\t\t\t<\/figure>\n\t\t\t\t\t\t\t\t\t<\/div>\n\t\t\t\t<\/div>\n\t\t\t\t\t<\/div>\n\t\t<\/div>\n\t\t\t\t\t<\/div>\n\t\t<\/section>\n\t\t\t\t<section data-exad-particle-enable=\"false\" class=\"elementor-section elementor-top-section elementor-element elementor-element-c4a29d0 elementor-section-boxed elementor-section-height-default elementor-section-height-default exad-parallax-effect-no exad-background-color-change-no exad-glass-effect-no exad-sticky-section-no\" data-id=\"c4a29d0\" data-element_type=\"section\" data-e-type=\"section\">\n\t\t\t\t\t\t<div class=\"elementor-container elementor-column-gap-default\">\n\t\t\t\t\t<div class=\"elementor-column elementor-col-100 elementor-top-column elementor-element elementor-element-6767c47 exad-glass-effect-no exad-sticky-section-no\" data-id=\"6767c47\" data-element_type=\"column\" data-e-type=\"column\">\n\t\t\t<div class=\"elementor-widget-wrap elementor-element-populated\">\n\t\t\t\t\t\t<div class=\"elementor-element elementor-element-5bcd390 exad-sticky-section-no exad-glass-effect-no elementor-widget elementor-widget-spacer\" data-id=\"5bcd390\" data-element_type=\"widget\" data-e-type=\"widget\" data-widget_type=\"spacer.default\">\n\t\t\t\t<div class=\"elementor-widget-container\">\n\t\t\t\t\t\t\t<div class=\"elementor-spacer\">\n\t\t\t<div class=\"elementor-spacer-inner\"><\/div>\n\t\t<\/div>\n\t\t\t\t\t\t<\/div>\n\t\t\t\t<\/div>\n\t\t\t\t<div class=\"elementor-element elementor-element-5effd62 exad-sticky-section-no exad-glass-effect-no elementor-widget elementor-widget-heading\" data-id=\"5effd62\" data-element_type=\"widget\" data-e-type=\"widget\" data-widget_type=\"heading.default\">\n\t\t\t\t<div class=\"elementor-widget-container\">\n\t\t\t\t\t<h2 class=\"elementor-heading-title elementor-size-default\">Masks certified as a medical device<\/h2>\t\t\t\t<\/div>\n\t\t\t\t<\/div>\n\t\t\t\t<div class=\"elementor-element elementor-element-52f73c3 exad-sticky-section-no exad-glass-effect-no elementor-widget elementor-widget-text-editor\" data-id=\"52f73c3\" data-element_type=\"widget\" data-e-type=\"widget\" data-widget_type=\"text-editor.default\">\n\t\t\t\t<div class=\"elementor-widget-container\">\n\t\t\t\t\t\t\t\t\t<div class=\"page\" title=\"Page 1\"><div class=\"layoutArea\"><div class=\"column\"><p>The masks are certified as a medical product by the German Johner Institute as well as being OEKO-TEX and Dermatest certified. Mondi Gronau is thus targeting the German healthcare sector: Hospitals, pharmacies and specialised medical retailers.<\/p><div id=\"packa-185027844\" class=\"packa-inhalt\"><!--noptimize--><script async src=\"https:\/\/pagead2.googlesyndication.com\/pagead\/js\/adsbygoogle.js?client=ca-pub-2686439340972671\" crossorigin=\"anonymous\"><\/script>\r\n<ins class=\"adsbygoogle\" style=\"display:block;text-align:center\" data-ad-layout=\"in-article\" data-ad-format=\"fluid\" data-ad-client=\"ca-pub-2686439340972671\" data-ad-slot=\"6171251825\"><\/ins>\r\n<script>\r\n     (adsbygoogle = window.adsbygoogle || []).push({});\r\n<\/script><!--\/noptimize--><\/div><\/div><p><em>Source: Mondi<\/em><\/p><\/div><\/div>\t\t\t\t\t\t\t\t<\/div>\n\t\t\t\t<\/div>\n\t\t\t\t<div class=\"elementor-element elementor-element-69cb10b exad-sticky-section-no exad-glass-effect-no elementor-widget elementor-widget-spacer\" data-id=\"69cb10b\" data-element_type=\"widget\" data-e-type=\"widget\" data-widget_type=\"spacer.default\">\n\t\t\t\t<div class=\"elementor-widget-container\">\n\t\t\t\t\t\t\t<div class=\"elementor-spacer\">\n\t\t\t<div class=\"elementor-spacer-inner\"><\/div>\n\t\t<\/div>\n\t\t\t\t\t\t<\/div>\n\t\t\t\t<\/div>\n\t\t\t\t\t<\/div>\n\t\t<\/div>\n\t\t\t\t\t<\/div>\n\t\t<\/section>\n\t\t\t\t<section data-exad-particle-enable=\"false\" class=\"elementor-section elementor-top-section elementor-element elementor-element-6399969 elementor-section-boxed elementor-section-height-default elementor-section-height-default exad-parallax-effect-no exad-background-color-change-no exad-glass-effect-no exad-sticky-section-no\" data-id=\"6399969\" data-element_type=\"section\" data-e-type=\"section\" data-settings=\"{&quot;background_background&quot;:&quot;classic&quot;}\">\n\t\t\t\t\t\t<div class=\"elementor-container elementor-column-gap-default\">\n\t\t\t\t\t<div class=\"elementor-column elementor-col-100 elementor-top-column elementor-element elementor-element-eff6a7e exad-glass-effect-no exad-sticky-section-no\" data-id=\"eff6a7e\" data-element_type=\"column\" data-e-type=\"column\">\n\t\t\t<div class=\"elementor-widget-wrap elementor-element-populated\">\n\t\t\t\t\t\t<div class=\"elementor-element elementor-element-5a6e342 exad-sticky-section-no exad-glass-effect-no elementor-widget elementor-widget-heading\" data-id=\"5a6e342\" data-element_type=\"widget\" data-e-type=\"widget\" data-widget_type=\"heading.default\">\n\t\t\t\t<div class=\"elementor-widget-container\">\n\t\t\t\t\t<h2 class=\"elementor-heading-title elementor-size-default\">Mondi - More news<\/h2>\t\t\t\t<\/div>\n\t\t\t\t<\/div>\n\t\t\t\t<div class=\"elementor-element elementor-element-7ec943c elementor-grid-3 elementor-grid-tablet-2 elementor-grid-mobile-1 elementor-posts--thumbnail-top elementor-posts__hover-gradient exad-sticky-section-no exad-glass-effect-no elementor-widget elementor-widget-posts\" data-id=\"7ec943c\" data-element_type=\"widget\" data-e-type=\"widget\" data-settings=\"{&quot;cards_row_gap&quot;:{&quot;unit&quot;:&quot;px&quot;,&quot;size&quot;:38,&quot;sizes&quot;:[]},&quot;cards_columns&quot;:&quot;3&quot;,&quot;cards_columns_tablet&quot;:&quot;2&quot;,&quot;cards_columns_mobile&quot;:&quot;1&quot;,&quot;cards_row_gap_tablet&quot;:{&quot;unit&quot;:&quot;px&quot;,&quot;size&quot;:&quot;&quot;,&quot;sizes&quot;:[]},&quot;cards_row_gap_mobile&quot;:{&quot;unit&quot;:&quot;px&quot;,&quot;size&quot;:&quot;&quot;,&quot;sizes&quot;:[]}}\" data-widget_type=\"posts.cards\">\n\t\t\t\t<div class=\"elementor-widget-container\">\n\t\t\t\t\t\t\t<div class=\"elementor-posts-container elementor-posts elementor-posts--skin-cards elementor-grid\" role=\"list\">\n\t\t\t\t<article class=\"elementor-post elementor-grid-item post-114234 post type-post status-publish format-standard has-post-thumbnail category-allgemein category-packmittel-und-packstoffe tag-lebensmittel tag-mondi tag-packmittel-und-packstoffe tag-papier-pappe-karton tag-verpackung cs-entry cs-video-wrap\" role=\"listitem\">\n\t\t\t<div class=\"elementor-post__card\">\n\t\t\t\t<a class=\"elementor-post__thumbnail__link\" href=\"https:\/\/packaging-journal.de\/en\/mondi-whitepaper-wellpappenverpackungen\/\" tabindex=\"-1\" ><div class=\"elementor-post__thumbnail\"><img decoding=\"async\" width=\"300\" height=\"163\" src=\"https:\/\/packaging-journal.de\/wp-content\/uploads\/2026\/03\/mondi-wellpappe-300x163.jpg\" class=\"attachment-medium size-medium wp-image-114235\" alt=\"\" srcset=\"https:\/\/packaging-journal.de\/wp-content\/uploads\/2026\/03\/mondi-wellpappe-300x163.jpg 300w, https:\/\/packaging-journal.de\/wp-content\/uploads\/2026\/03\/mondi-wellpappe-1024x555.jpg 1024w, https:\/\/packaging-journal.de\/wp-content\/uploads\/2026\/03\/mondi-wellpappe-768x416.jpg 768w, https:\/\/packaging-journal.de\/wp-content\/uploads\/2026\/03\/mondi-wellpappe-18x10.jpg 18w, https:\/\/packaging-journal.de\/wp-content\/uploads\/2026\/03\/mondi-wellpappe-332x180.jpg 332w, https:\/\/packaging-journal.de\/wp-content\/uploads\/2026\/03\/mondi-wellpappe-664x360.jpg 664w, https:\/\/packaging-journal.de\/wp-content\/uploads\/2026\/03\/mondi-wellpappe-688x373.jpg 688w, https:\/\/packaging-journal.de\/wp-content\/uploads\/2026\/03\/mondi-wellpappe-1044x566.jpg 1044w, https:\/\/packaging-journal.de\/wp-content\/uploads\/2026\/03\/mondi-wellpappe.jpg 1200w\" sizes=\"(max-width: 300px) 100vw, 300px\" \/><\/div><\/a>\n\t\t\t\t<div class=\"elementor-post__text\">\n\t\t\t\t<h3 class=\"elementor-post__title\">\n\t\t\t<a href=\"https:\/\/packaging-journal.de\/en\/mondi-whitepaper-wellpappenverpackungen\/\" >\n\t\t\t\tMondi: Corrugated cardboard packaging reduces food waste\t\t\t<\/a>\n\t\t<\/h3>\n\t\t\t\t<div class=\"elementor-post__excerpt\">\n\t\t\tMondi publishes the white paper \u201ePackaging as a competitive advantage in the food supply chain\u201c, providing food manufacturers, retailers and logistics partners with practical recommendations for action.\t\t<\/div>\n\t\t\n\t\t<a class=\"elementor-post__read-more\" href=\"https:\/\/packaging-journal.de\/en\/mondi-whitepaper-wellpappenverpackungen\/\" aria-label=\"Read more about Mondi: Corrugated board packaging reduces food waste\" tabindex=\"-1\" >\n\t\t\tRead more \"\t\t<\/a>\n\n\t\t\t\t<\/div>\n\t\t\t\t\t<\/div>\n\t\t<\/article>\n\t\t\t\t<article class=\"elementor-post elementor-grid-item post-113190 post type-post status-publish format-standard has-post-thumbnail category-aus-den-unternehmen-news tag-aus-den-unternehmen tag-flexible-verpackungen tag-mondi tag-packmittel-und-packstoffe tag-papier-pappe-karton cs-entry cs-video-wrap\" role=\"listitem\">\n\t\t\t<div class=\"elementor-post__card\">\n\t\t\t\t<a class=\"elementor-post__thumbnail__link\" href=\"https:\/\/packaging-journal.de\/en\/mondi-schliesst-werke-in-europa\/\" tabindex=\"-1\" ><div class=\"elementor-post__thumbnail\"><img loading=\"lazy\" decoding=\"async\" width=\"300\" height=\"163\" src=\"https:\/\/packaging-journal.de\/wp-content\/uploads\/2026\/02\/Mondi-2025-300x163.jpg\" class=\"attachment-medium size-medium wp-image-113193\" alt=\"\" srcset=\"https:\/\/packaging-journal.de\/wp-content\/uploads\/2026\/02\/Mondi-2025-300x163.jpg 300w, https:\/\/packaging-journal.de\/wp-content\/uploads\/2026\/02\/Mondi-2025-1024x555.jpg 1024w, https:\/\/packaging-journal.de\/wp-content\/uploads\/2026\/02\/Mondi-2025-768x416.jpg 768w, https:\/\/packaging-journal.de\/wp-content\/uploads\/2026\/02\/Mondi-2025-18x10.jpg 18w, https:\/\/packaging-journal.de\/wp-content\/uploads\/2026\/02\/Mondi-2025-332x180.jpg 332w, https:\/\/packaging-journal.de\/wp-content\/uploads\/2026\/02\/Mondi-2025-664x360.jpg 664w, https:\/\/packaging-journal.de\/wp-content\/uploads\/2026\/02\/Mondi-2025-688x373.jpg 688w, https:\/\/packaging-journal.de\/wp-content\/uploads\/2026\/02\/Mondi-2025-1044x566.jpg 1044w, https:\/\/packaging-journal.de\/wp-content\/uploads\/2026\/02\/Mondi-2025.jpg 1200w\" sizes=\"(max-width: 300px) 100vw, 300px\" \/><\/div><\/a>\n\t\t\t\t<div class=\"elementor-post__text\">\n\t\t\t\t<h3 class=\"elementor-post__title\">\n\t\t\t<a href=\"https:\/\/packaging-journal.de\/en\/mondi-schliesst-werke-in-europa\/\" >\n\t\t\t\tMondi closes plants in Europe\t\t\t<\/a>\n\t\t<\/h3>\n\t\t\t\t<div class=\"elementor-post__excerpt\">\n\t\t\tThe company is responding to the persistently weak market situation with site closures.\t\t<\/div>\n\t\t\n\t\t<a class=\"elementor-post__read-more\" href=\"https:\/\/packaging-journal.de\/en\/mondi-schliesst-werke-in-europa\/\" aria-label=\"Read more about Mondi closes plants in Europe\" tabindex=\"-1\" >\n\t\t\tRead more \"\t\t<\/a>\n\n\t\t\t\t<\/div>\n\t\t\t\t\t<\/div>\n\t\t<\/article>\n\t\t\t\t<article class=\"elementor-post elementor-grid-item post-113134 post type-post status-publish format-standard has-post-thumbnail category-green-packaging tag-lebensmittel tag-mondi tag-packmittel-und-packstoffe tag-papier-pappe-karton cs-entry cs-video-wrap\" role=\"listitem\">\n\t\t\t<div class=\"elementor-post__card\">\n\t\t\t\t<a class=\"elementor-post__thumbnail__link\" href=\"https:\/\/packaging-journal.de\/en\/mondi-papierbasierte-gewuerzverpackung\/\" tabindex=\"-1\" ><div class=\"elementor-post__thumbnail\"><img loading=\"lazy\" decoding=\"async\" width=\"300\" height=\"163\" src=\"https:\/\/packaging-journal.de\/wp-content\/uploads\/2026\/02\/mondi-gewuerze-300x163.jpg\" class=\"attachment-medium size-medium wp-image-113135\" alt=\"\" srcset=\"https:\/\/packaging-journal.de\/wp-content\/uploads\/2026\/02\/mondi-gewuerze-300x163.jpg 300w, https:\/\/packaging-journal.de\/wp-content\/uploads\/2026\/02\/mondi-gewuerze-1024x555.jpg 1024w, https:\/\/packaging-journal.de\/wp-content\/uploads\/2026\/02\/mondi-gewuerze-768x416.jpg 768w, https:\/\/packaging-journal.de\/wp-content\/uploads\/2026\/02\/mondi-gewuerze-18x10.jpg 18w, https:\/\/packaging-journal.de\/wp-content\/uploads\/2026\/02\/mondi-gewuerze-332x180.jpg 332w, https:\/\/packaging-journal.de\/wp-content\/uploads\/2026\/02\/mondi-gewuerze-664x360.jpg 664w, https:\/\/packaging-journal.de\/wp-content\/uploads\/2026\/02\/mondi-gewuerze-688x373.jpg 688w, https:\/\/packaging-journal.de\/wp-content\/uploads\/2026\/02\/mondi-gewuerze-1044x566.jpg 1044w, https:\/\/packaging-journal.de\/wp-content\/uploads\/2026\/02\/mondi-gewuerze.jpg 1200w\" sizes=\"(max-width: 300px) 100vw, 300px\" \/><\/div><\/a>\n\t\t\t\t<div class=\"elementor-post__text\">\n\t\t\t\t<h3 class=\"elementor-post__title\">\n\t\t\t<a href=\"https:\/\/packaging-journal.de\/en\/mondi-papierbasierte-gewuerzverpackung\/\" >\n\t\t\t\tMondi develops paper-based spice packaging\t\t\t<\/a>\n\t\t<\/h3>\n\t\t\t\t<div class=\"elementor-post__excerpt\">\n\t\t\tMondi and Prymat have jointly developed a recyclable, paper-based spice packaging with high barrier performance and reduced CO\u2082 emissions.\t\t<\/div>\n\t\t\n\t\t<a class=\"elementor-post__read-more\" href=\"https:\/\/packaging-journal.de\/en\/mondi-papierbasierte-gewuerzverpackung\/\" aria-label=\"Read more about Mondi develops paper-based spice packaging\" tabindex=\"-1\" >\n\t\t\tRead more \"\t\t<\/a>\n\n\t\t\t\t<\/div>\n\t\t\t\t\t<\/div>\n\t\t<\/article>\n\t\t\t\t<article class=\"elementor-post elementor-grid-item post-110649 post type-post status-publish format-standard has-post-thumbnail category-packmittel-und-packstoffe tag-e-commerce tag-mondi tag-packmittel-und-packstoffe tag-papier-pappe-karton tag-transportverpackung cs-entry cs-video-wrap\" role=\"listitem\">\n\t\t\t<div class=\"elementor-post__card\">\n\t\t\t\t<a class=\"elementor-post__thumbnail__link\" href=\"https:\/\/packaging-journal.de\/en\/mondi-entwickelt-recyclingfaehige-papierverpackung-fuer-fahrraeder\/\" tabindex=\"-1\" ><div class=\"elementor-post__thumbnail\"><img loading=\"lazy\" decoding=\"async\" width=\"300\" height=\"163\" src=\"https:\/\/packaging-journal.de\/wp-content\/uploads\/2026\/01\/Polana-Bikes-300x163.jpg\" class=\"attachment-medium size-medium wp-image-110651\" alt=\"\" srcset=\"https:\/\/packaging-journal.de\/wp-content\/uploads\/2026\/01\/Polana-Bikes-300x163.jpg 300w, https:\/\/packaging-journal.de\/wp-content\/uploads\/2026\/01\/Polana-Bikes-1024x555.jpg 1024w, https:\/\/packaging-journal.de\/wp-content\/uploads\/2026\/01\/Polana-Bikes-768x416.jpg 768w, https:\/\/packaging-journal.de\/wp-content\/uploads\/2026\/01\/Polana-Bikes-18x10.jpg 18w, https:\/\/packaging-journal.de\/wp-content\/uploads\/2026\/01\/Polana-Bikes.jpg 1200w\" sizes=\"(max-width: 300px) 100vw, 300px\" \/><\/div><\/a>\n\t\t\t\t<div class=\"elementor-post__text\">\n\t\t\t\t<h3 class=\"elementor-post__title\">\n\t\t\t<a href=\"https:\/\/packaging-journal.de\/en\/mondi-entwickelt-recyclingfaehige-papierverpackung-fuer-fahrraeder\/\" >\n\t\t\t\tMondi develops recyclable paper packaging for bicycles\t\t\t<\/a>\n\t\t<\/h3>\n\t\t\t\t<div class=\"elementor-post__excerpt\">\n\t\t\tMondi has developed a new paper-based packaging solution together with bicycle manufacturer Polana Bikes.\t\t<\/div>\n\t\t\n\t\t<a class=\"elementor-post__read-more\" href=\"https:\/\/packaging-journal.de\/en\/mondi-entwickelt-recyclingfaehige-papierverpackung-fuer-fahrraeder\/\" aria-label=\"Read more about Mondi develops recyclable paper packaging for bicycles\" tabindex=\"-1\" >\n\t\t\tRead more \"\t\t<\/a>\n\n\t\t\t\t<\/div>\n\t\t\t\t\t<\/div>\n\t\t<\/article>\n\t\t\t\t<article class=\"elementor-post elementor-grid-item post-110049 post type-post status-publish format-standard has-post-thumbnail category-packmittel-und-packstoffe category-stars-der-verpackung tag-delkeskamp tag-design-for-human-nature tag-deutscher-verpackungspreis tag-dvi tag-floeter tag-illig tag-kallfass tag-kao tag-kloeckner-pentaplast tag-kolb tag-mondi tag-papacks tag-preisverleihung tag-smurfit-westrock tag-sti-group tag-werner-und-mertz tag-wipf cs-entry cs-video-wrap\" role=\"listitem\">\n\t\t\t<div class=\"elementor-post__card\">\n\t\t\t\t<a class=\"elementor-post__thumbnail__link\" href=\"https:\/\/packaging-journal.de\/en\/top-ten-2025-deutscher-verpackungspreis-2025-das-sind-die-gewinner\/\" tabindex=\"-1\" ><div class=\"elementor-post__thumbnail\"><img loading=\"lazy\" decoding=\"async\" width=\"300\" height=\"163\" src=\"https:\/\/packaging-journal.de\/wp-content\/uploads\/2025\/12\/pj-top-ten-2025-6-300x163.jpg\" class=\"attachment-medium size-medium wp-image-110051\" alt=\"\" srcset=\"https:\/\/packaging-journal.de\/wp-content\/uploads\/2025\/12\/pj-top-ten-2025-6-300x163.jpg 300w, https:\/\/packaging-journal.de\/wp-content\/uploads\/2025\/12\/pj-top-ten-2025-6-1024x555.jpg 1024w, https:\/\/packaging-journal.de\/wp-content\/uploads\/2025\/12\/pj-top-ten-2025-6-768x416.jpg 768w, https:\/\/packaging-journal.de\/wp-content\/uploads\/2025\/12\/pj-top-ten-2025-6-18x10.jpg 18w, https:\/\/packaging-journal.de\/wp-content\/uploads\/2025\/12\/pj-top-ten-2025-6.jpg 1200w\" sizes=\"(max-width: 300px) 100vw, 300px\" \/><\/div><\/a>\n\t\t\t\t<div class=\"elementor-post__text\">\n\t\t\t\t<h3 class=\"elementor-post__title\">\n\t\t\t<a href=\"https:\/\/packaging-journal.de\/en\/top-ten-2025-deutscher-verpackungspreis-2025-das-sind-die-gewinner\/\" >\n\t\t\t\tTop Ten 2025: German Packaging Award 2025 - These are the winners\t\t\t<\/a>\n\t\t<\/h3>\n\t\t\t\t<div class=\"elementor-post__excerpt\">\n\t\t\tAs 2025 draws to a close, we take a look back at the topics that have particularly moved the packaging industry. From innovative packaging solutions to trends in sustainability, we take a look at the top ten contributions from 2025 - today with number 6.\t\t<\/div>\n\t\t\n\t\t<a class=\"elementor-post__read-more\" href=\"https:\/\/packaging-journal.de\/en\/top-ten-2025-deutscher-verpackungspreis-2025-das-sind-die-gewinner\/\" aria-label=\"Read more about Top Ten 2025: German Packaging Award 2025 - These are the winners\" tabindex=\"-1\" >\n\t\t\tRead more \"\t\t<\/a>\n\n\t\t\t\t<\/div>\n\t\t\t\t\t<\/div>\n\t\t<\/article>\n\t\t\t\t<article class=\"elementor-post elementor-grid-item post-109580 post type-post status-publish format-standard has-post-thumbnail category-aus-den-unternehmen-news tag-aus-den-unternehmen tag-e-commerce tag-mondi tag-packmittel-und-packstoffe tag-papier-pappe-karton cs-entry cs-video-wrap\" role=\"listitem\">\n\t\t\t<div class=\"elementor-post__card\">\n\t\t\t\t<a class=\"elementor-post__thumbnail__link\" href=\"https:\/\/packaging-journal.de\/en\/mondi-weiht-neue-papiermaschine-im-werk-steti-offiziell-ein\/\" tabindex=\"-1\" ><div class=\"elementor-post__thumbnail\"><img loading=\"lazy\" decoding=\"async\" width=\"300\" height=\"163\" src=\"https:\/\/packaging-journal.de\/wp-content\/uploads\/2025\/12\/Mondi-Einweihung-300x163.jpg\" class=\"attachment-medium size-medium wp-image-109584\" alt=\"\" srcset=\"https:\/\/packaging-journal.de\/wp-content\/uploads\/2025\/12\/Mondi-Einweihung-300x163.jpg 300w, https:\/\/packaging-journal.de\/wp-content\/uploads\/2025\/12\/Mondi-Einweihung-1024x555.jpg 1024w, https:\/\/packaging-journal.de\/wp-content\/uploads\/2025\/12\/Mondi-Einweihung-768x416.jpg 768w, https:\/\/packaging-journal.de\/wp-content\/uploads\/2025\/12\/Mondi-Einweihung-18x10.jpg 18w, https:\/\/packaging-journal.de\/wp-content\/uploads\/2025\/12\/Mondi-Einweihung.jpg 1200w\" sizes=\"(max-width: 300px) 100vw, 300px\" \/><\/div><\/a>\n\t\t\t\t<div class=\"elementor-post__text\">\n\t\t\t\t<h3 class=\"elementor-post__title\">\n\t\t\t<a href=\"https:\/\/packaging-journal.de\/en\/mondi-weiht-neue-papiermaschine-im-werk-steti-offiziell-ein\/\" >\n\t\t\t\tMondi officially inaugurates new paper machine at \u0160t\u011bt\u00ed mill\t\t\t<\/a>\n\t\t<\/h3>\n\t\t\t\t<div class=\"elementor-post__excerpt\">\n\t\t\tAccording to the company, the machine produces around 210,000 tonnes of kraft paper in various grammages every year.\t\t<\/div>\n\t\t\n\t\t<a class=\"elementor-post__read-more\" href=\"https:\/\/packaging-journal.de\/en\/mondi-weiht-neue-papiermaschine-im-werk-steti-offiziell-ein\/\" aria-label=\"Read more about Mondi officially inaugurates new paper machine at \u0160t\u011bt\u00ed mill\" tabindex=\"-1\" >\n\t\t\tRead more \"\t\t<\/a>\n\n\t\t\t\t<\/div>\n\t\t\t\t\t<\/div>\n\t\t<\/article>\n\t\t\t\t<\/div>\n\t\t\n\t\t\t\t\t\t<\/div>\n\t\t\t\t<\/div>\n\t\t\t\t\t<\/div>\n\t\t<\/div>\n\t\t\t\t\t<\/div>\n\t\t<\/section>\n\t\t\t\t<\/div>","protected":false},"excerpt":{"rendered":"An international packaging and paper company becomes a large-scale producer of medical face masks. Mondi can now produce up to one million masks per day at its Gronau site.","protected":false},"author":7,"featured_media":43161,"comment_status":"closed","ping_status":"closed","sticky":false,"template":"","format":"standard","meta":{"_acf_changed":false,"__cvm_playback_settings":[],"__cvm_video_id":"","rank_math_description":"Am Standort Gronau kann Mondi ab sofort bis zu eine Million medizinische Masken pro Tag herstellen.","rank_math_focus_keyword":"Masken","rank_math_title":"","csco_display_header_overlay":false,"csco_singular_sidebar":"","csco_page_header_type":"","csco_page_load_nextpost":"","csco_post_video_location":[],"csco_post_video_location_hash":"","csco_post_video_url":"","csco_post_video_bg_start_time":0,"csco_post_video_bg_end_time":0,"footnotes":"","_links_to":"","_links_to_target":""},"categories":[114],"tags":[43,57583,1487,40],"class_list":{"0":"post-43150","1":"post","2":"type-post","3":"status-publish","4":"format-standard","5":"has-post-thumbnail","7":"category-aus-den-unternehmen-news","8":"tag-aus-den-unternehmen","9":"tag-mondi","10":"tag-papier-pappe-karton","11":"tag-pharma-kosmetik-chemie","12":"cs-entry","13":"cs-video-wrap"},"acf":[],"vimeo_video":null,"_links":{"self":[{"href":"https:\/\/packaging-journal.de\/en\/wp-json\/wp\/v2\/posts\/43150","targetHints":{"allow":["GET"]}}],"collection":[{"href":"https:\/\/packaging-journal.de\/en\/wp-json\/wp\/v2\/posts"}],"about":[{"href":"https:\/\/packaging-journal.de\/en\/wp-json\/wp\/v2\/types\/post"}],"author":[{"embeddable":true,"href":"https:\/\/packaging-journal.de\/en\/wp-json\/wp\/v2\/users\/7"}],"replies":[{"embeddable":true,"href":"https:\/\/packaging-journal.de\/en\/wp-json\/wp\/v2\/comments?post=43150"}],"version-history":[{"count":0,"href":"https:\/\/packaging-journal.de\/en\/wp-json\/wp\/v2\/posts\/43150\/revisions"}],"wp:featuredmedia":[{"embeddable":true,"href":"https:\/\/packaging-journal.de\/en\/wp-json\/wp\/v2\/media\/43161"}],"wp:attachment":[{"href":"https:\/\/packaging-journal.de\/en\/wp-json\/wp\/v2\/media?parent=43150"}],"wp:term":[{"taxonomy":"category","embeddable":true,"href":"https:\/\/packaging-journal.de\/en\/wp-json\/wp\/v2\/categories?post=43150"},{"taxonomy":"post_tag","embeddable":true,"href":"https:\/\/packaging-journal.de\/en\/wp-json\/wp\/v2\/tags?post=43150"}],"curies":[{"name":"wp","href":"https:\/\/api.w.org\/{rel}","templated":true}]}}