{"id":43481,"date":"2021-03-26T14:14:46","date_gmt":"2021-03-26T13:14:46","guid":{"rendered":"https:\/\/packaging-journal.de\/?p=43481"},"modified":"2021-03-26T12:37:10","modified_gmt":"2021-03-26T11:37:10","slug":"so-urban-glass-collection-from-arc","status":"publish","type":"post","link":"https:\/\/packaging-journal.de\/en\/so-urban-glaskollektion-von-arc\/","title":{"rendered":"So Urban - deposit-safe glass packaging for to-go"},"content":{"rendered":"<p>Mehrwegf\u00e4hig, mit Deckel, schickes Design, trotzdem robust, leicht und stapelbar\u2013 die neue Schalen-Kollektion des franz\u00f6sischen Glasherstellers Arc wurde f\u00fcr den Einsatz in der Gastronomie entwickelt und ist ganz im Sinne des novellierten Verpackungsgesetzes.<\/p>\n<p>Der aktuelle Trend zur Nachhaltigkeit inspirierte den franz\u00f6sischen Glashersteller Arc zu seiner neuen Kollektion <em>So Urban.<\/em> Sie ist Teil der Marke <a href=\"https:\/\/www.arc-intl.com\/eng\/Brands#\" target=\"_blank\" rel=\"noopener\" data-schema-attribute=\"\">Arcoroc<\/a>, unter der das Unternehmen seit \u00fcber 40 Jahren Produkte aus widerstandsf\u00e4higem, geh\u00e4rtetem <strong>Glas f\u00fcr den professionellen Food-Bereich<\/strong> anbietet. F\u00fcr das Konzept einer langlebigen Verpackung wurde <em>So Urban<\/em> mit dem Award <em>Der Goldene Snack 2021<\/em> des franz\u00f6sischen Fachmagazins Snacking in der Kategorie <em>Material und Ausr\u00fcstung <\/em>ausgezeichnet.<\/p>\n<h2>So Urban folgt dem Prinzip der Kreislaufwirtschaft<\/h2>\n<p>Die neue Linie besteht aus<strong> vier runden Schalen mit einem Fassungsverm\u00f6gen von 0,25 bis 0,80 Litern<\/strong>, inklusive auslaufsicherem Deckel. Die verschiedenen Gr\u00f6\u00dfen decken eine komplette Men\u00fcfolge ab. Und: <em>So Urban <\/em>folgt dem Prinzip der Kreislaufwirtschaft und ist pfandgeeignet sowie personalisierbar \u2013 zum Beispiel durch die Anbringung eines Logos.<\/p><div class=\"packa-in-post-alle\" style=\"text-align: center;\" id=\"packa-2578128377\"><div id=\"packa-3819119814\"><a data-no-instant=\"1\" href=\"https:\/\/packaging-journal.de\/en\/newsletter\/\" rel=\"noopener\" class=\"a2t-link\" target=\"_blank\" aria-label=\"PJ Eigenwerbung English 03\"><!--noptimize--><img src=\"https:\/\/packaging-journal.de\/wp-content\/uploads\/2026\/01\/PJ-Eigenwerbung-English-03.png\" alt=\"\"  srcset=\"https:\/\/packaging-journal.de\/wp-content\/uploads\/2026\/01\/PJ-Eigenwerbung-English-03.png 840w, https:\/\/packaging-journal.de\/wp-content\/uploads\/2026\/01\/PJ-Eigenwerbung-English-03-300x75.png 300w, https:\/\/packaging-journal.de\/wp-content\/uploads\/2026\/01\/PJ-Eigenwerbung-English-03-768x192.png 768w, https:\/\/packaging-journal.de\/wp-content\/uploads\/2026\/01\/PJ-Eigenwerbung-English-03-18x5.png 18w, https:\/\/packaging-journal.de\/wp-content\/uploads\/2026\/01\/PJ-Eigenwerbung-English-03-332x83.png 332w, https:\/\/packaging-journal.de\/wp-content\/uploads\/2026\/01\/PJ-Eigenwerbung-English-03-664x166.png 664w, https:\/\/packaging-journal.de\/wp-content\/uploads\/2026\/01\/PJ-Eigenwerbung-English-03-688x172.png 688w\" sizes=\"(max-width: 840px) 100vw, 840px\" width=\"840\" height=\"210\"  style=\" max-width: 100%; height: auto;\" \/><!--\/noptimize--><\/a><\/div><\/div>\n<p>Ein QR-Code, dauerhaft auf Schale oder Deckel angebracht, erm\u00f6glicht die <strong>Integration in ein Pfandsystem<\/strong>. Auch dank attraktiver Preisgestaltung sei die Glasverpackung eine echte Alternative zu Einweg-Produkten sowie herk\u00f6mmlichen Mehrwegbeh\u00e4ltern.<\/p>\n<figure id=\"attachment_43483\" aria-describedby=\"caption-attachment-43483\" style=\"width: 1024px\" class=\"wp-caption aligncenter\"><img fetchpriority=\"high\" decoding=\"async\" class=\"wp-image-43483 size-large\" src=\"https:\/\/packaging-journal.de\/wp-content\/uploads\/2021\/03\/SoUrban3-1024x1024.jpg\" alt=\"So Urban Glasschale\" width=\"1024\" height=\"1024\" srcset=\"https:\/\/packaging-journal.de\/wp-content\/uploads\/2021\/03\/SoUrban3-1024x1024.jpg 1024w, https:\/\/packaging-journal.de\/wp-content\/uploads\/2021\/03\/SoUrban3-300x300.jpg 300w, https:\/\/packaging-journal.de\/wp-content\/uploads\/2021\/03\/SoUrban3-150x150.jpg 150w, https:\/\/packaging-journal.de\/wp-content\/uploads\/2021\/03\/SoUrban3-768x768.jpg 768w, https:\/\/packaging-journal.de\/wp-content\/uploads\/2021\/03\/SoUrban3-500x500.jpg 500w, https:\/\/packaging-journal.de\/wp-content\/uploads\/2021\/03\/SoUrban3-1536x1536.jpg 1536w, https:\/\/packaging-journal.de\/wp-content\/uploads\/2021\/03\/SoUrban3-1320x1320.jpg 1320w, https:\/\/packaging-journal.de\/wp-content\/uploads\/2021\/03\/SoUrban3-600x600.jpg 600w, https:\/\/packaging-journal.de\/wp-content\/uploads\/2021\/03\/SoUrban3-100x100.jpg 100w, https:\/\/packaging-journal.de\/wp-content\/uploads\/2021\/03\/SoUrban3.jpg 1500w\" sizes=\"(max-width: 1024px) 100vw, 1024px\" \/><figcaption id=\"caption-attachment-43483\" class=\"wp-caption-text\">(Bild: Arc)<\/figcaption><\/figure>\n<p>Praktisch: <strong>Ein Deckel passt jeweils auf zwei Gr\u00f6\u00dfen.<\/strong> Dies erh\u00f6ht die Geschwindigkeit bei der Ausgabe der Schalen und reduziert den ben\u00f6tigten Stauraum. Er verschlie\u00dft die Schalen absolut dicht, Schutz und Haltbarkeit der darin verpackten Lebensmittel sind gew\u00e4hrleistet. Die spezielle Form sorgt f\u00fcr ein sicheres Stapeln \u2013sowohl der Schalen ohne Deckel ineinander, als auch mit geschlossenem Deckel \u00fcbereinander.<\/p><div id=\"packa-2532182524\" class=\"packa-inhalt\"><!--noptimize--><script async src=\"https:\/\/pagead2.googlesyndication.com\/pagead\/js\/adsbygoogle.js?client=ca-pub-2686439340972671\" crossorigin=\"anonymous\"><\/script>\r\n<ins class=\"adsbygoogle\" style=\"display:block;text-align:center\" data-ad-layout=\"in-article\" data-ad-format=\"fluid\" data-ad-client=\"ca-pub-2686439340972671\" data-ad-slot=\"6171251825\"><\/ins>\r\n<script>\r\n     (adsbygoogle = window.adsbygoogle || []).push({});\r\n<\/script><!--\/noptimize--><\/div>\n<p>Dies erh\u00f6ht die Resistenz bei Schwankungen und St\u00f6\u00dfen, zum Beispiel bei der Auslieferung in Transportboxen. Deren Standard-Formate wurden bei der Entwicklung der Schalen entsprechend ber\u00fccksichtig. Generell beim Handling von Vorteil: das geringe Gewicht. Die Produkte von <em>So Urban<\/em><strong> wiegen 30 Prozent weniger als vergleichbare Glasschalen<\/strong> des jeweiligen Fassungsverm\u00f6gens. Diese Gewichtsreduktion schl\u00e4gt sich in niedrigeren CO2-Emissionen auf allen Transportwegen nieder.<\/p>\n<h2>Pilotprojekt in Paris<\/h2>\n<p>Seit November 2020 testet die Elior Gruppe die neuen Glasverpackungen an insgesamt vier seiner 2.300 Standorte, darunter auch eine Kantine im Zentrum von Paris. Das Unternehmen ist weltweit einer der f\u00fchrenden Anbieter von Catering-und Support-Dienstleistungen und als Contract Caterer unter den Top 5 seiner Branche.<\/p>\n<p>Der Grund f\u00fcr das Pilotprojekt: <strong>In Frankreich sind seit Januar 2021 nicht recycelbare Einwegbeh\u00e4lter verboten<\/strong>. Elior forciert bei der Verpflegung von t\u00e4glich rund f\u00fcnf Millionen Menschen bereits seit geraumer Zeit eine <em>Null Abfall<\/em>-Politik.<\/p>\n[infotext icon]Arc besch\u00e4ftigt weltweit mehr als 9.000 Mitarbeiter, davon 4.500 in Frankreich. Der Hauptsitz liegt in Arques, in der franz\u00f6sischen Region Pas-de-Calais. 2019 erzielte die Gruppe einen Bruttoumsatz von 811 Millionen Euro. Die Historie des Traditionsunternehmens reicht bis in das Jahr 1825 zur\u00fcck. Mit seinem Know-how im Bereich Glaswaren entwickelte sich Arc zum weltweit gr\u00f6\u00dften Hohlglashersteller und vermarktet inzwischen sein komplettes Sortiment in \u00fcber 160 L\u00e4ndern.[\/infotext]\n<p><em>Quelle:<\/em> Arc France<\/p>\n","protected":false},"excerpt":{"rendered":"Reusable, with a lid, robust, lightweight and stackable - the new collection of bowls from French glass manufacturer Arc are fully compliant with the amended packaging law.","protected":false},"author":20,"featured_media":43482,"comment_status":"closed","ping_status":"closed","sticky":false,"template":"","format":"standard","meta":{"_acf_changed":false,"__cvm_playback_settings":[],"__cvm_video_id":"","rank_math_description":"Die neuen Schalen der So Urban-Kollektion des franz\u00f6sischen Glasherstellers Arc sind mehrwegf\u00e4hig, mit Deckel, robust, leicht und stapelbar.","rank_math_focus_keyword":"So Urban","rank_math_title":"","csco_display_header_overlay":false,"csco_singular_sidebar":"","csco_page_header_type":"","csco_page_load_nextpost":"","csco_post_video_location":[],"csco_post_video_location_hash":"","csco_post_video_url":"","csco_post_video_bg_start_time":0,"csco_post_video_bg_end_time":0,"footnotes":"","_links_to":"","_links_to_target":""},"categories":[22],"tags":[59065,62,38,31,32],"class_list":{"0":"post-43481","1":"post","2":"type-post","3":"status-publish","4":"format-standard","5":"has-post-thumbnail","7":"category-packmittel-und-packstoffe","8":"tag-arc","9":"tag-glas","10":"tag-lebensmittel","11":"tag-nachhaltigkeit-und-green-packaging","12":"tag-packmittel-und-packstoffe","13":"cs-entry","14":"cs-video-wrap"},"acf":[],"vimeo_video":null,"_links":{"self":[{"href":"https:\/\/packaging-journal.de\/en\/wp-json\/wp\/v2\/posts\/43481","targetHints":{"allow":["GET"]}}],"collection":[{"href":"https:\/\/packaging-journal.de\/en\/wp-json\/wp\/v2\/posts"}],"about":[{"href":"https:\/\/packaging-journal.de\/en\/wp-json\/wp\/v2\/types\/post"}],"author":[{"embeddable":true,"href":"https:\/\/packaging-journal.de\/en\/wp-json\/wp\/v2\/users\/20"}],"replies":[{"embeddable":true,"href":"https:\/\/packaging-journal.de\/en\/wp-json\/wp\/v2\/comments?post=43481"}],"version-history":[{"count":0,"href":"https:\/\/packaging-journal.de\/en\/wp-json\/wp\/v2\/posts\/43481\/revisions"}],"wp:featuredmedia":[{"embeddable":true,"href":"https:\/\/packaging-journal.de\/en\/wp-json\/wp\/v2\/media\/43482"}],"wp:attachment":[{"href":"https:\/\/packaging-journal.de\/en\/wp-json\/wp\/v2\/media?parent=43481"}],"wp:term":[{"taxonomy":"category","embeddable":true,"href":"https:\/\/packaging-journal.de\/en\/wp-json\/wp\/v2\/categories?post=43481"},{"taxonomy":"post_tag","embeddable":true,"href":"https:\/\/packaging-journal.de\/en\/wp-json\/wp\/v2\/tags?post=43481"}],"curies":[{"name":"wp","href":"https:\/\/api.w.org\/{rel}","templated":true}]}}