{"id":43606,"date":"2021-04-06T08:15:15","date_gmt":"2021-04-06T06:15:15","guid":{"rendered":"https:\/\/packaging-journal.de\/?p=43606"},"modified":"2021-04-02T13:31:12","modified_gmt":"2021-04-02T11:31:12","slug":"pro-caron-young-designers-2021","status":"publish","type":"post","link":"https:\/\/packaging-journal.de\/en\/pro-caron-young-designers-2021\/","title":{"rendered":"Packaging ideas from the designers of tomorrow"},"content":{"rendered":"<div data-elementor-type=\"wp-post\" data-elementor-id=\"43606\" class=\"elementor elementor-43606\" data-elementor-post-type=\"post\">\n\t\t\t\t\t\t<section data-exad-particle-enable=\"false\" class=\"elementor-section elementor-top-section elementor-element elementor-element-d68a42a elementor-section-boxed elementor-section-height-default elementor-section-height-default exad-parallax-effect-no exad-background-color-change-no exad-glass-effect-no exad-sticky-section-no\" data-id=\"d68a42a\" data-element_type=\"section\" data-e-type=\"section\">\n\t\t\t\t\t\t<div class=\"elementor-container elementor-column-gap-default\">\n\t\t\t\t\t<div class=\"elementor-column elementor-col-100 elementor-top-column elementor-element elementor-element-9637368 exad-glass-effect-no exad-sticky-section-no\" data-id=\"9637368\" data-element_type=\"column\" data-e-type=\"column\">\n\t\t\t<div class=\"elementor-widget-wrap elementor-element-populated\">\n\t\t\t\t\t\t<div class=\"elementor-element elementor-element-3c43cac exad-sticky-section-no exad-glass-effect-no elementor-widget elementor-widget-text-editor\" data-id=\"3c43cac\" data-element_type=\"widget\" data-e-type=\"widget\" data-widget_type=\"text-editor.default\">\n\t\t\t\t<div class=\"elementor-widget-container\">\n\t\t\t\t\t\t\t\t\t<p><strong>Once again this year, the Pro Carton Young Designers Award will honour ideas and solutions that come from young designers. Entries can be submitted as of now.\u00a0<\/strong><\/p>\t\t\t\t\t\t\t\t<\/div>\n\t\t\t\t<\/div>\n\t\t\t\t<div class=\"elementor-element elementor-element-2d7dc7a exad-sticky-section-no exad-glass-effect-no elementor-widget elementor-widget-text-editor\" data-id=\"2d7dc7a\" data-element_type=\"widget\" data-e-type=\"widget\" data-widget_type=\"text-editor.default\">\n\t\t\t\t<div class=\"elementor-widget-container\">\n\t\t\t\t\t\t\t\t\t<p>Since its launch in 2004, the Young Designers Award has been promoting sustainable packaging ideas by giving students from all over Europe the task of developing and designing their very own solutions made from cartonboard materials.<\/p><p>The competition continues to grow in popularity year on year, and 2021 is expected to be no different. Despite the global pandemic, a record number of entries were received for the 2020 awards, with over 550 cartonboard designs from 25 different European countries.<\/p><div class=\"packa-in-post-alle\" style=\"text-align: center;\" id=\"packa-2633085199\"><div id=\"packa-3042818411\"><a data-no-instant=\"1\" href=\"https:\/\/packaging-journal.de\/en\/newsletter\/\" rel=\"noopener\" class=\"a2t-link\" target=\"_blank\" aria-label=\"PJ Self-promotion English 03\"><!--noptimize--><img src=\"https:\/\/packaging-journal.de\/wp-content\/uploads\/2026\/01\/PJ-Eigenwerbung-English-03.png\" alt=\"\"  srcset=\"https:\/\/packaging-journal.de\/wp-content\/uploads\/2026\/01\/PJ-Eigenwerbung-English-03.png 840w, https:\/\/packaging-journal.de\/wp-content\/uploads\/2026\/01\/PJ-Eigenwerbung-English-03-300x75.png 300w, https:\/\/packaging-journal.de\/wp-content\/uploads\/2026\/01\/PJ-Eigenwerbung-English-03-768x192.png 768w, https:\/\/packaging-journal.de\/wp-content\/uploads\/2026\/01\/PJ-Eigenwerbung-English-03-18x5.png 18w, https:\/\/packaging-journal.de\/wp-content\/uploads\/2026\/01\/PJ-Eigenwerbung-English-03-332x83.png 332w, https:\/\/packaging-journal.de\/wp-content\/uploads\/2026\/01\/PJ-Eigenwerbung-English-03-664x166.png 664w, https:\/\/packaging-journal.de\/wp-content\/uploads\/2026\/01\/PJ-Eigenwerbung-English-03-688x172.png 688w\" sizes=\"(max-width: 840px) 100vw, 840px\" width=\"840\" height=\"210\"  style=\" max-width: 100%; height: auto;\" \/><!--\/noptimize--><\/a><\/div><\/div>\t\t\t\t\t\t\t\t<\/div>\n\t\t\t\t<\/div>\n\t\t\t\t<div class=\"elementor-element elementor-element-9e2b2ee exad-sticky-section-no exad-glass-effect-no elementor-widget elementor-widget-heading\" data-id=\"9e2b2ee\" data-element_type=\"widget\" data-e-type=\"widget\" data-widget_type=\"heading.default\">\n\t\t\t\t<div class=\"elementor-widget-container\">\n\t\t\t\t\t<h2 class=\"elementor-heading-title elementor-size-default\">Submissions in four different categories<\/h2>\t\t\t\t<\/div>\n\t\t\t\t<\/div>\n\t\t\t\t<div class=\"elementor-element elementor-element-23e12fd exad-sticky-section-no exad-glass-effect-no elementor-widget elementor-widget-text-editor\" data-id=\"23e12fd\" data-element_type=\"widget\" data-e-type=\"widget\" data-widget_type=\"text-editor.default\">\n\t\t\t\t<div class=\"elementor-widget-container\">\n\t\t\t\t\t\t\t\t\t<ul style=\"list-style-type: disc;\"><li><span style=\"color: var( --e-global-color-text );\"><span style=\"color: var( --e-global-color-text );\"><strong>Creative Cartonboard - Food &amp; Drink Packaging<br \/><\/strong>Food and beverage packaging<\/span><\/span><p>\u00a0<\/p><\/li><li><span style=\"color: var( --e-global-color-text );\"><span style=\"color: var( --e-global-color-text );\"><strong>Creative Cartonboard - General Packaging, excluding Food &amp; Drink<br \/><\/strong>General packaging excluding food and beverage packaging<\/span><\/span><p>\u00a0<\/p><\/li><li><span style=\"color: var( --e-global-color-text );\"><span style=\"color: var( --e-global-color-text );\"><strong>Creative Cartonboard Ideas, non-packaging<\/strong>\u00a0<br \/>Innovative ideas for non-packaging<\/span><\/span><p>\u00a0<\/p><\/li><li><span style=\"color: var( --e-global-color-text );\">\u00a0<strong>Save the Planet<\/strong>\u00a0<br \/>Ideas on how to replace less sustainable materials with cardboard. <\/span><span style=\"color: var( --e-global-color-text );\"><br \/><\/span><\/li><\/ul>\t\t\t\t\t\t\t\t<\/div>\n\t\t\t\t<\/div>\n\t\t\t\t<div class=\"elementor-element elementor-element-2d534a7 exad-sticky-section-no exad-glass-effect-no elementor-widget elementor-widget-text-editor\" data-id=\"2d534a7\" data-element_type=\"widget\" data-e-type=\"widget\" data-widget_type=\"text-editor.default\">\n\t\t\t\t<div class=\"elementor-widget-container\">\n\t\t\t\t\t\t\t\t\t<p><span style=\"color: var( --e-global-color-text );\">A <strong>Newcomer's Award<\/strong> will also be awarded to students from a university that has not yet won. Lecturers are invited to make the Young Designers Award a course project for the academic year and Pro Carton can provide free cartonboard sheets for the students.<\/span><\/p>\t\t\t\t\t\t\t\t<\/div>\n\t\t\t\t<\/div>\n\t\t\t\t<div class=\"elementor-element elementor-element-775d98e exad-sticky-section-no exad-glass-effect-no elementor-widget elementor-widget-image\" data-id=\"775d98e\" data-element_type=\"widget\" data-e-type=\"widget\" data-widget_type=\"image.default\">\n\t\t\t\t<div class=\"elementor-widget-container\">\n\t\t\t\t\t\t\t\t\t\t\t\t<figure class=\"wp-caption\">\n\t\t\t\t\t\t\t\t\t\t<img fetchpriority=\"high\" decoding=\"async\" width=\"800\" height=\"600\" src=\"https:\/\/packaging-journal.de\/wp-content\/uploads\/2021\/04\/young-designer-award-2021.jpg\" class=\"attachment-large size-large wp-image-43608\" alt=\"\" srcset=\"https:\/\/packaging-journal.de\/wp-content\/uploads\/2021\/04\/young-designer-award-2021.jpg 800w, https:\/\/packaging-journal.de\/wp-content\/uploads\/2021\/04\/young-designer-award-2021-300x225.jpg 300w, https:\/\/packaging-journal.de\/wp-content\/uploads\/2021\/04\/young-designer-award-2021-768x576.jpg 768w, https:\/\/packaging-journal.de\/wp-content\/uploads\/2021\/04\/young-designer-award-2021-600x450.jpg 600w\" sizes=\"(max-width: 800px) 100vw, 800px\" \/>\t\t\t\t\t\t\t\t\t\t\t<figcaption class=\"widget-image-caption wp-caption-text\">Winner of the audience award last year: Fulfil<\/figcaption>\n\t\t\t\t\t\t\t\t\t\t<\/figure>\n\t\t\t\t\t\t\t\t\t<\/div>\n\t\t\t\t<\/div>\n\t\t\t\t<div class=\"elementor-element elementor-element-5effd62 exad-sticky-section-no exad-glass-effect-no elementor-widget elementor-widget-heading\" data-id=\"5effd62\" data-element_type=\"widget\" data-e-type=\"widget\" data-widget_type=\"heading.default\">\n\t\t\t\t<div class=\"elementor-widget-container\">\n\t\t\t\t\t<h2 class=\"elementor-heading-title elementor-size-default\">Win an internship and a trip<\/h2>\t\t\t\t<\/div>\n\t\t\t\t<\/div>\n\t\t\t\t<div class=\"elementor-element elementor-element-52f73c3 exad-sticky-section-no exad-glass-effect-no elementor-widget elementor-widget-text-editor\" data-id=\"52f73c3\" data-element_type=\"widget\" data-e-type=\"widget\" data-widget_type=\"text-editor.default\">\n\t\t\t\t<div class=\"elementor-widget-container\">\n\t\t\t\t\t\t\t\t\t<p>The five winning participants win a trip to Austria, where they can not only visit the beautiful city of Vienna, but also visit one of Mayr-Melnhof's mills and complete an internship at Europe's largest cartonboard converter, Mayr-Melnhof Packaging.<\/p><div id=\"packa-2411520684\" class=\"packa-inhalt\"><!--noptimize--><script async src=\"https:\/\/pagead2.googlesyndication.com\/pagead\/js\/adsbygoogle.js?client=ca-pub-2686439340972671\" crossorigin=\"anonymous\"><\/script>\r\n<ins class=\"adsbygoogle\" style=\"display:block;text-align:center\" data-ad-layout=\"in-article\" data-ad-format=\"fluid\" data-ad-client=\"ca-pub-2686439340972671\" data-ad-slot=\"6171251825\"><\/ins>\r\n<script>\r\n     (adsbygoogle = window.adsbygoogle || []).push({});\r\n<\/script><!--\/noptimize--><\/div><p>Last year's winners included Fulfil, an innovative tampon packaging, the \u201eZig Zag Zig\u201c knife carton, a flour box with an integrated sieve, as well as the winner of the \u201eSave the Planet\u201c category, padding inserts made of cardboard that are<i> <\/i>plastic protective materials - such as bubble wrap - for transporting goods, as they replace this material with environmentally friendly cardboard.<\/p>\t\t\t\t\t\t\t\t<\/div>\n\t\t\t\t<\/div>\n\t\t\t\t<div class=\"elementor-element elementor-element-8339235 exad-sticky-section-no exad-glass-effect-no elementor-widget elementor-widget-image\" data-id=\"8339235\" data-element_type=\"widget\" data-e-type=\"widget\" data-widget_type=\"image.default\">\n\t\t\t\t<div class=\"elementor-widget-container\">\n\t\t\t\t\t\t\t\t\t\t\t\t\t\t\t<img decoding=\"async\" width=\"800\" height=\"599\" src=\"https:\/\/packaging-journal.de\/wp-content\/uploads\/2021\/04\/51070831126_8a631559b9_c.jpg\" class=\"attachment-large size-large wp-image-43609\" alt=\"\" srcset=\"https:\/\/packaging-journal.de\/wp-content\/uploads\/2021\/04\/51070831126_8a631559b9_c.jpg 800w, https:\/\/packaging-journal.de\/wp-content\/uploads\/2021\/04\/51070831126_8a631559b9_c-300x225.jpg 300w, https:\/\/packaging-journal.de\/wp-content\/uploads\/2021\/04\/51070831126_8a631559b9_c-768x575.jpg 768w, https:\/\/packaging-journal.de\/wp-content\/uploads\/2021\/04\/51070831126_8a631559b9_c-600x449.jpg 600w\" sizes=\"(max-width: 800px) 100vw, 800px\" \/>\t\t\t\t\t\t\t\t\t\t\t\t\t\t\t<\/div>\n\t\t\t\t<\/div>\n\t\t\t\t<div class=\"elementor-element elementor-element-85d1fb8 exad-sticky-section-no exad-glass-effect-no elementor-widget elementor-widget-text-editor\" data-id=\"85d1fb8\" data-element_type=\"widget\" data-e-type=\"widget\" data-widget_type=\"text-editor.default\">\n\t\t\t\t<div class=\"elementor-widget-container\">\n\t\t\t\t\t\t\t\t\t<p>Participation in the competition is open to all full-time students from all over Europe. All entries must first be submitted online by 21 May 2021 at the latest.<\/p><p>The task description and competition rules are <a href=\"https:\/\/www.procarton.com\/awards\/pro-carton-young-designers-award\/2021\/\" target=\"_blank\" rel=\"noopener\">viewable here<\/a>.<\/p>\t\t\t\t\t\t\t\t<\/div>\n\t\t\t\t<\/div>\n\t\t\t\t<div class=\"elementor-element elementor-element-5bcd390 exad-sticky-section-no exad-glass-effect-no elementor-widget elementor-widget-spacer\" data-id=\"5bcd390\" data-element_type=\"widget\" data-e-type=\"widget\" data-widget_type=\"spacer.default\">\n\t\t\t\t<div class=\"elementor-widget-container\">\n\t\t\t\t\t\t\t<div class=\"elementor-spacer\">\n\t\t\t<div class=\"elementor-spacer-inner\"><\/div>\n\t\t<\/div>\n\t\t\t\t\t\t<\/div>\n\t\t\t\t<\/div>\n\t\t\t\t\t<\/div>\n\t\t<\/div>\n\t\t\t\t\t<\/div>\n\t\t<\/section>\n\t\t\t\t<section data-exad-particle-enable=\"false\" class=\"elementor-section elementor-top-section elementor-element elementor-element-6399969 elementor-section-boxed elementor-section-height-default elementor-section-height-default exad-parallax-effect-no exad-background-color-change-no exad-glass-effect-no exad-sticky-section-no\" data-id=\"6399969\" data-element_type=\"section\" data-e-type=\"section\" data-settings=\"{&quot;background_background&quot;:&quot;classic&quot;}\">\n\t\t\t\t\t\t<div class=\"elementor-container elementor-column-gap-default\">\n\t\t\t\t\t<div class=\"elementor-column elementor-col-100 elementor-top-column elementor-element elementor-element-eff6a7e exad-glass-effect-no exad-sticky-section-no\" data-id=\"eff6a7e\" data-element_type=\"column\" data-e-type=\"column\">\n\t\t\t<div class=\"elementor-widget-wrap elementor-element-populated\">\n\t\t\t\t\t\t<div class=\"elementor-element elementor-element-5a6e342 exad-sticky-section-no exad-glass-effect-no elementor-widget elementor-widget-heading\" data-id=\"5a6e342\" data-element_type=\"widget\" data-e-type=\"widget\" data-widget_type=\"heading.default\">\n\t\t\t\t<div class=\"elementor-widget-container\">\n\t\t\t\t\t<h2 class=\"elementor-heading-title elementor-size-default\">Pro Carton - More news<\/h2>\t\t\t\t<\/div>\n\t\t\t\t<\/div>\n\t\t\t\t<div class=\"elementor-element elementor-element-7ec943c elementor-grid-2 elementor-grid-tablet-2 elementor-grid-mobile-1 elementor-posts--thumbnail-top elementor-posts__hover-gradient exad-sticky-section-no exad-glass-effect-no elementor-widget elementor-widget-posts\" data-id=\"7ec943c\" data-element_type=\"widget\" data-e-type=\"widget\" data-settings=\"{&quot;cards_row_gap&quot;:{&quot;unit&quot;:&quot;px&quot;,&quot;size&quot;:38,&quot;sizes&quot;:[]},&quot;cards_columns&quot;:&quot;2&quot;,&quot;cards_columns_tablet&quot;:&quot;2&quot;,&quot;cards_columns_mobile&quot;:&quot;1&quot;,&quot;cards_row_gap_tablet&quot;:{&quot;unit&quot;:&quot;px&quot;,&quot;size&quot;:&quot;&quot;,&quot;sizes&quot;:[]},&quot;cards_row_gap_mobile&quot;:{&quot;unit&quot;:&quot;px&quot;,&quot;size&quot;:&quot;&quot;,&quot;sizes&quot;:[]}}\" data-widget_type=\"posts.cards\">\n\t\t\t\t<div class=\"elementor-widget-container\">\n\t\t\t\t\t\t\t<div class=\"elementor-posts-container elementor-posts elementor-posts--skin-cards elementor-grid\" role=\"list\">\n\t\t\t\t<article class=\"elementor-post elementor-grid-item post-105038 post type-post status-publish format-standard has-post-thumbnail category-packmittel-und-packstoffe tag-packmittel-und-packstoffe tag-papier-pappe-karton tag-praemiert tag-pro-carton cs-entry cs-video-wrap\" role=\"listitem\">\n\t\t\t<div class=\"elementor-post__card\">\n\t\t\t\t<a class=\"elementor-post__thumbnail__link\" href=\"https:\/\/packaging-journal.de\/en\/abstimmen-fuer-die-kartoninnovationen-2025\/\" tabindex=\"-1\"><div class=\"elementor-post__thumbnail\"><img decoding=\"async\" width=\"300\" height=\"163\" src=\"https:\/\/packaging-journal.de\/wp-content\/uploads\/2025\/07\/pro-carton-awards-2025-300x163.jpg\" class=\"attachment-medium size-medium wp-image-105039\" alt=\"\" srcset=\"https:\/\/packaging-journal.de\/wp-content\/uploads\/2025\/07\/pro-carton-awards-2025-300x163.jpg 300w, https:\/\/packaging-journal.de\/wp-content\/uploads\/2025\/07\/pro-carton-awards-2025-1024x555.jpg 1024w, https:\/\/packaging-journal.de\/wp-content\/uploads\/2025\/07\/pro-carton-awards-2025-768x416.jpg 768w, https:\/\/packaging-journal.de\/wp-content\/uploads\/2025\/07\/pro-carton-awards-2025-18x10.jpg 18w, https:\/\/packaging-journal.de\/wp-content\/uploads\/2025\/07\/pro-carton-awards-2025.jpg 1200w\" sizes=\"(max-width: 300px) 100vw, 300px\" \/><\/div><\/a>\n\t\t\t\t<div class=\"elementor-post__text\">\n\t\t\t\t<h3 class=\"elementor-post__title\">\n\t\t\t<a href=\"https:\/\/packaging-journal.de\/en\/abstimmen-fuer-die-kartoninnovationen-2025\/\">\n\t\t\t\tVote now for the cartonboard innovations of the year\t\t\t<\/a>\n\t\t<\/h3>\n\t\t\t\t<div class=\"elementor-post__excerpt\">\n\t\t\tPublic voting 2025 for the European Carton Excellence Award, Pro Carton Young Designers Award and Pro Carton Student Video Award competitions is now open.\t\t<\/div>\n\t\t\n\t\t<a class=\"elementor-post__read-more\" href=\"https:\/\/packaging-journal.de\/en\/abstimmen-fuer-die-kartoninnovationen-2025\/\" aria-label=\"Read more about Vote now for the cartonboard innovations of the year\" tabindex=\"-1\">\n\t\t\tRead more \"\t\t<\/a>\n\n\t\t\t\t<\/div>\n\t\t\t\t\t<\/div>\n\t\t<\/article>\n\t\t\t\t<article class=\"elementor-post elementor-grid-item post-103313 post type-post status-publish format-standard has-post-thumbnail category-packmittel-und-packstoffe tag-nachhaltigkeit-und-green-packaging tag-packmittel-und-packstoffe tag-papier-pappe-karton tag-pj_home tag-pro-carton cs-entry cs-video-wrap\" role=\"listitem\">\n\t\t\t<div class=\"elementor-post__card\">\n\t\t\t\t<a class=\"elementor-post__thumbnail__link\" href=\"https:\/\/packaging-journal.de\/en\/bei-welchen-verpackungen-verbraucher-die-marke-wechseln\/\" tabindex=\"-1\"><div class=\"elementor-post__thumbnail\"><img loading=\"lazy\" decoding=\"async\" width=\"300\" height=\"170\" src=\"https:\/\/packaging-journal.de\/wp-content\/uploads\/2025\/06\/Verbraucher-suchen-Verpackung-300x170.jpg\" class=\"attachment-medium size-medium wp-image-103316\" alt=\"\" srcset=\"https:\/\/packaging-journal.de\/wp-content\/uploads\/2025\/06\/Verbraucher-suchen-Verpackung-300x170.jpg 300w, https:\/\/packaging-journal.de\/wp-content\/uploads\/2025\/06\/Verbraucher-suchen-Verpackung-1024x579.jpg 1024w, https:\/\/packaging-journal.de\/wp-content\/uploads\/2025\/06\/Verbraucher-suchen-Verpackung-768x434.jpg 768w, https:\/\/packaging-journal.de\/wp-content\/uploads\/2025\/06\/Verbraucher-suchen-Verpackung-813x457.jpg 813w, https:\/\/packaging-journal.de\/wp-content\/uploads\/2025\/06\/Verbraucher-suchen-Verpackung-180x101.jpg 180w, https:\/\/packaging-journal.de\/wp-content\/uploads\/2025\/06\/Verbraucher-suchen-Verpackung-260x146.jpg 260w, https:\/\/packaging-journal.de\/wp-content\/uploads\/2025\/06\/Verbraucher-suchen-Verpackung-373x210.jpg 373w, https:\/\/packaging-journal.de\/wp-content\/uploads\/2025\/06\/Verbraucher-suchen-Verpackung-120x67.jpg 120w, https:\/\/packaging-journal.de\/wp-content\/uploads\/2025\/06\/Verbraucher-suchen-Verpackung-1320x746.jpg 1320w, https:\/\/packaging-journal.de\/wp-content\/uploads\/2025\/06\/Verbraucher-suchen-Verpackung.jpg 1472w\" sizes=\"(max-width: 300px) 100vw, 300px\" \/><\/div><\/a>\n\t\t\t\t<div class=\"elementor-post__text\">\n\t\t\t\t<h3 class=\"elementor-post__title\">\n\t\t\t<a href=\"https:\/\/packaging-journal.de\/en\/bei-welchen-verpackungen-verbraucher-die-marke-wechseln\/\">\n\t\t\t\tWhich packaging consumers switch brands for\t\t\t<\/a>\n\t\t<\/h3>\n\t\t\t\t<div class=\"elementor-post__excerpt\">\n\t\t\tAccording to a recent survey commissioned by Pro Carton, non-recyclable or oversized packaging is a reason for many Germans to turn away from a brand. The trend towards sustainable consumption is clearly evident.\t\t<\/div>\n\t\t\n\t\t<a class=\"elementor-post__read-more\" href=\"https:\/\/packaging-journal.de\/en\/bei-welchen-verpackungen-verbraucher-die-marke-wechseln\/\" aria-label=\"Read more about Which packaging consumers switch brands for\" tabindex=\"-1\">\n\t\t\tRead more \"\t\t<\/a>\n\n\t\t\t\t<\/div>\n\t\t\t\t\t<\/div>\n\t\t<\/article>\n\t\t\t\t<article class=\"elementor-post elementor-grid-item post-99973 post type-post status-publish format-standard has-post-thumbnail category-maerkte tag-abfalltechnik-und-recycling tag-kunststoff tag-nachhaltigkeit-und-green-packaging tag-papier-pappe-karton tag-pj_home tag-pj_schweiz tag-pro-carton tag-umweltbundesamt tag-zsvr cs-entry cs-video-wrap\" role=\"listitem\">\n\t\t\t<div class=\"elementor-post__card\">\n\t\t\t\t<a class=\"elementor-post__thumbnail__link\" href=\"https:\/\/packaging-journal.de\/en\/welt-recycling-tag-2025\/\" tabindex=\"-1\"><div class=\"elementor-post__thumbnail\"><img loading=\"lazy\" decoding=\"async\" width=\"300\" height=\"170\" src=\"https:\/\/packaging-journal.de\/wp-content\/uploads\/2025\/03\/Design-ohne-Titel-300x170.jpg\" class=\"attachment-medium size-medium wp-image-99974\" alt=\"\" srcset=\"https:\/\/packaging-journal.de\/wp-content\/uploads\/2025\/03\/Design-ohne-Titel-300x170.jpg 300w, https:\/\/packaging-journal.de\/wp-content\/uploads\/2025\/03\/Design-ohne-Titel-1024x579.jpg 1024w, https:\/\/packaging-journal.de\/wp-content\/uploads\/2025\/03\/Design-ohne-Titel-768x434.jpg 768w, https:\/\/packaging-journal.de\/wp-content\/uploads\/2025\/03\/Design-ohne-Titel-813x457.jpg 813w, https:\/\/packaging-journal.de\/wp-content\/uploads\/2025\/03\/Design-ohne-Titel-180x101.jpg 180w, https:\/\/packaging-journal.de\/wp-content\/uploads\/2025\/03\/Design-ohne-Titel-260x146.jpg 260w, https:\/\/packaging-journal.de\/wp-content\/uploads\/2025\/03\/Design-ohne-Titel-373x210.jpg 373w, https:\/\/packaging-journal.de\/wp-content\/uploads\/2025\/03\/Design-ohne-Titel-120x67.jpg 120w, https:\/\/packaging-journal.de\/wp-content\/uploads\/2025\/03\/Design-ohne-Titel-1320x746.jpg 1320w, https:\/\/packaging-journal.de\/wp-content\/uploads\/2025\/03\/Design-ohne-Titel.jpg 1472w\" sizes=\"(max-width: 300px) 100vw, 300px\" \/><\/div><\/a>\n\t\t\t\t<div class=\"elementor-post__text\">\n\t\t\t\t<h3 class=\"elementor-post__title\">\n\t\t\t<a href=\"https:\/\/packaging-journal.de\/en\/welt-recycling-tag-2025\/\">\n\t\t\t\tWorld Recycling Day 2025: Progress and challenges in packaging recycling\t\t\t<\/a>\n\t\t<\/h3>\n\t\t\t\t<div class=\"elementor-post__excerpt\">\n\t\t\tOn World Recycling Day 2025, the focus will be on increasing recycling rates and challenges in packaging recycling. While cardboard packaging achieves high recycling rates, the correct separation of waste remains essential for a functioning circular economy.\t\t<\/div>\n\t\t\n\t\t<a class=\"elementor-post__read-more\" href=\"https:\/\/packaging-journal.de\/en\/welt-recycling-tag-2025\/\" aria-label=\"Read more about World Recycling Day 2025: Progress and challenges in packaging recycling\" tabindex=\"-1\">\n\t\t\tRead more \"\t\t<\/a>\n\n\t\t\t\t<\/div>\n\t\t\t\t\t<\/div>\n\t\t<\/article>\n\t\t\t\t<article class=\"elementor-post elementor-grid-item post-99518 post type-post status-publish format-standard has-post-thumbnail category-maerkte tag-nachhaltigkeit-und-green-packaging tag-packmittel-und-packstoffe tag-papier-pappe-karton tag-pro-carton cs-entry cs-video-wrap\" role=\"listitem\">\n\t\t\t<div class=\"elementor-post__card\">\n\t\t\t\t<a class=\"elementor-post__thumbnail__link\" href=\"https:\/\/packaging-journal.de\/en\/pro-carton-umfrage-bewertung-von-verpackung\/\" tabindex=\"-1\"><div class=\"elementor-post__thumbnail\"><img loading=\"lazy\" decoding=\"async\" width=\"300\" height=\"200\" src=\"https:\/\/packaging-journal.de\/wp-content\/uploads\/2025\/03\/shutterstock_2392468303-Nikita-Burdenkov-300x200.jpg\" class=\"attachment-medium size-medium wp-image-99528\" alt=\"\" srcset=\"https:\/\/packaging-journal.de\/wp-content\/uploads\/2025\/03\/shutterstock_2392468303-Nikita-Burdenkov-300x200.jpg 300w, https:\/\/packaging-journal.de\/wp-content\/uploads\/2025\/03\/shutterstock_2392468303-Nikita-Burdenkov-768x511.jpg 768w, https:\/\/packaging-journal.de\/wp-content\/uploads\/2025\/03\/shutterstock_2392468303-Nikita-Burdenkov.jpg 1000w\" sizes=\"(max-width: 300px) 100vw, 300px\" \/><\/div><\/a>\n\t\t\t\t<div class=\"elementor-post__text\">\n\t\t\t\t<h3 class=\"elementor-post__title\">\n\t\t\t<a href=\"https:\/\/packaging-journal.de\/en\/pro-carton-umfrage-bewertung-von-verpackung\/\">\n\t\t\t\tPro Carton survey: How packaging is currently perceived\t\t\t<\/a>\n\t\t<\/h3>\n\t\t\t\t<div class=\"elementor-post__excerpt\">\n\t\t\tA new survey by Pro Carton has analysed current attitudes towards sustainability, packaging preferences and the role of companies in tackling environmental challenges. We spoke to Winfried M\u00fchling from Pro Carton about the results.\t\t<\/div>\n\t\t\n\t\t<a class=\"elementor-post__read-more\" href=\"https:\/\/packaging-journal.de\/en\/pro-carton-umfrage-bewertung-von-verpackung\/\" aria-label=\"Read more about Pro Carton survey: This is how packaging is currently perceived\" tabindex=\"-1\">\n\t\t\tRead more \"\t\t<\/a>\n\n\t\t\t\t<\/div>\n\t\t\t\t\t<\/div>\n\t\t<\/article>\n\t\t\t\t<article class=\"elementor-post elementor-grid-item post-98685 post type-post status-publish format-standard has-post-thumbnail category-packmittel-und-packstoffe tag-packmittel-und-packstoffe tag-papier-pappe-karton tag-preisverleihung tag-pro-carton tag-wettbewerb cs-entry cs-video-wrap\" role=\"listitem\">\n\t\t\t<div class=\"elementor-post__card\">\n\t\t\t\t<a class=\"elementor-post__thumbnail__link\" href=\"https:\/\/packaging-journal.de\/en\/european-carton-excellence-award-2025-einreichungen-ab-sofort-moeglich\/\" tabindex=\"-1\"><div class=\"elementor-post__thumbnail\"><img loading=\"lazy\" decoding=\"async\" width=\"300\" height=\"163\" src=\"https:\/\/packaging-journal.de\/wp-content\/uploads\/2025\/01\/ECEA-2025-300x163.jpg\" class=\"attachment-medium size-medium wp-image-98686\" alt=\"\" srcset=\"https:\/\/packaging-journal.de\/wp-content\/uploads\/2025\/01\/ECEA-2025-300x163.jpg 300w, https:\/\/packaging-journal.de\/wp-content\/uploads\/2025\/01\/ECEA-2025-1024x555.jpg 1024w, https:\/\/packaging-journal.de\/wp-content\/uploads\/2025\/01\/ECEA-2025-768x416.jpg 768w, https:\/\/packaging-journal.de\/wp-content\/uploads\/2025\/01\/ECEA-2025.jpg 1200w\" sizes=\"(max-width: 300px) 100vw, 300px\" \/><\/div><\/a>\n\t\t\t\t<div class=\"elementor-post__text\">\n\t\t\t\t<h3 class=\"elementor-post__title\">\n\t\t\t<a href=\"https:\/\/packaging-journal.de\/en\/european-carton-excellence-award-2025-einreichungen-ab-sofort-moeglich\/\">\n\t\t\t\tEuropean Carton Excellence Award 2025: submissions now possible\t\t\t<\/a>\n\t\t<\/h3>\n\t\t\t\t<div class=\"elementor-post__excerpt\">\n\t\t\tThe European Carton Excellence Award 2025 starts the application phase. Companies in the cartonboard packaging industry have until 16 May 2025 to submit their innovative designs.\t\t<\/div>\n\t\t\n\t\t<a class=\"elementor-post__read-more\" href=\"https:\/\/packaging-journal.de\/en\/european-carton-excellence-award-2025-einreichungen-ab-sofort-moeglich\/\" aria-label=\"Read more about European Carton Excellence Award 2025: submissions now open\" tabindex=\"-1\">\n\t\t\tRead more \"\t\t<\/a>\n\n\t\t\t\t<\/div>\n\t\t\t\t\t<\/div>\n\t\t<\/article>\n\t\t\t\t<article class=\"elementor-post elementor-grid-item post-96031 post type-post status-publish format-standard has-post-thumbnail category-packmittel-und-packstoffe tag-packmittel-und-packstoffe tag-papier-pappe-karton tag-praemiert tag-preisverleihung tag-pro-carton cs-entry cs-video-wrap\" role=\"listitem\">\n\t\t\t<div class=\"elementor-post__card\">\n\t\t\t\t<a class=\"elementor-post__thumbnail__link\" href=\"https:\/\/packaging-journal.de\/en\/die-besten-kartonverpackungen-2024\/\" tabindex=\"-1\"><div class=\"elementor-post__thumbnail\"><img loading=\"lazy\" decoding=\"async\" width=\"300\" height=\"150\" src=\"https:\/\/packaging-journal.de\/wp-content\/uploads\/2024\/10\/Gewinner-european-carton-excellence-award-2024-300x150.jpg\" class=\"attachment-medium size-medium wp-image-96033\" alt=\"\" srcset=\"https:\/\/packaging-journal.de\/wp-content\/uploads\/2024\/10\/Gewinner-european-carton-excellence-award-2024-300x150.jpg 300w, https:\/\/packaging-journal.de\/wp-content\/uploads\/2024\/10\/Gewinner-european-carton-excellence-award-2024-1024x512.jpg 1024w, https:\/\/packaging-journal.de\/wp-content\/uploads\/2024\/10\/Gewinner-european-carton-excellence-award-2024-768x384.jpg 768w, https:\/\/packaging-journal.de\/wp-content\/uploads\/2024\/10\/Gewinner-european-carton-excellence-award-2024.jpg 1200w\" sizes=\"(max-width: 300px) 100vw, 300px\" \/><\/div><\/a>\n\t\t\t\t<div class=\"elementor-post__text\">\n\t\t\t\t<h3 class=\"elementor-post__title\">\n\t\t\t<a href=\"https:\/\/packaging-journal.de\/en\/die-besten-kartonverpackungen-2024\/\">\n\t\t\t\tThe best cardboard packaging 2024\t\t\t<\/a>\n\t\t<\/h3>\n\t\t\t\t<div class=\"elementor-post__excerpt\">\n\t\t\tPro Carton has now honoured the best cartonboard packaging on the market with this year's European Carton Excellence Award in Berlin.\t\t<\/div>\n\t\t\n\t\t<a class=\"elementor-post__read-more\" href=\"https:\/\/packaging-journal.de\/en\/die-besten-kartonverpackungen-2024\/\" aria-label=\"Read more about The best cardboard packaging 2024\" tabindex=\"-1\">\n\t\t\tRead more \"\t\t<\/a>\n\n\t\t\t\t<\/div>\n\t\t\t\t\t<\/div>\n\t\t<\/article>\n\t\t\t\t<\/div>\n\t\t\n\t\t\t\t\t\t<\/div>\n\t\t\t\t<\/div>\n\t\t\t\t\t<\/div>\n\t\t<\/div>\n\t\t\t\t\t<\/div>\n\t\t<\/section>\n\t\t\t\t<\/div>","protected":false},"excerpt":{"rendered":"Once again this year, the Pro Carton Young Designers Award will honour ideas and solutions that come from young designers. Entries can be submitted as of now.","protected":false},"author":7,"featured_media":43615,"comment_status":"closed","ping_status":"closed","sticky":false,"template":"","format":"standard","meta":{"_acf_changed":false,"__cvm_playback_settings":[],"__cvm_video_id":"","rank_math_description":"Auch in diesem Jahr werden mit dem Pro Carton Young Designers Award L\u00f6sungen ausgezeichnet, die vom Nachwuchs kommen. Ab sofort k\u00f6nnen Beitr\u00e4ge eingereicht werden. ","rank_math_focus_keyword":"pro carton young designers award","rank_math_title":"","csco_display_header_overlay":false,"csco_singular_sidebar":"","csco_page_header_type":"","csco_page_load_nextpost":"","csco_post_video_location":[],"csco_post_video_location_hash":"","csco_post_video_url":"","csco_post_video_bg_start_time":0,"csco_post_video_bg_end_time":0,"footnotes":"","_links_to":"","_links_to_target":""},"categories":[23],"tags":[46,1487,58795,58802],"class_list":{"0":"post-43606","1":"post","2":"type-post","3":"status-publish","4":"format-standard","5":"has-post-thumbnail","7":"category-marketing-und-design","8":"tag-marketing-und-design","9":"tag-papier-pappe-karton","10":"tag-preisverleihung","11":"tag-pro-carton","12":"cs-entry","13":"cs-video-wrap"},"acf":[],"vimeo_video":null,"_links":{"self":[{"href":"https:\/\/packaging-journal.de\/en\/wp-json\/wp\/v2\/posts\/43606","targetHints":{"allow":["GET"]}}],"collection":[{"href":"https:\/\/packaging-journal.de\/en\/wp-json\/wp\/v2\/posts"}],"about":[{"href":"https:\/\/packaging-journal.de\/en\/wp-json\/wp\/v2\/types\/post"}],"author":[{"embeddable":true,"href":"https:\/\/packaging-journal.de\/en\/wp-json\/wp\/v2\/users\/7"}],"replies":[{"embeddable":true,"href":"https:\/\/packaging-journal.de\/en\/wp-json\/wp\/v2\/comments?post=43606"}],"version-history":[{"count":0,"href":"https:\/\/packaging-journal.de\/en\/wp-json\/wp\/v2\/posts\/43606\/revisions"}],"wp:featuredmedia":[{"embeddable":true,"href":"https:\/\/packaging-journal.de\/en\/wp-json\/wp\/v2\/media\/43615"}],"wp:attachment":[{"href":"https:\/\/packaging-journal.de\/en\/wp-json\/wp\/v2\/media?parent=43606"}],"wp:term":[{"taxonomy":"category","embeddable":true,"href":"https:\/\/packaging-journal.de\/en\/wp-json\/wp\/v2\/categories?post=43606"},{"taxonomy":"post_tag","embeddable":true,"href":"https:\/\/packaging-journal.de\/en\/wp-json\/wp\/v2\/tags?post=43606"}],"curies":[{"name":"wp","href":"https:\/\/api.w.org\/{rel}","templated":true}]}}