{"id":43875,"date":"2021-04-13T15:41:45","date_gmt":"2021-04-13T13:41:45","guid":{"rendered":"https:\/\/packaging-journal.de\/?p=43875"},"modified":"2021-04-19T11:20:29","modified_gmt":"2021-04-19T09:20:29","slug":"furnace-for-the-future-community-project","status":"publish","type":"post","link":"https:\/\/packaging-journal.de\/en\/furnace-for-the-future-gemeinschaftsprojekt\/","title":{"rendered":"Furnace for the Future: Project for climate-neutral glass production"},"content":{"rendered":"<p><strong>Das Ziel des europ\u00e4ischen Gemeinschaftsprojekt Furnace for the Future (F4F) ist eine klimaneutrale Produktion von Glas. Geplant ist der Bau einer Hybrid-Elektro-Schmelzwanne, die\u00a0 jede beliebige Glasfarbe produzieren und einen hohen Anteil an Recycling-Glas verwenden kann.\u00a0<\/strong><\/p>\n<p>Gerresheimer ist eines der insgesamt 19 Unternehmen, die am Gemeinschaftsprojekt <strong>Furnace for the Future (F4F) <\/strong>beteiligt sind. In Zusammenarbeit mit der Ardagh Group will Gerresheimer nun die Entwicklung, die Finanzierung und den Betrieb einer <strong>Hybrid-Elektro-Schmelzwanne<\/strong> vorantreiben. Im industriellen Ma\u00dfstab soll daf\u00fcr im deutschen Obernkirchen eine Schmelzwanne f\u00fcr die kommerzielle Herstellung von Glasbeh\u00e4ltern aus erneuerbarem Strom entstehen. Bewertet werden sowohl technische als auch marktspezifische Kriterien f\u00fcr das Schmelzen von Glas zur Herstellung von Glasverpackungen in gro\u00dfem Ma\u00dfstab.\u00a0Das Demonstrationsobjekt soll im Jahr 2022 gebaut werden. Erste Ergebnisse werden f\u00fcr 2023 erwartet.<\/p>\n<blockquote><p>\u201eWir beteiligen uns gerne an diesem Gemeinschaftsprojekt, von dem sicherlich die <strong>ganze Glasbranche<\/strong> profitieren wird. Als Produzent von Spezialgl\u00e4sern besitzen wir eine gro\u00dfe Erfahrung im Einsatz von elektrischer Energie im <strong>Glasschmelzprozess<\/strong> und wir w\u00fcrden uns freuen, diese einbringen zu k\u00f6nnen.\u201c <strong>Andreas Kohl<\/strong>, Global Senior Vice President Operations Technics &amp; Quality Moulded Glass bei Gerresheimer<\/p><\/blockquote>\n<p>Die Glasindustrie arbeitet bereits in wenigen ihrer 150 Herstellungsanlagen in ganz Europa mit Elektrowannen, die jedoch nur in kleinem Ma\u00dfstab und ausschlie\u00dflich zur Herstellung von Spezialglas verwendet werden. Mit der neuen Technologie soll es m\u00f6glich werden, Elektro-Schmelzwannen mit mehr als 300 Tonnen Kapazit\u00e4t pro Tag zu betreiben, die <strong>jede beliebige Glasfarbe<\/strong> produzieren und einen <strong>hohen Anteil an Recycling-Glas<\/strong> verwenden k\u00f6nnen.\u00a0Die Verwendung von recyceltem Glas kann zur Reduzierung der CO2-Emissionen beitragen, da weniger Energie f\u00fcr dessen Einschmelzung gebraucht wird.<\/p><div class=\"packa-in-post-alle\" style=\"text-align: center;\" id=\"packa-688169999\"><div id=\"packa-2678873133\"><a data-no-instant=\"1\" href=\"https:\/\/packaging-journal.de\/en\/newsletter\/\" rel=\"noopener\" class=\"a2t-link\" target=\"_blank\" aria-label=\"PJ Eigenwerbung English 03\"><!--noptimize--><img src=\"https:\/\/packaging-journal.de\/wp-content\/uploads\/2026\/01\/PJ-Eigenwerbung-English-03.png\" alt=\"\"  srcset=\"https:\/\/packaging-journal.de\/wp-content\/uploads\/2026\/01\/PJ-Eigenwerbung-English-03.png 840w, https:\/\/packaging-journal.de\/wp-content\/uploads\/2026\/01\/PJ-Eigenwerbung-English-03-300x75.png 300w, https:\/\/packaging-journal.de\/wp-content\/uploads\/2026\/01\/PJ-Eigenwerbung-English-03-768x192.png 768w, https:\/\/packaging-journal.de\/wp-content\/uploads\/2026\/01\/PJ-Eigenwerbung-English-03-18x5.png 18w, https:\/\/packaging-journal.de\/wp-content\/uploads\/2026\/01\/PJ-Eigenwerbung-English-03-332x83.png 332w, https:\/\/packaging-journal.de\/wp-content\/uploads\/2026\/01\/PJ-Eigenwerbung-English-03-664x166.png 664w, https:\/\/packaging-journal.de\/wp-content\/uploads\/2026\/01\/PJ-Eigenwerbung-English-03-688x172.png 688w\" sizes=\"(max-width: 840px) 100vw, 840px\" width=\"840\" height=\"210\"  style=\" max-width: 100%; height: auto;\" \/><!--\/noptimize--><\/a><\/div><\/div>\n<h2>Projekt Furnace for the Future<\/h2>\n<p>Die am Projekt <a href=\"https:\/\/feve.org\/about-glass\/furnace-for-the-future\/\" target=\"_blank\" rel=\"noopener\" data-schema-attribute=\"\">\u201eFurnace of the Future\u201c<\/a> teilnehmenden Unternehmen produzieren insgesamt mehr als<strong> 90 Prozent der Glasbeh\u00e4lter<\/strong> in der Europ\u00e4ischen Union, was mehr als 80 Milliarden Beh\u00e4ltern entspricht. Inzwischen geh\u00f6rt das Projekt F4F (Furnace for the Future) zu den Top-70-Projekten, die sich in der zweiten Stufe um eine Unterst\u00fctzung aus dem ETS-Innovationsfonds der Europ\u00e4ischen Union bewerben, einem der weltweit gr\u00f6\u00dften Finanzierungsprogramme zur F\u00f6rderung und Demonstration innovativer kohlenstoffarmer Technologien.<\/p>\n[infotext icon]Gerresheimer verarbeitet <strong>PCR-Glas<\/strong> bereits an einigen Produktionsstandorten. PCR steht f\u00fcr Post-Consumer-Recycling, womit der Einsatz von Altglas aus Haushalt und Gewerbe gemeint ist. Die Verwendung von PCR-Glas tr\u00e4gt dazu bei, nat\u00fcrliche Ressourcen zu schonen, denn neues Glas wird aus Quarzsand, Natriumcarbonat, Calciumoxid, Dolomit, Feldspat, Kali und Eisenoxid zum F\u00e4rben hergestellt. [\/infotext]\n<p><em>Quelle<\/em>: Gerresheimer<\/p><div id=\"packa-465614619\" class=\"packa-inhalt\"><!--noptimize--><script async src=\"https:\/\/pagead2.googlesyndication.com\/pagead\/js\/adsbygoogle.js?client=ca-pub-2686439340972671\" crossorigin=\"anonymous\"><\/script>\r\n<ins class=\"adsbygoogle\" style=\"display:block;text-align:center\" data-ad-layout=\"in-article\" data-ad-format=\"fluid\" data-ad-client=\"ca-pub-2686439340972671\" data-ad-slot=\"6171251825\"><\/ins>\r\n<script>\r\n     (adsbygoogle = window.adsbygoogle || []).push({});\r\n<\/script><!--\/noptimize--><\/div>\n<p>&nbsp;<\/p>\n<p>&nbsp;<\/p>\n","protected":false},"excerpt":{"rendered":"The aim of the joint Furnace for the Future (F4F) project is to achieve climate-neutral glass production. The plan is to build a hybrid electric furnace that can produce any colour of glass and use a high proportion of recycled glass.\u00a0","protected":false},"author":1,"featured_media":43876,"comment_status":"closed","ping_status":"closed","sticky":false,"template":"","format":"standard","meta":{"_acf_changed":false,"__cvm_playback_settings":[],"__cvm_video_id":"","rank_math_description":"Das Ziel des Gemeinschaftsprojekt Furnace for the Future (F4F) ist eine klimaneutrale Produktion von Glas. Geplant ist der Bau einer Hybrid-Elektro-Schmelzwanne, die jede beliebige Glasfarbe produzieren und einen hohen Anteil an Recycling-Glas verwenden kann.\u00a0","rank_math_focus_keyword":"Furnace for the Future","rank_math_title":"Furnace for the Future: klimaneutrale Glasproduktion","csco_display_header_overlay":false,"csco_singular_sidebar":"","csco_page_header_type":"","csco_page_load_nextpost":"","csco_post_video_location":[],"csco_post_video_location_hash":"","csco_post_video_url":"","csco_post_video_bg_start_time":0,"csco_post_video_bg_end_time":0,"footnotes":"","_links_to":"","_links_to_target":""},"categories":[22],"tags":[58867,58829,62,31,32],"class_list":{"0":"post-43875","1":"post","2":"type-post","3":"status-publish","4":"format-standard","5":"has-post-thumbnail","7":"category-packmittel-und-packstoffe","8":"tag-ardagh","9":"tag-gerresheimer","10":"tag-glas","11":"tag-nachhaltigkeit-und-green-packaging","12":"tag-packmittel-und-packstoffe","13":"cs-entry","14":"cs-video-wrap"},"acf":[],"vimeo_video":null,"_links":{"self":[{"href":"https:\/\/packaging-journal.de\/en\/wp-json\/wp\/v2\/posts\/43875","targetHints":{"allow":["GET"]}}],"collection":[{"href":"https:\/\/packaging-journal.de\/en\/wp-json\/wp\/v2\/posts"}],"about":[{"href":"https:\/\/packaging-journal.de\/en\/wp-json\/wp\/v2\/types\/post"}],"author":[{"embeddable":true,"href":"https:\/\/packaging-journal.de\/en\/wp-json\/wp\/v2\/users\/1"}],"replies":[{"embeddable":true,"href":"https:\/\/packaging-journal.de\/en\/wp-json\/wp\/v2\/comments?post=43875"}],"version-history":[{"count":0,"href":"https:\/\/packaging-journal.de\/en\/wp-json\/wp\/v2\/posts\/43875\/revisions"}],"wp:featuredmedia":[{"embeddable":true,"href":"https:\/\/packaging-journal.de\/en\/wp-json\/wp\/v2\/media\/43876"}],"wp:attachment":[{"href":"https:\/\/packaging-journal.de\/en\/wp-json\/wp\/v2\/media?parent=43875"}],"wp:term":[{"taxonomy":"category","embeddable":true,"href":"https:\/\/packaging-journal.de\/en\/wp-json\/wp\/v2\/categories?post=43875"},{"taxonomy":"post_tag","embeddable":true,"href":"https:\/\/packaging-journal.de\/en\/wp-json\/wp\/v2\/tags?post=43875"}],"curies":[{"name":"wp","href":"https:\/\/api.w.org\/{rel}","templated":true}]}}