{"id":43922,"date":"2021-04-15T15:05:05","date_gmt":"2021-04-15T13:05:05","guid":{"rendered":"https:\/\/packaging-journal.de\/?p=43922"},"modified":"2021-04-15T13:36:47","modified_gmt":"2021-04-15T11:36:47","slug":"printcity-allianz-shows-better-human-samples","status":"publish","type":"post","link":"https:\/\/packaging-journal.de\/en\/printcity-allianz-zeigt-better-human-muster\/","title":{"rendered":"PrintCity Alliance shows Better Human Packaging"},"content":{"rendered":"<p>Die PrintCity Allianz stellt drei neue Monomaterialverpackungen aus Karton aus dem <em>Better Human<\/em> Projekt vor. Die Muster werden erstmals in den Websessions der Allianz bei der virtuellen Drupa gezeigt.<\/p>\n<p>Die neuen Muster f\u00fchren den Ansatz weiter, hochwertige Verpackungen mit den wachsenden Anspr\u00fcchen an Umweltschutz und Nachhaltigkeit zu vereinbaren. Dabei kommen neue Veredelungen sowie mit <strong>UV und LED-UV<\/strong> neue Produktionstechnologien zum Einsatz.<\/p>\n<p>Ausgangspunkt ist wiederum die Konstruktion aus einem einzigen Material aus nachwachsenden Rohstoffen und damit der Verzicht auf Verbundstoffe. Als <strong>Ersatz f\u00fcr das sonst \u00fcbliche Sichtfenster<\/strong> wird das beworbene Produkt auf der Verpackung in das Zentrum des Designs gestellt. Produziert wurde eine zweite, blaue Variante der Ohrh\u00f6rer <em>Ear[th]buds<\/em> und zwei Versionen eines Einmal-Rasierers <em>S[h]aver<\/em>.<\/p><div class=\"packa-in-post-alle\" style=\"text-align: center;\" id=\"packa-1202203960\"><div id=\"packa-396339736\"><a data-no-instant=\"1\" href=\"https:\/\/packaging-journal.de\/en\/newsletter\/\" rel=\"noopener\" class=\"a2t-link\" target=\"_blank\" aria-label=\"PJ Eigenwerbung English 03\"><!--noptimize--><img src=\"https:\/\/packaging-journal.de\/wp-content\/uploads\/2026\/01\/PJ-Eigenwerbung-English-03.png\" alt=\"\"  srcset=\"https:\/\/packaging-journal.de\/wp-content\/uploads\/2026\/01\/PJ-Eigenwerbung-English-03.png 840w, https:\/\/packaging-journal.de\/wp-content\/uploads\/2026\/01\/PJ-Eigenwerbung-English-03-300x75.png 300w, https:\/\/packaging-journal.de\/wp-content\/uploads\/2026\/01\/PJ-Eigenwerbung-English-03-768x192.png 768w, https:\/\/packaging-journal.de\/wp-content\/uploads\/2026\/01\/PJ-Eigenwerbung-English-03-18x5.png 18w, https:\/\/packaging-journal.de\/wp-content\/uploads\/2026\/01\/PJ-Eigenwerbung-English-03-332x83.png 332w, https:\/\/packaging-journal.de\/wp-content\/uploads\/2026\/01\/PJ-Eigenwerbung-English-03-664x166.png 664w, https:\/\/packaging-journal.de\/wp-content\/uploads\/2026\/01\/PJ-Eigenwerbung-English-03-688x172.png 688w\" sizes=\"(max-width: 840px) 100vw, 840px\" width=\"840\" height=\"210\"  style=\" max-width: 100%; height: auto;\" \/><!--\/noptimize--><\/a><\/div><\/div>\n<h2><strong><em>Better Human<\/em><\/strong><strong> Verpackungen: sicher und voll rezyklierbar<\/strong><\/h2>\n<p>Zum Einsatz kommt eine <strong>leichtgewichtige<\/strong> <strong>Faltschachtelkartonqualit\u00e4t<\/strong> aus Frischfasern. Die verwendeten Veredelungen (Farben, Lacke, Iriodine, Kalttransfer, Hei\u00dfpr\u00e4gung) sind ebenfalls nach Umweltaspekten ausgew\u00e4hlt.<\/p>\n<p>Die eingesetzte <strong>UV-LED-Farbtechnologie<\/strong> bietet bez\u00fcglich der Umweltvertr\u00e4glichkeit viele Vorteile und kann auch mit Standard UV-FP Lacken kombiniert werden. Somit ergibt sich eine gro\u00dfe Veredelungsbreite, welche auch f\u00fcr den indirekten Lebensmittelkontakt eingesetzt werden.<\/p><div id=\"packa-3478438392\" class=\"packa-inhalt\"><!--noptimize--><script async src=\"https:\/\/pagead2.googlesyndication.com\/pagead\/js\/adsbygoogle.js?client=ca-pub-2686439340972671\" crossorigin=\"anonymous\"><\/script>\r\n<ins class=\"adsbygoogle\" style=\"display:block;text-align:center\" data-ad-layout=\"in-article\" data-ad-format=\"fluid\" data-ad-client=\"ca-pub-2686439340972671\" data-ad-slot=\"6171251825\"><\/ins>\r\n<script>\r\n     (adsbygoogle = window.adsbygoogle || []).push({});\r\n<\/script><!--\/noptimize--><\/div>\n<p>Bei Kalttransfer und Hei\u00dfpr\u00e4gung wird eine <strong>extrem d\u00fcnne Aluminiumschicht<\/strong> aufgebracht. Die traditionell verwendeten Begriffe Hei\u00df- und Kaltfolie seien also falsch. Der Tr\u00e4gerfilm, n\u00e4mlich die \u201eFolie\u201c, verbleibt im Betrieb und kann rezykliert werden.<\/p>\n<figure id=\"attachment_43924\" aria-describedby=\"caption-attachment-43924\" style=\"width: 1024px\" class=\"wp-caption aligncenter\"><img fetchpriority=\"high\" decoding=\"async\" class=\"wp-image-43924 size-large\" src=\"https:\/\/packaging-journal.de\/wp-content\/uploads\/2021\/04\/better-human-nah-1024x768.jpg\" alt=\"Better Human Verpackung mit UV-LED Technologie\" width=\"1024\" height=\"768\" srcset=\"https:\/\/packaging-journal.de\/wp-content\/uploads\/2021\/04\/better-human-nah-1024x768.jpg 1024w, https:\/\/packaging-journal.de\/wp-content\/uploads\/2021\/04\/better-human-nah-300x225.jpg 300w, https:\/\/packaging-journal.de\/wp-content\/uploads\/2021\/04\/better-human-nah-768x576.jpg 768w, https:\/\/packaging-journal.de\/wp-content\/uploads\/2021\/04\/better-human-nah-1320x990.jpg 1320w, https:\/\/packaging-journal.de\/wp-content\/uploads\/2021\/04\/better-human-nah-600x450.jpg 600w, https:\/\/packaging-journal.de\/wp-content\/uploads\/2021\/04\/better-human-nah.jpg 1440w\" sizes=\"(max-width: 1024px) 100vw, 1024px\" \/><figcaption id=\"caption-attachment-43924\" class=\"wp-caption-text\">Die eingesetzt UV-LED-Farbtechnologie kann mit Standard UV-FP Lacken kombiniert werden. (Bild: PrintCity Allianz)<\/figcaption><\/figure>\n<h2><strong>Websessions \u201cUmweltvertr\u00e4gliche Premium Verpackungen\u201d<\/strong><\/h2>\n<p>Die Mitglieder der <a href=\"https:\/\/packaging-journal.de\/?s=printcity+allianz\" target=\"_blank\" rel=\"noopener\" data-schema-attribute=\"\">PrintCity Allianz<\/a> stellen diese neuen Muster mit <strong>zwei inhaltsgleichen Websessions<\/strong> in Englisch auf der <a href=\"https:\/\/www.drupa.de\/\" target=\"_blank\" rel=\"noopener\" data-schema-attribute=\"\">virtuellen Drupa<\/a> am 21.04. (8:40-9:40 CET) und am 22.04. (16:40-17:40 CET) vor. Dazu k\u00f6nnen sich Interessenten auf dem virtuellem Gemeinschaftsstand der Allianz \u00fcber das gesamte Produkt- und Leistungsangebot der Mitglieder informieren.<\/p>\n<p>Beteiligt sind IST Metz (UV-H\u00e4rtungssysteme), Kama (Pr\u00e4gen, Stanzen, Kleben), Leonhard Kurz (Hei\u00dfpr\u00e4ge-, Kalttransfer- und Digitaltransfer-Anwendungen, Hologramme), Merck\u00a0 (Effektpigmente), Mets\u00e4 Board (leichtgewichtige Premium-Faltschachtelkartons, Foodservice-Kartons und wei\u00dfe Kraftliner aus Frischfasern), Weilburger Graphics (Veredelungslacke, Kleber und w\u00e4ssrige Flexofarben), Zeller+Gmelin (UV Farben und Lacke).<\/p>\n<p>Quelle: PrintCity Allianz<\/p>\n","protected":false},"excerpt":{"rendered":"The PrintCity Alliance is presenting three new mono-material packaging made of cardboard from the Better Human project. The samples will be shown for the first time in the Alliance's web sessions at the virtual Drupa.","protected":false},"author":20,"featured_media":43929,"comment_status":"closed","ping_status":"closed","sticky":false,"template":"","format":"standard","meta":{"_acf_changed":false,"__cvm_playback_settings":[],"__cvm_video_id":"","rank_math_description":"Die PrintCity Allianz stellt auf der virtuellen Drupa drei neue Monomaterialverpackungen aus Karton aus dem Better Human Projekt vor. ","rank_math_focus_keyword":"Better Human","rank_math_title":"","csco_display_header_overlay":false,"csco_singular_sidebar":"","csco_page_header_type":"","csco_page_load_nextpost":"","csco_post_video_location":[],"csco_post_video_location_hash":"","csco_post_video_url":"","csco_post_video_bg_start_time":0,"csco_post_video_bg_end_time":0,"footnotes":"","_links_to":"","_links_to_target":""},"categories":[22],"tags":[43,1487,59086,33,51],"class_list":{"0":"post-43922","1":"post","2":"type-post","3":"status-publish","4":"format-standard","5":"has-post-thumbnail","7":"category-packmittel-und-packstoffe","8":"tag-aus-den-unternehmen","9":"tag-papier-pappe-karton","10":"tag-printcity-allianz","11":"tag-veranstaltungen","12":"tag-verpackungsdruck-und-veredelung","13":"cs-entry","14":"cs-video-wrap"},"acf":[],"vimeo_video":null,"_links":{"self":[{"href":"https:\/\/packaging-journal.de\/en\/wp-json\/wp\/v2\/posts\/43922","targetHints":{"allow":["GET"]}}],"collection":[{"href":"https:\/\/packaging-journal.de\/en\/wp-json\/wp\/v2\/posts"}],"about":[{"href":"https:\/\/packaging-journal.de\/en\/wp-json\/wp\/v2\/types\/post"}],"author":[{"embeddable":true,"href":"https:\/\/packaging-journal.de\/en\/wp-json\/wp\/v2\/users\/20"}],"replies":[{"embeddable":true,"href":"https:\/\/packaging-journal.de\/en\/wp-json\/wp\/v2\/comments?post=43922"}],"version-history":[{"count":0,"href":"https:\/\/packaging-journal.de\/en\/wp-json\/wp\/v2\/posts\/43922\/revisions"}],"wp:featuredmedia":[{"embeddable":true,"href":"https:\/\/packaging-journal.de\/en\/wp-json\/wp\/v2\/media\/43929"}],"wp:attachment":[{"href":"https:\/\/packaging-journal.de\/en\/wp-json\/wp\/v2\/media?parent=43922"}],"wp:term":[{"taxonomy":"category","embeddable":true,"href":"https:\/\/packaging-journal.de\/en\/wp-json\/wp\/v2\/categories?post=43922"},{"taxonomy":"post_tag","embeddable":true,"href":"https:\/\/packaging-journal.de\/en\/wp-json\/wp\/v2\/tags?post=43922"}],"curies":[{"name":"wp","href":"https:\/\/api.w.org\/{rel}","templated":true}]}}