{"id":43999,"date":"2021-04-19T13:27:32","date_gmt":"2021-04-19T11:27:32","guid":{"rendered":"https:\/\/packaging-journal.de\/?p=43999"},"modified":"2021-04-19T13:27:32","modified_gmt":"2021-04-19T11:27:32","slug":"nepenthes-from-cyclic-design-at-aldi","status":"publish","type":"post","link":"https:\/\/packaging-journal.de\/en\/nepenthes-von-cyclic-design-bei-aldi\/","title":{"rendered":"Nepenthes: refillable cosmetics bottle at Aldi"},"content":{"rendered":"<p>Ab dem 26. April bieten Aldi S\u00fcd und Aldi Nord eine wiederbef\u00fcllbare Kosmetikflasche an. Nepenthes wurde von dem jungen Unternehmen Cyclic Design im Rahmen der Aldi Start-up-F\u00f6rderung entwickelt.<\/p>\n<p>Nach zwei Jahren Entwicklungszeit hat es die nachhaltige Kosmetikflasche <em>Nepenthes <\/em>von der Idee bis zur Marktreife geschafft. Hinter dem Produkt steckt <strong>das Start-up Cyclic Design<\/strong>. Dem Jungunternehmen ist es 2019 gelungen, in die erste Runde des F\u00f6rderprogramms von Aldi und dem Accelerator TechFounders zu kommen.<\/p>\n<blockquote><p>\u201eUnsere Partnerschaft mit Aldi war der perfekte Startschuss f\u00fcr die Nepenthes-Flasche als nachhaltiges und praktisches Produkt f\u00fcr die breite Bev\u00f6lkerung. Dieser Erfolg ist eine tolle Best\u00e4tigung f\u00fcr unsere Vision, auch in Zukunft innovative L\u00f6sungen zu verfolgen und damit einen Beitrag f\u00fcr die Umwelt zu leisten.\u201c <strong>Marilu Valente,<\/strong> Mitgr\u00fcnderin von Cyclic Design<\/p><\/blockquote>\n<figure id=\"attachment_44001\" aria-describedby=\"caption-attachment-44001\" style=\"width: 683px\" class=\"wp-caption aligncenter\"><img fetchpriority=\"high\" decoding=\"async\" class=\"wp-image-44001 size-large\" src=\"https:\/\/packaging-journal.de\/wp-content\/uploads\/2021\/04\/ALDI_Pressebild_Nepe-Valente_300dpi-683x1024.jpg\" alt=\"Nepenthes Gr\u00fcnderinnen Nina Masson und Marilu Valente\" width=\"683\" height=\"1024\" srcset=\"https:\/\/packaging-journal.de\/wp-content\/uploads\/2021\/04\/ALDI_Pressebild_Nepe-Valente_300dpi-683x1024.jpg 683w, https:\/\/packaging-journal.de\/wp-content\/uploads\/2021\/04\/ALDI_Pressebild_Nepe-Valente_300dpi-200x300.jpg 200w, https:\/\/packaging-journal.de\/wp-content\/uploads\/2021\/04\/ALDI_Pressebild_Nepe-Valente_300dpi-768x1152.jpg 768w, https:\/\/packaging-journal.de\/wp-content\/uploads\/2021\/04\/ALDI_Pressebild_Nepe-Valente_300dpi-1024x1536.jpg 1024w, https:\/\/packaging-journal.de\/wp-content\/uploads\/2021\/04\/ALDI_Pressebild_Nepe-Valente_300dpi-1365x2048.jpg 1365w, https:\/\/packaging-journal.de\/wp-content\/uploads\/2021\/04\/ALDI_Pressebild_Nepe-Valente_300dpi-1320x1980.jpg 1320w, https:\/\/packaging-journal.de\/wp-content\/uploads\/2021\/04\/ALDI_Pressebild_Nepe-Valente_300dpi-600x900.jpg 600w, https:\/\/packaging-journal.de\/wp-content\/uploads\/2021\/04\/ALDI_Pressebild_Nepe-Valente_300dpi.jpg 1000w\" sizes=\"(max-width: 683px) 100vw, 683px\" \/><figcaption id=\"caption-attachment-44001\" class=\"wp-caption-text\">Die beiden Nepenthes Gr\u00fcnderinnen Nina Masson und Marilu Valente. (Bild: Aldi S\u00fcd)<\/figcaption><\/figure>\n<p>Das Start-up macht es sich zur Aufgabe, <strong>Verpackungsabf\u00e4lle im Kosmetikbereich zu reduzieren<\/strong> und setzt daf\u00fcr auf eine wiederverwendbare L\u00f6sung.<\/p><div class=\"packa-in-post-alle\" style=\"text-align: center;\" id=\"packa-752053778\"><div id=\"packa-3538087124\"><a data-no-instant=\"1\" href=\"https:\/\/packaging-journal.de\/en\/newsletter\/\" rel=\"noopener\" class=\"a2t-link\" target=\"_blank\" aria-label=\"PJ Eigenwerbung English 03\"><!--noptimize--><img src=\"https:\/\/packaging-journal.de\/wp-content\/uploads\/2026\/01\/PJ-Eigenwerbung-English-03.png\" alt=\"\"  srcset=\"https:\/\/packaging-journal.de\/wp-content\/uploads\/2026\/01\/PJ-Eigenwerbung-English-03.png 840w, https:\/\/packaging-journal.de\/wp-content\/uploads\/2026\/01\/PJ-Eigenwerbung-English-03-300x75.png 300w, https:\/\/packaging-journal.de\/wp-content\/uploads\/2026\/01\/PJ-Eigenwerbung-English-03-768x192.png 768w, https:\/\/packaging-journal.de\/wp-content\/uploads\/2026\/01\/PJ-Eigenwerbung-English-03-18x5.png 18w, https:\/\/packaging-journal.de\/wp-content\/uploads\/2026\/01\/PJ-Eigenwerbung-English-03-332x83.png 332w, https:\/\/packaging-journal.de\/wp-content\/uploads\/2026\/01\/PJ-Eigenwerbung-English-03-664x166.png 664w, https:\/\/packaging-journal.de\/wp-content\/uploads\/2026\/01\/PJ-Eigenwerbung-English-03-688x172.png 688w\" sizes=\"(max-width: 840px) 100vw, 840px\" width=\"840\" height=\"210\"  style=\" max-width: 100%; height: auto;\" \/><!--\/noptimize--><\/a><\/div><\/div>\n<blockquote><p>\u201eDie Idee von Cyclic Design hat uns von Anfang an \u00fcberzeugt. Wir freuen uns sehr, dass wir die beiden Gr\u00fcnderinnen auf ihrem Weg hin zu weniger Plastik unterst\u00fctzen konnten. Mit der Nepenthes-Flasche, die auch durch ihr einzigartiges Design \u00fcberzeugt, bieten wir unseren Kunden eine einfache L\u00f6sung, um Verpackungsabfall zu reduzieren.\u201c <strong>Eva Tobor,<\/strong> Director International Buying bei Aldi Nord<\/p><\/blockquote>\n<h2>Nepenthes ist eine nachhaltige Alltagsl\u00f6sung<\/h2>\n<p>Dank eines abschraubbaren Bodens kann die in Deutschland produzierte Kosmetikflasche mehrfach verwendet werden. Sie fasst bis zu 250 ml und l\u00e4sst sich ganz einfach <strong>immer wieder mit Shampoo, Duschgel oder Seife nachf\u00fcllen<\/strong>. Neben dem Umweltaspekt besticht <em>Nepenthes<\/em> durch ihr praktisches Design. Aufgrund der tropfenf\u00f6rmigen Gestaltung kommt die Flasche ganz ohne Deckel aus.<\/p>\n<blockquote><p>\u201eGemeinsam ist es uns gelungen, eine innovative Mehrwegl\u00f6sung f\u00fcr den Kosmetikbereich auf den Markt zu bringen. Damit zeigen wir unseren Kunden, wie einfach Plastikvermeidung im Alltag funktioniert und gehen gemeinschaftlich einen gro\u00dfen Schritt in eine nachhaltige Zukunft.\u201c <strong>Sissy Wolf,<\/strong> Buying Director bei Aldi S\u00fcd<\/p><\/blockquote>\n<h2>Doppelter Mehrwert f\u00fcr die Umwelt<\/h2>\n<p><a href=\"https:\/\/packaging-journal.de\/tag\/=Aldi\/\" target=\"_blank\" rel=\"noopener\" data-schema-attribute=\"\">Aldi<\/a> bietet die Flasche in Kombination mit einem Hair &amp; Body-Dusch-Konzentrat der Eigenmarke <em>Ombia<\/em> im Nachf\u00fcllbeutel an. Das <strong>Nachf\u00fcllprodukt (Beutel und Verschluss) besteht aus Monomaterial<\/strong> und bietet dadurch im Vergleich zu anderen Verpackungsmaterialien eine hohe Recyclingf\u00e4higkeit. Auf ein Jahr gesehen, lassen sich durch die wiederverwendbare Kosmetikflasche und das Nachf\u00fcllprinzip &#8211; im Vergleich zu Einwegflaschen &#8211; bis zu 60 Prozent Plastik einsparen.<\/p><div id=\"packa-609789770\" class=\"packa-inhalt\"><!--noptimize--><script async src=\"https:\/\/pagead2.googlesyndication.com\/pagead\/js\/adsbygoogle.js?client=ca-pub-2686439340972671\" crossorigin=\"anonymous\"><\/script>\r\n<ins class=\"adsbygoogle\" style=\"display:block;text-align:center\" data-ad-layout=\"in-article\" data-ad-format=\"fluid\" data-ad-client=\"ca-pub-2686439340972671\" data-ad-slot=\"6171251825\"><\/ins>\r\n<script>\r\n     (adsbygoogle = window.adsbygoogle || []).push({});\r\n<\/script><!--\/noptimize--><\/div>\n<figure id=\"attachment_44002\" aria-describedby=\"caption-attachment-44002\" style=\"width: 683px\" class=\"wp-caption aligncenter\"><img decoding=\"async\" class=\"wp-image-44002 size-large\" src=\"https:\/\/packaging-journal.de\/wp-content\/uploads\/2021\/04\/ALDI_Pressebild_Nepenthes_2_300dpi-683x1024.jpg\" alt=\"Nepenthes Nachf\u00fcllflasche\" width=\"683\" height=\"1024\" srcset=\"https:\/\/packaging-journal.de\/wp-content\/uploads\/2021\/04\/ALDI_Pressebild_Nepenthes_2_300dpi-683x1024.jpg 683w, https:\/\/packaging-journal.de\/wp-content\/uploads\/2021\/04\/ALDI_Pressebild_Nepenthes_2_300dpi-200x300.jpg 200w, https:\/\/packaging-journal.de\/wp-content\/uploads\/2021\/04\/ALDI_Pressebild_Nepenthes_2_300dpi-768x1152.jpg 768w, https:\/\/packaging-journal.de\/wp-content\/uploads\/2021\/04\/ALDI_Pressebild_Nepenthes_2_300dpi-1024x1536.jpg 1024w, https:\/\/packaging-journal.de\/wp-content\/uploads\/2021\/04\/ALDI_Pressebild_Nepenthes_2_300dpi-1365x2048.jpg 1365w, https:\/\/packaging-journal.de\/wp-content\/uploads\/2021\/04\/ALDI_Pressebild_Nepenthes_2_300dpi-1320x1980.jpg 1320w, https:\/\/packaging-journal.de\/wp-content\/uploads\/2021\/04\/ALDI_Pressebild_Nepenthes_2_300dpi-600x900.jpg 600w, https:\/\/packaging-journal.de\/wp-content\/uploads\/2021\/04\/ALDI_Pressebild_Nepenthes_2_300dpi.jpg 1000w\" sizes=\"(max-width: 683px) 100vw, 683px\" \/><figcaption id=\"caption-attachment-44002\" class=\"wp-caption-text\">(Bild: Aldi S\u00fcd)<\/figcaption><\/figure>\n<p>Zugleich ersetzt die <em>Nepenthes<\/em> im genannten Zeitraum durchschnittlich 20 herk\u00f6mmliche Wegwerf-Flaschen. Durch die Rezeptur des mikroplastikfreien Dusch-Konzentrats ist bei der Anwendung zudem eine geringere Dosierung n\u00f6tig, was den Verbrauch sowie die Kosten reduziert.<\/p>\n<p>Einen weiteren Mehrwert f\u00fcr die Umwelt leistet die Klimaneutralit\u00e4t des Kombi-Produkts. Alle bislang unvermeidbaren Emissionen, die durch Materialbeschaffung, Produktion, Verpackung und Transport der <em>Nepenthes<\/em> sowie des Nachf\u00fcllbeutels entstehen, werden durch die Unterst\u00fctzung eines<strong> mit dem Gold Standard zertifizierten Klimaschutzprojektes in Uganda<\/strong> ausgeglichen.<\/p>\n[infotext icon]Aldi Nord und Aldi S\u00fcd haben sich 2018 das Ziel gesetzt, wo immer m\u00f6glich Verpackungen zu vermeiden, wiederzuverwenden oder zu recyceln. Teil der Verpackungsmission ist die Zusammenarbeit mit Start-ups. Aus der TechFounders-Kooperation haben es bereits verschiedene innovative Produkte ins Aldi Regal geschafft. Unter der neuen Eigenmarke <em>What\u2019s Next.<\/em> bringen beide Discounter in regelm\u00e4\u00dfigen Abst\u00e4nden innovative Produkte von Start-ups aus dem Food-und Nonfood-Bereich auf den Markt. Die einzelnen Entwicklungsschritte der Kosmetikflasche, vom ersten 3D-Entwurf bis hin zum finalen Produkt, werden auf dem <a href=\"https:\/\/blog.aldi-sued.de\/nepenthes\/\" target=\"_blank\" rel=\"noopener\" data-schema-attribute=\"\">Aldi S\u00fcd Blog<\/a> vorgestellt und n\u00e4her erl\u00e4utert.[\/infotext]\n","protected":false},"excerpt":{"rendered":"From 26 April, Aldi S\u00fcd and Aldi Nord will be offering a refillable cosmetics bottle. Nepenthes was developed by the young company Cyclic Design as part of the Aldi start-up programme.","protected":false},"author":20,"featured_media":44000,"comment_status":"closed","ping_status":"closed","sticky":false,"template":"","format":"standard","meta":{"_acf_changed":false,"__cvm_playback_settings":[],"__cvm_video_id":"","rank_math_description":"Die wiederbef\u00fcllbare Kosmetikflasche Nepenthes des jungen Unternehmens Cyclic Design wurde im Rahmen der Aldi Start-up-F\u00f6rderung entwickelt. ","rank_math_focus_keyword":"Nepenthes","rank_math_title":"","csco_display_header_overlay":false,"csco_singular_sidebar":"","csco_page_header_type":"","csco_page_load_nextpost":"","csco_post_video_location":[],"csco_post_video_location_hash":"","csco_post_video_url":"","csco_post_video_bg_start_time":0,"csco_post_video_bg_end_time":0,"footnotes":"","_links_to":"","_links_to_target":""},"categories":[58781],"tags":[65,58816,54,31],"class_list":{"0":"post-43999","1":"post","2":"type-post","3":"status-publish","4":"format-standard","5":"has-post-thumbnail","7":"category-green-packaging","8":"tag-abfalltechnik-und-recycling","9":"tag-aldi","10":"tag-kunststoff-und-verbunde","11":"tag-nachhaltigkeit-und-green-packaging","12":"cs-entry","13":"cs-video-wrap"},"acf":[],"vimeo_video":null,"_links":{"self":[{"href":"https:\/\/packaging-journal.de\/en\/wp-json\/wp\/v2\/posts\/43999","targetHints":{"allow":["GET"]}}],"collection":[{"href":"https:\/\/packaging-journal.de\/en\/wp-json\/wp\/v2\/posts"}],"about":[{"href":"https:\/\/packaging-journal.de\/en\/wp-json\/wp\/v2\/types\/post"}],"author":[{"embeddable":true,"href":"https:\/\/packaging-journal.de\/en\/wp-json\/wp\/v2\/users\/20"}],"replies":[{"embeddable":true,"href":"https:\/\/packaging-journal.de\/en\/wp-json\/wp\/v2\/comments?post=43999"}],"version-history":[{"count":0,"href":"https:\/\/packaging-journal.de\/en\/wp-json\/wp\/v2\/posts\/43999\/revisions"}],"wp:featuredmedia":[{"embeddable":true,"href":"https:\/\/packaging-journal.de\/en\/wp-json\/wp\/v2\/media\/44000"}],"wp:attachment":[{"href":"https:\/\/packaging-journal.de\/en\/wp-json\/wp\/v2\/media?parent=43999"}],"wp:term":[{"taxonomy":"category","embeddable":true,"href":"https:\/\/packaging-journal.de\/en\/wp-json\/wp\/v2\/categories?post=43999"},{"taxonomy":"post_tag","embeddable":true,"href":"https:\/\/packaging-journal.de\/en\/wp-json\/wp\/v2\/tags?post=43999"}],"curies":[{"name":"wp","href":"https:\/\/api.w.org\/{rel}","templated":true}]}}