{"id":44381,"date":"2021-05-05T10:17:09","date_gmt":"2021-05-05T08:17:09","guid":{"rendered":"https:\/\/packaging-journal.de\/?p=44381"},"modified":"2021-05-05T10:48:31","modified_gmt":"2021-05-05T08:48:31","slug":"sales-of-container-glass-stable-in-2020","status":"publish","type":"post","link":"https:\/\/packaging-journal.de\/en\/absatz-von-behalterglas-2020-stabil\/","title":{"rendered":"Overall sales of container glass at a stable level"},"content":{"rendered":"<p>Der Absatz von Beh\u00e4lterglas war im Jahr 2020 bedingt durch die anhaltende Corona-Pandemie insgesamt leicht r\u00fcckl\u00e4ufig. Einzig die Segmente Verpackungsglas f\u00fcr Lebensmittel und Pharma konnten das Jahr mit einer positiven Bilanz abschlie\u00dfen.<\/p>\n<p>Der Absatz von Beh\u00e4lterglas in Tonnen ist <strong>im Jahr 2020 um 0,5 Prozent gegen\u00fcber dem Vorjahreszeitraum leicht gesunken<\/strong> \u2013 das erste Mal seit Jahren. Die Entwicklungen im Inland (minus 0,8 Prozent) und der Auslandsabsatz (minus 0,1 Prozent) waren leicht negativ, wie das <a href=\"https:\/\/packaging-journal.de\/?s=aktionsforum+glasverpackung\" target=\"_blank\" rel=\"noopener\" data-schema-attribute=\"\">Aktionsforum Glasverpackung<\/a> jetzt mitteilte.<\/p>\n<h2>Absatz von Beh\u00e4lterglas durch die Pandiemie gepr\u00e4gt<\/h2>\n<p>Der Absatz der einzelnen Segmente entwickelte sich unterschiedlich und war <strong>durch die anhaltende Corona-Pandemie gepr\u00e4gt<\/strong>. Einerseits gab es eine verst\u00e4rkte Verschiebung in den h\u00e4uslichen Bereich, in dem Verbraucher Vorr\u00e4te anlegten und mehr Zuhause kochten, andererseits fielen Feieranl\u00e4sse und Veranstaltungen aus.<\/p><div class=\"packa-in-post-alle\" style=\"text-align: center;\" id=\"packa-2462040383\"><div id=\"packa-2166564848\"><a data-no-instant=\"1\" href=\"https:\/\/packaging-journal.de\/en\/newsletter\/\" rel=\"noopener\" class=\"a2t-link\" target=\"_blank\" aria-label=\"PJ Eigenwerbung English 03\"><!--noptimize--><img src=\"https:\/\/packaging-journal.de\/wp-content\/uploads\/2026\/01\/PJ-Eigenwerbung-English-03.png\" alt=\"\"  srcset=\"https:\/\/packaging-journal.de\/wp-content\/uploads\/2026\/01\/PJ-Eigenwerbung-English-03.png 840w, https:\/\/packaging-journal.de\/wp-content\/uploads\/2026\/01\/PJ-Eigenwerbung-English-03-300x75.png 300w, https:\/\/packaging-journal.de\/wp-content\/uploads\/2026\/01\/PJ-Eigenwerbung-English-03-768x192.png 768w, https:\/\/packaging-journal.de\/wp-content\/uploads\/2026\/01\/PJ-Eigenwerbung-English-03-18x5.png 18w, https:\/\/packaging-journal.de\/wp-content\/uploads\/2026\/01\/PJ-Eigenwerbung-English-03-332x83.png 332w, https:\/\/packaging-journal.de\/wp-content\/uploads\/2026\/01\/PJ-Eigenwerbung-English-03-664x166.png 664w, https:\/\/packaging-journal.de\/wp-content\/uploads\/2026\/01\/PJ-Eigenwerbung-English-03-688x172.png 688w\" sizes=\"(max-width: 840px) 100vw, 840px\" width=\"840\" height=\"210\"  style=\" max-width: 100%; height: auto;\" \/><!--\/noptimize--><\/a><\/div><\/div>\n<h2>Absatz von Getr\u00e4nkeflaschen f\u00fcr nicht-alkoholische Getr\u00e4nke steigt<\/h2>\n<p>Der Absatz im Segment Getr\u00e4nkeflaschen zeigt sich 2020 im Vergleich zum Vorjahr negativ, er betr\u00e4gt minus 3,0 Prozent. Der Blick auf die Teilsegmente zeigt einen Absatzr\u00fcckgang in den Segmenten Bier und Spirituosen (minus 3,3 Prozent) sowie Wein und Schaumwein (minus 6,8 Prozent). <strong>Ein Absatzwachstum von 9,8 Prozent<\/strong> verzeichnen hingegen die nicht-alkoholischen Getr\u00e4nke (Wasser, Milch und Saft). Die Corona-bedingten Einschr\u00e4nkungen und die Lockdowns f\u00fchrten in den Segmenten f\u00fcr alkoholische Getr\u00e4nke zu Einbr\u00fcchen.<\/p>\n<h2>Absatz von Verpackungsglas f\u00fcr Lebensmittel stabil<\/h2>\n<p>Das Segment <strong>Verpackungsglas f\u00fcr Lebensmittel und Verpackungsglas f\u00fcr Pharma und Kosmetik<\/strong> hat das Jahr 2020 positiv mit einer Absatzentwicklung von 4,8 Prozent abgeschlossen. Dabei ging die Nachfrage im Bereich Kosmetik tempor\u00e4r bedingt durch die Corona-Pandemie zur\u00fcck, w\u00e4hrend die Entwicklung im Bereich Pharma positiv verlief.<\/p><div id=\"packa-1815278319\" class=\"packa-inhalt\"><!--noptimize--><script async src=\"https:\/\/pagead2.googlesyndication.com\/pagead\/js\/adsbygoogle.js?client=ca-pub-2686439340972671\" crossorigin=\"anonymous\"><\/script>\r\n<ins class=\"adsbygoogle\" style=\"display:block;text-align:center\" data-ad-layout=\"in-article\" data-ad-format=\"fluid\" data-ad-client=\"ca-pub-2686439340972671\" data-ad-slot=\"6171251825\"><\/ins>\r\n<script>\r\n     (adsbygoogle = window.adsbygoogle || []).push({});\r\n<\/script><!--\/noptimize--><\/div>\n<p>Die Teilsegmente entwickelten sich dabei unterschiedlich: Bei Verpackungsglas f\u00fcr Lebensmittel ohne OGS (Obst, Gem\u00fcse und Sauerkonserven) stieg der Absatz 2020 um 10,2 Prozent. Das Teilsegment<strong> Verpackungsglas mit OGS <\/strong>schloss das Gesamtjahr mit einem Minus von 1,7 Prozent im Vergleich zum Vorjahreszeitraum ab.<\/p>\n<blockquote>\n<figure id=\"attachment_17655\" aria-describedby=\"caption-attachment-17655\" style=\"width: 300px\" class=\"wp-caption alignleft\"><img fetchpriority=\"high\" decoding=\"async\" class=\"wp-image-17655 size-medium\" src=\"https:\/\/packaging-journal.de\/wp-content\/uploads\/2018\/10\/Getr_BV_Glas_Dr._Johann_Overath-e1604392832570-300x239.jpg\" alt=\"Dr. Johann Overath (Bild: Bundesverband Glasindustrie e. V.)\" width=\"300\" height=\"239\" srcset=\"https:\/\/packaging-journal.de\/wp-content\/uploads\/2018\/10\/Getr_BV_Glas_Dr._Johann_Overath-e1604392832570-300x239.jpg 300w, https:\/\/packaging-journal.de\/wp-content\/uploads\/2018\/10\/Getr_BV_Glas_Dr._Johann_Overath-e1604392832570.jpg 600w\" sizes=\"(max-width: 300px) 100vw, 300px\" \/><figcaption id=\"caption-attachment-17655\" class=\"wp-caption-text\">Dr. Johann Overath (Bild: Bundesverband Glasindustrie e. V.)<\/figcaption><\/figure>\n<p>\u201eDas Jahr 2020 war durch die Corona-Pandemie gepr\u00e4gt und hat die Segmente der Beh\u00e4lterglasindustrie unterschiedlich betroffen. Das letzte Jahr hat vielen Verbrauchern wieder bewusster gemacht, dass Verpackungen eine wichtige Schutzfunktion innehaben, da sie Lebensmittel und Getr\u00e4nke zuverl\u00e4ssig vor Umwelteinfl\u00fcssen bewahren. Glas hat die besondere Eigenschaft, dass es praktisch inert ist und damit keine Wechselwirkung zwischen Inhalt und Verpackung zul\u00e4sst. Au\u00dferdem konserviert es verschiedene Produkte optimal, sodass sie lange haltbar sind. Laut ifo Institut werden die wirtschaftlichen Aussichten von den Beh\u00e4lterglasherstellern weitgehend gleichbleibend gesehen, viel h\u00e4ngt von der Entwicklung der Pandemie ab.\u201c <strong>Dr. Johann Overath,<\/strong> Hauptgesch\u00e4ftsf\u00fchrer des Bundesverbandes Glasindustrie e.V.<\/p><\/blockquote>\n[infotext icon]Das <a href=\"http:\/\/www.glasaktuell.de\" target=\"_blank\" rel=\"noopener\" data-schema-attribute=\"\">Aktionsforum Glasverpackung<\/a> ist eine Initiative der Beh\u00e4lterglasindustrie in Deutschland und Teil des Spitzenverbandes der deutschen Glasindustrie, dem Bundesverband Glasindustrie e. V. Seit dem Jahr 2000 gibt es das Aktionsforum Glasverpackung, dessen Anliegen es ist, die vielen Besonderheiten und Pluspunkte der Glasverpackung gegen\u00fcber Verpackungsentscheidern und der \u00d6ffentlichkeit zu kommunizieren. Das Aktionsforum Glasverpackung ist dar\u00fcber hinaus erster Ansprechpartner in Deutschland f\u00fcr alle Fragen rund um den Verpackungswerkstoff Glas.[\/infotext]\n<p>Quelle: Aktionsforum Glasverpackung<\/p>\n","protected":false},"excerpt":{"rendered":"Sales of container glass declined slightly in 2020 due to the ongoing coronavirus pandemic. Only the packaging glass for food and pharmaceuticals segments closed the year with a positive result.","protected":false},"author":20,"featured_media":44382,"comment_status":"closed","ping_status":"closed","sticky":false,"template":"","format":"standard","meta":{"_acf_changed":false,"__cvm_playback_settings":[],"__cvm_video_id":"","rank_math_description":"Der Absatz von Beh\u00e4lterglas war im Jahr 2020 leicht r\u00fcckl\u00e4ufig. Nur die Segmente Lebensmittel und Pharma konnten das Jahr mit einer positiven Bilanz abschlie\u00dfen.","rank_math_focus_keyword":"Absatz von Beh\u00e4lterglas","rank_math_title":"","csco_display_header_overlay":false,"csco_singular_sidebar":"","csco_page_header_type":"","csco_page_load_nextpost":"","csco_post_video_location":[],"csco_post_video_location_hash":"","csco_post_video_url":"","csco_post_video_bg_start_time":0,"csco_post_video_bg_end_time":0,"footnotes":"","_links_to":"","_links_to_target":""},"categories":[22],"tags":[58698,62,38,36,40],"class_list":{"0":"post-44381","1":"post","2":"type-post","3":"status-publish","4":"format-standard","5":"has-post-thumbnail","7":"category-packmittel-und-packstoffe","8":"tag-aktionsforum-glasverpackung","9":"tag-glas","10":"tag-lebensmittel","11":"tag-markt","12":"tag-pharma-kosmetik-chemie","13":"cs-entry","14":"cs-video-wrap"},"acf":[],"vimeo_video":null,"_links":{"self":[{"href":"https:\/\/packaging-journal.de\/en\/wp-json\/wp\/v2\/posts\/44381","targetHints":{"allow":["GET"]}}],"collection":[{"href":"https:\/\/packaging-journal.de\/en\/wp-json\/wp\/v2\/posts"}],"about":[{"href":"https:\/\/packaging-journal.de\/en\/wp-json\/wp\/v2\/types\/post"}],"author":[{"embeddable":true,"href":"https:\/\/packaging-journal.de\/en\/wp-json\/wp\/v2\/users\/20"}],"replies":[{"embeddable":true,"href":"https:\/\/packaging-journal.de\/en\/wp-json\/wp\/v2\/comments?post=44381"}],"version-history":[{"count":0,"href":"https:\/\/packaging-journal.de\/en\/wp-json\/wp\/v2\/posts\/44381\/revisions"}],"wp:featuredmedia":[{"embeddable":true,"href":"https:\/\/packaging-journal.de\/en\/wp-json\/wp\/v2\/media\/44382"}],"wp:attachment":[{"href":"https:\/\/packaging-journal.de\/en\/wp-json\/wp\/v2\/media?parent=44381"}],"wp:term":[{"taxonomy":"category","embeddable":true,"href":"https:\/\/packaging-journal.de\/en\/wp-json\/wp\/v2\/categories?post=44381"},{"taxonomy":"post_tag","embeddable":true,"href":"https:\/\/packaging-journal.de\/en\/wp-json\/wp\/v2\/tags?post=44381"}],"curies":[{"name":"wp","href":"https:\/\/api.w.org\/{rel}","templated":true}]}}