{"id":44589,"date":"2021-05-17T13:10:31","date_gmt":"2021-05-17T11:10:31","guid":{"rendered":"https:\/\/packaging-journal.de\/?p=44589"},"modified":"2021-05-17T13:10:31","modified_gmt":"2021-05-17T11:10:31","slug":"gsk-makes-toothpaste-tubes-recyclable","status":"publish","type":"post","link":"https:\/\/packaging-journal.de\/en\/gsk-macht-zahnpastatuben-recyclingfahig\/","title":{"rendered":"GSK Consumer Healthcare: Toothpaste tubes recyclable by 2025"},"content":{"rendered":"<p>GSK Consumer Healthcare plant die Einf\u00fchrung recyclingf\u00e4higer Zahnpastatuben f\u00fcr seine Marken. In Deutschland soll bereits ab Juli Sensodyne ProSchmelz in der neuen Tube erh\u00e4ltlich sein. Mit diesem Schritt sollen bis 2025 \u00fcber eine Milliarde Zahnpastatuben recyclingf\u00e4hig werden.<\/p>\n<p>\u201eDass wir einen immensen Teil unserer Zahnpastatuben auf ein recyclingf\u00e4higes Format umstellen, ist ein gro\u00dfartiger<strong> Meilenstein unserer Nachhaltigkeitsmission<\/strong>. Wir werden kontinuierlich daran arbeiten, so viele Prozesse und Produkte wie m\u00f6glich nachhaltig zu gestalten\u201c, sagt <strong>Victor Geus<\/strong>, General Manager DACH bei <a href=\"https:\/\/de.gsk.com\/de-de\/%C3%BCber-uns\/consumer-healthcare\/\" target=\"_blank\" rel=\"noopener\" data-schema-attribute=\"\">GSK Consumer Healthcare<\/a>.<\/p>\n<h2>Zahnpastatuben aus Greenleaf-Laminat<\/h2>\n<p>F\u00fcr die Einf\u00fchrung der neuen Zahnpastatuben arbeitet das Unternehmen mit den zwei globalen Verpackungsunternehmen Alb\u00e9a und EPL Global zusammen. Mit deren Hilfe k\u00f6nnen die\u00a0 Zahnpastatuben von Barrierelaminaten aus Aluminium auf Greenleaf- und Platina-Laminate umgestellt werden. Diese Laminate haben die Recyclingf\u00e4higkeitstests der europ\u00e4ischen <a href=\"https:\/\/packaging-journal.de\/?s=recyclass\" target=\"_blank\" rel=\"noopener\" data-schema-attribute=\"\">RecyClass <\/a>und der US-amerikanischen Association of Plastic Recyclers (APR) bestanden. Das bedeutet, die <strong>Tuben sind recyclingf\u00e4hig und mit bestehenden Recyclingprozessen kompatibel<\/strong>.<\/p><div class=\"packa-in-post-alle\" style=\"text-align: center;\" id=\"packa-52083340\"><div id=\"packa-3652033762\"><a data-no-instant=\"1\" href=\"https:\/\/packaging-journal.de\/en\/newsletter\/\" rel=\"noopener\" class=\"a2t-link\" target=\"_blank\" aria-label=\"PJ Eigenwerbung English 03\"><!--noptimize--><img src=\"https:\/\/packaging-journal.de\/wp-content\/uploads\/2026\/01\/PJ-Eigenwerbung-English-03.png\" alt=\"\"  srcset=\"https:\/\/packaging-journal.de\/wp-content\/uploads\/2026\/01\/PJ-Eigenwerbung-English-03.png 840w, https:\/\/packaging-journal.de\/wp-content\/uploads\/2026\/01\/PJ-Eigenwerbung-English-03-300x75.png 300w, https:\/\/packaging-journal.de\/wp-content\/uploads\/2026\/01\/PJ-Eigenwerbung-English-03-768x192.png 768w, https:\/\/packaging-journal.de\/wp-content\/uploads\/2026\/01\/PJ-Eigenwerbung-English-03-18x5.png 18w, https:\/\/packaging-journal.de\/wp-content\/uploads\/2026\/01\/PJ-Eigenwerbung-English-03-332x83.png 332w, https:\/\/packaging-journal.de\/wp-content\/uploads\/2026\/01\/PJ-Eigenwerbung-English-03-664x166.png 664w, https:\/\/packaging-journal.de\/wp-content\/uploads\/2026\/01\/PJ-Eigenwerbung-English-03-688x172.png 688w\" sizes=\"(max-width: 840px) 100vw, 840px\" width=\"840\" height=\"210\"  style=\" max-width: 100%; height: auto;\" \/><!--\/noptimize--><\/a><\/div><\/div>\n<blockquote><p>\u201eWir haben uns verpflichtet, bis 2025 alle unsere Produktverpackungen recyclingf\u00e4hig oder wiederverwendbar zu machen, soweit es Qualit\u00e4t und Sicherheit zulassen. Das ist nur ein Teil unserer andauernden Nachhaltigkeitsreise, auf der wir daran arbeiten, die sozialen und \u00f6kologischen Barrieren f\u00fcr die allt\u00e4gliche Gesundheit zu \u00fcberwinden.\u201c <strong>Sarah MacDonald<\/strong>, Vice President Sustainability bei GSK Consumer Healthcare<\/p><\/blockquote>\n<p>Zusammen mit Einzelh\u00e4ndlern und Zahnmedizinern arbeitet das Unternehmen daran, das Wachstum von nachhaltigeren Optionen bei Mundpflegeprodukten weltweit voranzutreiben. So hat man in Deutschland Anfang 2021 die erste nachhaltige Zahnb\u00fcrste eingef\u00fchrt: Die Dr.Best Bambus-Interdent wird <strong>aus nachhaltig angebautem Bambus hergestellt, hat einen biologisch abbaubaren Griff und eine plastikfreie Verpackung<\/strong> aus \u00fcberwiegend recyceltem Karton.<\/p>\n<h2>Plastikfreie Alternative<\/h2>\n<p>Bei seinem neuen Verpackungsdesign setzt die Marke auch <strong>beim Sichtfenster auf eine plastikfreie Alternative<\/strong> und verwendet den nachwachsenden Pflanzenbestandteil Zellulose.<\/p><div id=\"packa-2370955771\" class=\"packa-inhalt\"><!--noptimize--><script async src=\"https:\/\/pagead2.googlesyndication.com\/pagead\/js\/adsbygoogle.js?client=ca-pub-2686439340972671\" crossorigin=\"anonymous\"><\/script>\r\n<ins class=\"adsbygoogle\" style=\"display:block;text-align:center\" data-ad-layout=\"in-article\" data-ad-format=\"fluid\" data-ad-client=\"ca-pub-2686439340972671\" data-ad-slot=\"6171251825\"><\/ins>\r\n<script>\r\n     (adsbygoogle = window.adsbygoogle || []).push({});\r\n<\/script><!--\/noptimize--><\/div>\n<p>Zudem arbeitet das Unternehmen als Gr\u00fcndungspartner der \u201eSustainability in Dentistry Initiative\u201c des Weltzahn\u00e4rztebundes (FDI) nun daran, die Umweltauswirkungen der Zahnmedizin und der Dentalindustrie zu reduzieren.\u00a0Die Nachhaltigkeitsinitiativen von GSK Consumer Healthcare unterst\u00fctzen die neue unternehmensweite Verpflichtung, <strong>bis 2030 klimaneutral<\/strong> zu werden.<\/p>\n[infotext icon]GSK Consumer Healthcare ist eines der weltweit gr\u00f6\u00dften Gesundheitsunternehmen und blickt auf \u00fcber 160 Jahre Unternehmenshistorie zur\u00fcck. Zu den Marken des Unternehmens z\u00e4hlen Sensodyne, Voltaren, Dr.Best, Vitasprint, Otriven und Fenistil, die in \u00fcber 100 L\u00e4ndern auf der ganzen Welt erfolgreich sind.[\/infotext]\n<p><em>Quelle:<\/em> GSK Consumer Healthcare<\/p>\n","protected":false},"excerpt":{"rendered":"GSK Consumer Healthcare is planning to introduce recyclable toothpaste tubes for its brands. In Germany, Sensodyne ProSchmelz will be available in the new tube from July.","protected":false},"author":20,"featured_media":44670,"comment_status":"closed","ping_status":"closed","sticky":false,"template":"","format":"standard","meta":{"_acf_changed":false,"__cvm_playback_settings":[],"__cvm_video_id":"","rank_math_description":"GSK Consumer Healthcare will bis 2025 eine Milliarde Zahnpastatuben recyclingf\u00e4hig machen. In Deutschland gibt es ab Juli die erste Marke in der neuen Tube.","rank_math_focus_keyword":"Zahnpastatuben","rank_math_title":"","csco_display_header_overlay":false,"csco_singular_sidebar":"","csco_page_header_type":"","csco_page_load_nextpost":"","csco_post_video_location":[],"csco_post_video_location_hash":"","csco_post_video_url":"","csco_post_video_bg_start_time":0,"csco_post_video_bg_end_time":0,"footnotes":"","_links_to":"","_links_to_target":""},"categories":[22],"tags":[43,59123,54,40],"class_list":{"0":"post-44589","1":"post","2":"type-post","3":"status-publish","4":"format-standard","5":"has-post-thumbnail","7":"category-packmittel-und-packstoffe","8":"tag-aus-den-unternehmen","9":"tag-gsk-consumer-healthcare","10":"tag-kunststoff-und-verbunde","11":"tag-pharma-kosmetik-chemie","12":"cs-entry","13":"cs-video-wrap"},"acf":[],"vimeo_video":null,"_links":{"self":[{"href":"https:\/\/packaging-journal.de\/en\/wp-json\/wp\/v2\/posts\/44589","targetHints":{"allow":["GET"]}}],"collection":[{"href":"https:\/\/packaging-journal.de\/en\/wp-json\/wp\/v2\/posts"}],"about":[{"href":"https:\/\/packaging-journal.de\/en\/wp-json\/wp\/v2\/types\/post"}],"author":[{"embeddable":true,"href":"https:\/\/packaging-journal.de\/en\/wp-json\/wp\/v2\/users\/20"}],"replies":[{"embeddable":true,"href":"https:\/\/packaging-journal.de\/en\/wp-json\/wp\/v2\/comments?post=44589"}],"version-history":[{"count":0,"href":"https:\/\/packaging-journal.de\/en\/wp-json\/wp\/v2\/posts\/44589\/revisions"}],"wp:featuredmedia":[{"embeddable":true,"href":"https:\/\/packaging-journal.de\/en\/wp-json\/wp\/v2\/media\/44670"}],"wp:attachment":[{"href":"https:\/\/packaging-journal.de\/en\/wp-json\/wp\/v2\/media?parent=44589"}],"wp:term":[{"taxonomy":"category","embeddable":true,"href":"https:\/\/packaging-journal.de\/en\/wp-json\/wp\/v2\/categories?post=44589"},{"taxonomy":"post_tag","embeddable":true,"href":"https:\/\/packaging-journal.de\/en\/wp-json\/wp\/v2\/tags?post=44589"}],"curies":[{"name":"wp","href":"https:\/\/api.w.org\/{rel}","templated":true}]}}