{"id":44661,"date":"2021-05-17T09:24:41","date_gmt":"2021-05-17T07:24:41","guid":{"rendered":"https:\/\/packaging-journal.de\/?p=44661"},"modified":"2021-05-17T09:46:56","modified_gmt":"2021-05-17T07:46:56","slug":"german-packaging-award-2021-submission","status":"publish","type":"post","link":"https:\/\/packaging-journal.de\/en\/deutscher-verpackungspreis-2021-einreichung\/","title":{"rendered":"German Packaging Award 2021: Deadline for submissions extended"},"content":{"rendered":"<p>Das Deutsche Verpackungsinstitut e. V. (dvi) hat die Einreichungsphase f\u00fcr den Deutschen Verpackungspreis 2021 bis zum 31. Mai 2021 verl\u00e4ngert.<\/p>\n<p>\u201eMit der Fristverl\u00e4ngerung reagieren wir auf zahlreiche Anfragen von Unternehmen, die ihre Einreichung aufgrund erh\u00f6hter Arbeitslast bisher nicht abschlie\u00dfen konnten\u201c, erkl\u00e4rt dvi-Gesch\u00e4ftsf\u00fchrer <strong>Winfried Batzke<\/strong>. \u201eDie zus\u00e4tzlichen zwei Wochen geben nun allen Interessenten die M\u00f6glichkeit, ihre Produkte oder Prototypen einzureichen.\u201c<\/p>\n<p>Die nach dvi-Aussage renommierteste europ\u00e4ische Leistungsschau rund um die Verpackung steht unter der Schirmherrschaft des Bundesministers f\u00fcr Wirtschaft und Energie. Der Wettbewerb ist material\u00fcbergreifend und offen f\u00fcr Einreichungen aus dem In- und Ausland.<\/p><div class=\"packa-in-post-alle\" style=\"text-align: center;\" id=\"packa-1546804184\"><div id=\"packa-2853291368\"><a data-no-instant=\"1\" href=\"https:\/\/packaging-journal.de\/en\/newsletter\/\" rel=\"noopener\" class=\"a2t-link\" target=\"_blank\" aria-label=\"PJ Eigenwerbung English 03\"><!--noptimize--><img src=\"https:\/\/packaging-journal.de\/wp-content\/uploads\/2026\/01\/PJ-Eigenwerbung-English-03.png\" alt=\"\"  srcset=\"https:\/\/packaging-journal.de\/wp-content\/uploads\/2026\/01\/PJ-Eigenwerbung-English-03.png 840w, https:\/\/packaging-journal.de\/wp-content\/uploads\/2026\/01\/PJ-Eigenwerbung-English-03-300x75.png 300w, https:\/\/packaging-journal.de\/wp-content\/uploads\/2026\/01\/PJ-Eigenwerbung-English-03-768x192.png 768w, https:\/\/packaging-journal.de\/wp-content\/uploads\/2026\/01\/PJ-Eigenwerbung-English-03-18x5.png 18w, https:\/\/packaging-journal.de\/wp-content\/uploads\/2026\/01\/PJ-Eigenwerbung-English-03-332x83.png 332w, https:\/\/packaging-journal.de\/wp-content\/uploads\/2026\/01\/PJ-Eigenwerbung-English-03-664x166.png 664w, https:\/\/packaging-journal.de\/wp-content\/uploads\/2026\/01\/PJ-Eigenwerbung-English-03-688x172.png 688w\" sizes=\"(max-width: 840px) 100vw, 840px\" width=\"840\" height=\"210\"  style=\" max-width: 100%; height: auto;\" \/><!--\/noptimize--><\/a><\/div><\/div>\n<h2><strong>Deutscher Verpackungspreis 2021: Kategorien und Gold-Award<\/strong><\/h2>\n<p>F\u00fcr die Einreichung k\u00f6nnen Teilnehmer unter 10 Kategorien w\u00e4hlen. Die unabh\u00e4ngige Jury besteht aus einem breit aufgestellten Gremium von Expertinnen und Experten aus Wirtschaft, Forschung, Lehre und Medien. Alle Einreichungen werden im Rahmen einer zweit\u00e4gigen Sitzung nach festen, kategoriespezifischen Kriterien gepr\u00fcft. \u201eNeben dem Verpackungspreis kann die Jury zudem besonders exklusive <strong>Gold-Awards<\/strong> f\u00fcr Innovationen vergeben, die selbst aus dem erlauchten Kreis der Verpackungspreistr\u00e4ger noch herausragen\u201c, so Batzke. Die feierliche Preisverleihung und die Verk\u00fcndigung der Gold-Awards erfolgt am 28. September 2021 im Rahmen der Fachpack.<\/p>\n<p>\u201eMit dem Gewinn des Verpackungspreises dokumentieren Unternehmen ihre herausragende innovative Kraft und gewinnen handfeste Argumente in der Kommunikation mit Kunden, Verbrauchern, Partnern, zuk\u00fcnftigen Mitarbeitern und dem eigenen Team\u201c, hebt Batzke hervor. Die Einreichung erfolgt \u00fcber ein <a href=\"https:\/\/www.verpackung.org\/events\/deutscher-verpackungspreis-2021\" target=\"_blank\" rel=\"noopener\" data-schema-attribute=\"\">Onlineformular auf der Homepage<\/a> des Verpackungspreises. Dort informiert das dvi auch \u00fcber die Kategorien und Bewertungskriterien des Wettbewerbs.<\/p><div id=\"packa-907288596\" class=\"packa-inhalt\"><!--noptimize--><script async src=\"https:\/\/pagead2.googlesyndication.com\/pagead\/js\/adsbygoogle.js?client=ca-pub-2686439340972671\" crossorigin=\"anonymous\"><\/script>\r\n<ins class=\"adsbygoogle\" style=\"display:block;text-align:center\" data-ad-layout=\"in-article\" data-ad-format=\"fluid\" data-ad-client=\"ca-pub-2686439340972671\" data-ad-slot=\"6171251825\"><\/ins>\r\n<script>\r\n     (adsbygoogle = window.adsbygoogle || []).push({});\r\n<\/script><!--\/noptimize--><\/div>\n[infotext icon]Der <a href=\"http:\/\/www.verpackungspreis.de\" target=\"_blank\" rel=\"noopener\" data-schema-attribute=\"\">Deutsche Verpackungspreis<\/a> ist ein internationaler, branchen- und material\u00fcbergreifender Wettbewerb. Er wird in zehn Kategorien vergeben und steht unter der Schirmherrschaft des Ministeriums f\u00fcr Wirtschaft und Energie. Mit dem Preis pr\u00e4miert das Deutsche Verpackungsinstitut (dvi) jedes Jahr innovative und kreative Verpackungsideen vom scheinbar kleinen aber wegweisenden Detail bis hin zu grundlegenden Neuerungen. Der Deutsche Verpackungspreis richtet sich an Designer, Entwickler, Hersteller und Verwender von Verpackungsl\u00f6sungen und -maschinen sowie den kreativen Nachwuchs der Branche. Gewinner des Verpackungspreises nominieren sich gleichzeitig f\u00fcr den<strong> WorldStar<\/strong> der World Packaging Organisation (WPO).[\/infotext]\n<p><em>Quelle:<\/em> DVI<\/p>\n","protected":false},"excerpt":{"rendered":"The German Packaging Institute e. V. (dvi) has extended the submission phase for the German Packaging Award 2021 until 31 May 2021.","protected":false},"author":1,"featured_media":38281,"comment_status":"closed","ping_status":"closed","sticky":false,"template":"","format":"standard","meta":{"_acf_changed":false,"__cvm_playback_settings":[],"__cvm_video_id":"","rank_math_description":"","rank_math_focus_keyword":"Deutscher Verpackungspreis 2021","rank_math_title":"","csco_display_header_overlay":false,"csco_singular_sidebar":"","csco_page_header_type":"","csco_page_load_nextpost":"","csco_post_video_location":[],"csco_post_video_location_hash":"","csco_post_video_url":"","csco_post_video_bg_start_time":0,"csco_post_video_bg_end_time":0,"footnotes":"","_links_to":"","_links_to_target":""},"categories":[7],"tags":[58708,57,35,58795,33],"class_list":{"0":"post-44661","1":"post","2":"type-post","3":"status-publish","4":"format-standard","5":"has-post-thumbnail","7":"category-messen-und-veranstaltungen","8":"tag-deutscher-verpackungspreis","9":"tag-dvi","10":"tag-praemiert","11":"tag-preisverleihung","12":"tag-veranstaltungen","13":"cs-entry","14":"cs-video-wrap"},"acf":[],"vimeo_video":null,"_links":{"self":[{"href":"https:\/\/packaging-journal.de\/en\/wp-json\/wp\/v2\/posts\/44661","targetHints":{"allow":["GET"]}}],"collection":[{"href":"https:\/\/packaging-journal.de\/en\/wp-json\/wp\/v2\/posts"}],"about":[{"href":"https:\/\/packaging-journal.de\/en\/wp-json\/wp\/v2\/types\/post"}],"author":[{"embeddable":true,"href":"https:\/\/packaging-journal.de\/en\/wp-json\/wp\/v2\/users\/1"}],"replies":[{"embeddable":true,"href":"https:\/\/packaging-journal.de\/en\/wp-json\/wp\/v2\/comments?post=44661"}],"version-history":[{"count":0,"href":"https:\/\/packaging-journal.de\/en\/wp-json\/wp\/v2\/posts\/44661\/revisions"}],"wp:featuredmedia":[{"embeddable":true,"href":"https:\/\/packaging-journal.de\/en\/wp-json\/wp\/v2\/media\/38281"}],"wp:attachment":[{"href":"https:\/\/packaging-journal.de\/en\/wp-json\/wp\/v2\/media?parent=44661"}],"wp:term":[{"taxonomy":"category","embeddable":true,"href":"https:\/\/packaging-journal.de\/en\/wp-json\/wp\/v2\/categories?post=44661"},{"taxonomy":"post_tag","embeddable":true,"href":"https:\/\/packaging-journal.de\/en\/wp-json\/wp\/v2\/tags?post=44661"}],"curies":[{"name":"wp","href":"https:\/\/api.w.org\/{rel}","templated":true}]}}