{"id":44696,"date":"2021-05-18T10:41:02","date_gmt":"2021-05-18T08:41:02","guid":{"rendered":"https:\/\/packaging-journal.de\/?p=44696"},"modified":"2021-05-18T10:41:02","modified_gmt":"2021-05-18T08:41:02","slug":"growth-in-aluminium-foil","status":"publish","type":"post","link":"https:\/\/packaging-journal.de\/en\/wachstum-bei-alufolien\/","title":{"rendered":"EAFA expects further growth in aluminium foil"},"content":{"rendered":"<p>Die europ\u00e4ischen Folienwalzer k\u00f6nnen, so der europ\u00e4ische Aluminiumfolienverband (EAFA), vorsichtig optimistisch auf das weitere Jahr blicken. Die Entwicklung im ersten Quartal 2021 sei ermutigend.<\/p>\n<p>Wie der europ\u00e4ische Aluminiumfolienverband mitteilt, betrugen die Lieferungen der europ\u00e4ischen Aluminiumfolienwalzer in den ersten drei Monaten dieses Jahres 245.000 Tonnen, das ist ein <strong>Plus von 2,3 Prozent<\/strong> im Vergleich zum Vorjahreszeitraum(239.500 t). Dabei stieg die Inlandsnachfrage allerdings nur leicht um 0,9 Prozent. Der Mengenzuwachs ist haupts\u00e4chlich auf eine Entwicklung in den \u00dcberseem\u00e4rkten zur\u00fcckzuf\u00fchren, hier wurde ein <strong>Wachstum von \u00fcber 10 Prozent<\/strong> erzielt. Mit einem zweistelligen Wachstum meldete sich das Exportgesch\u00e4ft in alter St\u00e4rke zur\u00fcck \u2013nach einer sehr uneinheitlichen Entwicklung im letzten Jahr, als nur ein einziges Quartal eine \u00e4hnliche Dynamik aufwies. F\u00fcr den weiteren Jahresverlauf erwartet man ein weiteres Wachstum bei Alufolien.<\/p>\n<h2>Verpackungssektor w\u00e4chst<\/h2>\n<p>Die Produktion von <strong>d\u00fcnner Folie<\/strong>, die haupts\u00e4chlich f\u00fcr flexible Verpackungen und Haushaltsfolie verwendet wird, stieg dank der starken Nachfrage f\u00fcr Haushaltsanwendungen und von Verpackungen um 4,2 Prozent. <strong>Dicke Folie<\/strong>, die f\u00fcr halbstarre Beh\u00e4lter, technische und andere Anwendungen verwendet wird, war dagegen mit einem Minus von 0,9 Prozent leicht r\u00fcckl\u00e4ufig<\/p><div class=\"packa-in-post-alle\" style=\"text-align: center;\" id=\"packa-203022696\"><div id=\"packa-3166159321\"><a data-no-instant=\"1\" href=\"https:\/\/packaging-journal.de\/en\/newsletter\/\" rel=\"noopener\" class=\"a2t-link\" target=\"_blank\" aria-label=\"PJ Eigenwerbung English 03\"><!--noptimize--><img src=\"https:\/\/packaging-journal.de\/wp-content\/uploads\/2026\/01\/PJ-Eigenwerbung-English-03.png\" alt=\"\"  srcset=\"https:\/\/packaging-journal.de\/wp-content\/uploads\/2026\/01\/PJ-Eigenwerbung-English-03.png 840w, https:\/\/packaging-journal.de\/wp-content\/uploads\/2026\/01\/PJ-Eigenwerbung-English-03-300x75.png 300w, https:\/\/packaging-journal.de\/wp-content\/uploads\/2026\/01\/PJ-Eigenwerbung-English-03-768x192.png 768w, https:\/\/packaging-journal.de\/wp-content\/uploads\/2026\/01\/PJ-Eigenwerbung-English-03-18x5.png 18w, https:\/\/packaging-journal.de\/wp-content\/uploads\/2026\/01\/PJ-Eigenwerbung-English-03-332x83.png 332w, https:\/\/packaging-journal.de\/wp-content\/uploads\/2026\/01\/PJ-Eigenwerbung-English-03-664x166.png 664w, https:\/\/packaging-journal.de\/wp-content\/uploads\/2026\/01\/PJ-Eigenwerbung-English-03-688x172.png 688w\" sizes=\"(max-width: 840px) 100vw, 840px\" width=\"840\" height=\"210\"  style=\" max-width: 100%; height: auto;\" \/><!--\/noptimize--><\/a><\/div><\/div>\n<blockquote><p>\u00a0\u201eDer Verpackungssektor entwickelt sich derzeit erkennbar stark, und wir gehen davon aus, dass dieser wichtige Markt f\u00fcr Aluminiumfolie in diesem Jahr <strong>weiter wachsen<\/strong> wird. Doch kommt es in den Lieferketten weiterhin zu Unterbrechungen, die entweder durch begrenzte Rohstoffverf\u00fcgbarkeit, globale Logistikprobleme oder bestehende oder erwartete handelspolitische Schutzma\u00dfnahmen verursacht werden.\u201c <strong>Guido Aufdemkamp<\/strong>, EAFA-Gesch\u00e4ftsf\u00fchrer<\/p><\/blockquote>\n<h2>Weiteres Wachstum bei Alufolien<\/h2>\n<p>Der Verband weist darauf hin, dass das erste Quartal traditionell eine starke Branchen-Performance zeige, doch seien aufgrund Pandemie-bedingter Nachfrageausf\u00e4lle die Vorhersagen schwieriger geworden. \u201eDie allgemeine Erholung von den Auswirkungen der COVID-19-Pandemie, die wir Ende 2020 vorhergesagt hatten, scheint voranzukommen, allerdings mit gro\u00dfen Unterschieden in vielen Regionen der Welt. Daher ist es schwierig, eine <strong>klare Entwicklung<\/strong> hin zu einer Nachfragerholung in all den M\u00e4rkten zu erkennen, die von den europ\u00e4ischen Aluminiumfolienwalzern bedient werden\u201c, erkl\u00e4rt der EAFA-Gesch\u00e4ftsf\u00fchrer Aufdemkamp. Und er erg\u00e4nzt: <span dir=\"ltr\">\u201e<\/span><span dir=\"ltr\">Insgesamt ist das erste Quartal <\/span><span dir=\"ltr\">ermutigend und etwas<\/span><span dir=\"ltr\">, worauf man aufbauen kann<\/span><span dir=\"ltr\">. D<\/span><span dir=\"ltr\">ie europ<\/span><span dir=\"ltr\">\u00e4ischen <\/span><span dir=\"ltr\">Folienwalze<\/span><span dir=\"ltr\">r <\/span><span dir=\"ltr\">blicken <\/span><span dir=\"ltr\">daher <\/span><strong><span dir=\"ltr\">vorsichtig optimi<\/span><\/strong><span dir=\"ltr\"><strong>stisch<\/strong> in die n\u00e4chsten Quartale.\u201c<\/span><\/p>\n[infotext icon]<span dir=\"ltr\">Die <a href=\"https:\/\/www.alufoil.org\" target=\"_blank\" rel=\"noopener\" data-schema-attribute=\"\">European Aluminium <\/a><\/span><span dir=\"ltr\">Foil Association rep\u00e4sentiert mit mehr als 40 Mitgliedern den gesamten Markt f\u00fcr Aluminiumfolie in Europa. Die Organisation vertritt insbesondere die <\/span><span dir=\"ltr\">Unternehmen, die Aluminiumfolie walzen und aufwickeln sowie halbstarre Alufolienbeh\u00e4lter und Haushaltsfolie in <\/span><span dir=\"ltr\">Europa herstellen.[\/infotext]<\/span><\/p><div id=\"packa-3846664288\" class=\"packa-inhalt\"><!--noptimize--><script async src=\"https:\/\/pagead2.googlesyndication.com\/pagead\/js\/adsbygoogle.js?client=ca-pub-2686439340972671\" crossorigin=\"anonymous\"><\/script>\r\n<ins class=\"adsbygoogle\" style=\"display:block;text-align:center\" data-ad-layout=\"in-article\" data-ad-format=\"fluid\" data-ad-client=\"ca-pub-2686439340972671\" data-ad-slot=\"6171251825\"><\/ins>\r\n<script>\r\n     (adsbygoogle = window.adsbygoogle || []).push({});\r\n<\/script><!--\/noptimize--><\/div>\n<p><em>Quelle:<\/em> <span dir=\"ltr\">European Aluminium <\/span><span dir=\"ltr\">Foil Association<\/span><\/p>\n","protected":false},"excerpt":{"rendered":"According to the European Aluminium Foil Association (EAFA), European foil rollers can be cautiously optimistic about the rest of the year. The development in the first quarter of 2021 is encouraging.","protected":false},"author":1,"featured_media":44698,"comment_status":"closed","ping_status":"closed","sticky":false,"template":"","format":"standard","meta":{"_acf_changed":false,"__cvm_playback_settings":[],"__cvm_video_id":"","rank_math_description":"Aufgrund der Entwicklung im ersten Quartal 2021 erwartet der europ\u00e4ische Aluminiumfolienverband (EAFA) ein weiteres Wachstum bei Alufolien.","rank_math_focus_keyword":"Wachstum bei Alufolien","rank_math_title":"EAFA erwartet weiteres Wachstum bei Alufolien","csco_display_header_overlay":false,"csco_singular_sidebar":"","csco_page_header_type":"","csco_page_load_nextpost":"","csco_post_video_location":[],"csco_post_video_location_hash":"","csco_post_video_url":"","csco_post_video_bg_start_time":0,"csco_post_video_bg_end_time":0,"footnotes":"","_links_to":"","_links_to_target":""},"categories":[22],"tags":[36,32],"class_list":{"0":"post-44696","1":"post","2":"type-post","3":"status-publish","4":"format-standard","5":"has-post-thumbnail","7":"category-packmittel-und-packstoffe","8":"tag-markt","9":"tag-packmittel-und-packstoffe","10":"cs-entry","11":"cs-video-wrap"},"acf":[],"vimeo_video":null,"_links":{"self":[{"href":"https:\/\/packaging-journal.de\/en\/wp-json\/wp\/v2\/posts\/44696","targetHints":{"allow":["GET"]}}],"collection":[{"href":"https:\/\/packaging-journal.de\/en\/wp-json\/wp\/v2\/posts"}],"about":[{"href":"https:\/\/packaging-journal.de\/en\/wp-json\/wp\/v2\/types\/post"}],"author":[{"embeddable":true,"href":"https:\/\/packaging-journal.de\/en\/wp-json\/wp\/v2\/users\/1"}],"replies":[{"embeddable":true,"href":"https:\/\/packaging-journal.de\/en\/wp-json\/wp\/v2\/comments?post=44696"}],"version-history":[{"count":0,"href":"https:\/\/packaging-journal.de\/en\/wp-json\/wp\/v2\/posts\/44696\/revisions"}],"wp:featuredmedia":[{"embeddable":true,"href":"https:\/\/packaging-journal.de\/en\/wp-json\/wp\/v2\/media\/44698"}],"wp:attachment":[{"href":"https:\/\/packaging-journal.de\/en\/wp-json\/wp\/v2\/media?parent=44696"}],"wp:term":[{"taxonomy":"category","embeddable":true,"href":"https:\/\/packaging-journal.de\/en\/wp-json\/wp\/v2\/categories?post=44696"},{"taxonomy":"post_tag","embeddable":true,"href":"https:\/\/packaging-journal.de\/en\/wp-json\/wp\/v2\/tags?post=44696"}],"curies":[{"name":"wp","href":"https:\/\/api.w.org\/{rel}","templated":true}]}}