{"id":44702,"date":"2021-05-18T11:49:21","date_gmt":"2021-05-18T09:49:21","guid":{"rendered":"https:\/\/packaging-journal.de\/?p=44702"},"modified":"2021-05-18T11:49:21","modified_gmt":"2021-05-18T09:49:21","slug":"separation-instructions-for-correct-disposal","status":"publish","type":"post","link":"https:\/\/packaging-journal.de\/en\/trennhinweise-fur-die-richtige-entsorgung\/","title":{"rendered":"New separation instructions for correct disposal"},"content":{"rendered":"<p>Wie trennt und entsorgt man eine Verpackung richtig? Um dem Verbraucher hier eine einfache Hilfestellung zu geben, haben sich insgesamt neun duale Systeme auf eine hersteller\u00fcbergreifende und kostenfreie Kennzeichnung verst\u00e4ndigt.<\/p>\n<p>Etwa 200.000 Unternehmen sind derzeit bei der Zentralen Stelle Verpackungsregister (ZSVR) registriert. Als Inverkehrbringer von Verpackungen \u00fcbernehmen sie damit und durch die Beteiligung an einem dualen System Produktverantwortung im Sinne des Verpackungsgesetzes. Entsprechend gro\u00df ist die Nachfrage der Unternehmen nach <strong>Angeboten zur Verbraucheraufkl\u00e4rung<\/strong>, wie Verpackungen richtig zu entsorgen sind.<\/p>\n<p>Mit den neuen <a href=\"https:\/\/www.trenn-hinweis.de\/\" target=\"_blank\" rel=\"noopener\" data-schema-attribute=\"\">Trennhinweisen<\/a> bieten die beteiligten neun dualen Systeme den bei der ZSVR registrierten Unternehmen hierf\u00fcr erstmals eine <strong>hersteller\u00fcbergreifende und kostenlose L\u00f6sung<\/strong>. Ihr Ziel es, so die Sammelmengen in den Gelben Tonnen und S\u00e4cken zu erh\u00f6hen und die Qualit\u00e4t der gesammelten Wertstoffe zu verbessern. Nicht ohne Grund, denn durchschnittlich 30 Prozent falsch entsorgter Abfall in der Gelben Tonne oder im Gelben Sack erschweren oder verhindern das Recycling wertvoller Rohstoffe.<\/p><div class=\"packa-in-post-alle\" style=\"text-align: center;\" id=\"packa-3945485467\"><div id=\"packa-1276316270\"><a data-no-instant=\"1\" href=\"https:\/\/packaging-journal.de\/en\/newsletter\/\" rel=\"noopener\" class=\"a2t-link\" target=\"_blank\" aria-label=\"PJ Eigenwerbung English 03\"><!--noptimize--><img src=\"https:\/\/packaging-journal.de\/wp-content\/uploads\/2026\/01\/PJ-Eigenwerbung-English-03.png\" alt=\"\"  srcset=\"https:\/\/packaging-journal.de\/wp-content\/uploads\/2026\/01\/PJ-Eigenwerbung-English-03.png 840w, https:\/\/packaging-journal.de\/wp-content\/uploads\/2026\/01\/PJ-Eigenwerbung-English-03-300x75.png 300w, https:\/\/packaging-journal.de\/wp-content\/uploads\/2026\/01\/PJ-Eigenwerbung-English-03-768x192.png 768w, https:\/\/packaging-journal.de\/wp-content\/uploads\/2026\/01\/PJ-Eigenwerbung-English-03-18x5.png 18w, https:\/\/packaging-journal.de\/wp-content\/uploads\/2026\/01\/PJ-Eigenwerbung-English-03-332x83.png 332w, https:\/\/packaging-journal.de\/wp-content\/uploads\/2026\/01\/PJ-Eigenwerbung-English-03-664x166.png 664w, https:\/\/packaging-journal.de\/wp-content\/uploads\/2026\/01\/PJ-Eigenwerbung-English-03-688x172.png 688w\" sizes=\"(max-width: 840px) 100vw, 840px\" width=\"840\" height=\"210\"  style=\" max-width: 100%; height: auto;\" \/><!--\/noptimize--><\/a><\/div><\/div>\n<h2>Verpackungslogo mit Wiedererkennungs- und Lerneffekt<\/h2>\n<p>Einfache Symbole sollen den Konsumenten auf einen Blick zeigen, ob die Verpackung \u2013 je nach Materialart \u2013 in die Gelbe Tonne oder den Gelben Sack, ins Altpapier oder in Glascontainer entsorgt werden muss. Auch eine <strong>Kombination von Materialarten<\/strong> l\u00e4sst sich mit dem Verpackungslogo einfach abbilden. Ein <strong>einheitliches Grundlayout<\/strong> soll zudem f\u00fcr einen starken Wiedererkennungs- und Lerneffekt beim Verbraucher sorgen.<\/p>\n<p>Dabei k\u00f6nnen die Trennhinweise entsprechend den Bed\u00fcrfnissen der Hersteller <strong>individuell modifiziert<\/strong> werden. So k\u00f6nnen <strong>Textelemente oder QR-Codes<\/strong> erg\u00e4nzt werden. Letztere leiten auf weiterf\u00fchrende Informationen wie Kurzfilme und Verbrauchertipps weiter, die ebenfalls von den dualen Systemen zur Verf\u00fcgung gestellt werden.<\/p><div id=\"packa-4231767865\" class=\"packa-inhalt\"><!--noptimize--><script async src=\"https:\/\/pagead2.googlesyndication.com\/pagead\/js\/adsbygoogle.js?client=ca-pub-2686439340972671\" crossorigin=\"anonymous\"><\/script>\r\n<ins class=\"adsbygoogle\" style=\"display:block;text-align:center\" data-ad-layout=\"in-article\" data-ad-format=\"fluid\" data-ad-client=\"ca-pub-2686439340972671\" data-ad-slot=\"6171251825\"><\/ins>\r\n<script>\r\n     (adsbygoogle = window.adsbygoogle || []).push({});\r\n<\/script><!--\/noptimize--><\/div>\n<h2>Trennhinweise im Einsatz<\/h2>\n<p>Das Unternehmen Stylex hat sich bereits f\u00fcr das neue Verpackungslogo entschieden. Der Schreibwarenhersteller wird die <strong>Trennhinweise ab Herbst 2021<\/strong> auf seinen Verpackungen abdrucken.<\/p>\n<figure id=\"attachment_44704\" aria-describedby=\"caption-attachment-44704\" style=\"width: 1024px\" class=\"wp-caption aligncenter\"><img fetchpriority=\"high\" decoding=\"async\" class=\"wp-image-44704 size-large\" title=\"Bei den Klebestiften von Stylex kommt der Trennhinweis ab Herbst 2021 zum Einsatz.\" src=\"https:\/\/packaging-journal.de\/wp-content\/uploads\/2021\/05\/Trennhinweis-auf-Klebstift-1024x577.jpg\" alt=\"Bei den Klebestiften von Stylex kommt der Trennhinweis ab Herbst 2021 zum Einsatz.\" width=\"1024\" height=\"577\" srcset=\"https:\/\/packaging-journal.de\/wp-content\/uploads\/2021\/05\/Trennhinweis-auf-Klebstift-1024x577.jpg 1024w, https:\/\/packaging-journal.de\/wp-content\/uploads\/2021\/05\/Trennhinweis-auf-Klebstift-300x169.jpg 300w, https:\/\/packaging-journal.de\/wp-content\/uploads\/2021\/05\/Trennhinweis-auf-Klebstift-768x433.jpg 768w, https:\/\/packaging-journal.de\/wp-content\/uploads\/2021\/05\/Trennhinweis-auf-Klebstift-813x457.jpg 813w, https:\/\/packaging-journal.de\/wp-content\/uploads\/2021\/05\/Trennhinweis-auf-Klebstift-180x101.jpg 180w, https:\/\/packaging-journal.de\/wp-content\/uploads\/2021\/05\/Trennhinweis-auf-Klebstift-260x146.jpg 260w, https:\/\/packaging-journal.de\/wp-content\/uploads\/2021\/05\/Trennhinweis-auf-Klebstift-373x210.jpg 373w, https:\/\/packaging-journal.de\/wp-content\/uploads\/2021\/05\/Trennhinweis-auf-Klebstift-120x67.jpg 120w, https:\/\/packaging-journal.de\/wp-content\/uploads\/2021\/05\/Trennhinweis-auf-Klebstift-600x338.jpg 600w, https:\/\/packaging-journal.de\/wp-content\/uploads\/2021\/05\/Trennhinweis-auf-Klebstift.jpg 1200w\" sizes=\"(max-width: 1024px) 100vw, 1024px\" \/><figcaption id=\"caption-attachment-44704\" class=\"wp-caption-text\">Bei den Klebestiften von Stylex kommt der Trennhinweis ab Herbst 2021 zum Einsatz. (Bild: <a href=\"http:\/\/www.trenn-hinweis.de\" rel=\"nofollow\">http:\/\/www.trenn-hinweis.de<\/a>)<\/figcaption><\/figure>\n<p>\u201eWir sind uns der Wichtigkeit des Themas \u201arichtige Abfalltrennung\u2018 und der damit verbundenen Produktverantwortung bewusst\u201c, erkl\u00e4rt S\u00f6nke Carstensen, Gesch\u00e4ftsf\u00fchrer der Stylex Schreibwaren GmbH. \u201eDazu geh\u00f6rt f\u00fcr uns auch, Kunden dabei zu unterst\u00fctzen, unsere Verpackungen korrekt zu trennen und zu entsorgen.\u201c<\/p>\n[infotext icon]Zu den teilnehmenden neun dualen Systeme geh\u00f6ren die BellandVision GmbH,\u00a0 die Eko-Punkt GmbH &amp; Co. KG, die\u00a0 Interseroh Dienstleistungs GmbH, die Landbell AG f\u00fcr R\u00fcckhol-Systeme, die Noventiz Dual GmbH, die PreZero Dual GmbH, die Reclay Systems GmbH und die Veolia Umweltservice Dual GmbH sowie die Zentek GmbH &amp; Co. KG.[\/infotext]\n<p><em>Quelle:<\/em> <a href=\"http:\/\/www.trenn-hinweis.de\" rel=\"nofollow\">http:\/\/www.trenn-hinweis.de<\/a><\/p>\n","protected":false},"excerpt":{"rendered":"How do you dispose of packaging correctly? In order to provide consumers with simple guidance, nine dual systems have agreed on cross-manufacturer labelling.","protected":false},"author":1,"featured_media":44703,"comment_status":"closed","ping_status":"closed","sticky":false,"template":"","format":"standard","meta":{"_acf_changed":false,"__cvm_playback_settings":[],"__cvm_video_id":"","rank_math_description":"Wie entsorgt man eine Verpackung richtig?  Hierzu haben sich neun duale Systeme auf hersteller\u00fcbergreifende Trennhinweise verst\u00e4ndigt.","rank_math_focus_keyword":"Trennhinweise","rank_math_title":"Neue Trennhinweise f\u00fcr die richtige Entsorgung","csco_display_header_overlay":false,"csco_singular_sidebar":"","csco_page_header_type":"","csco_page_load_nextpost":"","csco_post_video_location":[],"csco_post_video_location_hash":"","csco_post_video_url":"","csco_post_video_bg_start_time":0,"csco_post_video_bg_end_time":0,"footnotes":"","_links_to":"","_links_to_target":""},"categories":[22],"tags":[65,46,32],"class_list":{"0":"post-44702","1":"post","2":"type-post","3":"status-publish","4":"format-standard","5":"has-post-thumbnail","7":"category-packmittel-und-packstoffe","8":"tag-abfalltechnik-und-recycling","9":"tag-marketing-und-design","10":"tag-packmittel-und-packstoffe","11":"cs-entry","12":"cs-video-wrap"},"acf":[],"vimeo_video":null,"_links":{"self":[{"href":"https:\/\/packaging-journal.de\/en\/wp-json\/wp\/v2\/posts\/44702","targetHints":{"allow":["GET"]}}],"collection":[{"href":"https:\/\/packaging-journal.de\/en\/wp-json\/wp\/v2\/posts"}],"about":[{"href":"https:\/\/packaging-journal.de\/en\/wp-json\/wp\/v2\/types\/post"}],"author":[{"embeddable":true,"href":"https:\/\/packaging-journal.de\/en\/wp-json\/wp\/v2\/users\/1"}],"replies":[{"embeddable":true,"href":"https:\/\/packaging-journal.de\/en\/wp-json\/wp\/v2\/comments?post=44702"}],"version-history":[{"count":0,"href":"https:\/\/packaging-journal.de\/en\/wp-json\/wp\/v2\/posts\/44702\/revisions"}],"wp:featuredmedia":[{"embeddable":true,"href":"https:\/\/packaging-journal.de\/en\/wp-json\/wp\/v2\/media\/44703"}],"wp:attachment":[{"href":"https:\/\/packaging-journal.de\/en\/wp-json\/wp\/v2\/media?parent=44702"}],"wp:term":[{"taxonomy":"category","embeddable":true,"href":"https:\/\/packaging-journal.de\/en\/wp-json\/wp\/v2\/categories?post=44702"},{"taxonomy":"post_tag","embeddable":true,"href":"https:\/\/packaging-journal.de\/en\/wp-json\/wp\/v2\/tags?post=44702"}],"curies":[{"name":"wp","href":"https:\/\/api.w.org\/{rel}","templated":true}]}}