{"id":44771,"date":"2021-05-20T14:14:56","date_gmt":"2021-05-20T12:14:56","guid":{"rendered":"https:\/\/packaging-journal.de\/?p=44771"},"modified":"2021-05-20T13:07:34","modified_gmt":"2021-05-20T11:07:34","slug":"thimm-wins-two-popai-d-a-ch-awards","status":"publish","type":"post","link":"https:\/\/packaging-journal.de\/en\/thimm-gewinnt-zwei-popai-d-a-ch-awards\/","title":{"rendered":"Popai D-A-CH Award: Thimm honoured twice"},"content":{"rendered":"<p>Thimm konnte sich beim diesj\u00e4hrigen Popai D-A-CH Award mit einem nachhaltigen Bodendisplay f\u00fcr Weleda und der E-Commerce Verpackung f\u00fcr den Onlineh\u00e4ndler Salwa Petersen gleich zweimal erfolgreich positionieren.<\/p>\n<p>In der Kategorie <em>Sch\u00f6nheit und D\u00fcfte<\/em> erhielt <a href=\"https:\/\/packaging-journal.de\/?s=thimm\" target=\"_blank\" rel=\"noopener\" data-schema-attribute=\"\">Thimm<\/a> f\u00fcr den weihnachtlichen Displayaufsteller <em>Green Christmas<\/em> des Naturkosmetik-Herstellers Weleda den bronzenen Popai Award. F\u00fcr die Zweitplatzierung weihnachtlicher Geschenkesets wurde ein Display in Tannenbaum-Optik entwickelt, das <strong>aus Wellpappe mit 100 Prozent Altpapieranteil<\/strong> gefertigt wurde. Dieses verf\u00fcgt \u00fcber drei Regalebenen, die einfach bef\u00fcllt werden k\u00f6nnen und den Kunden zum Zugreifen einladen.<\/p>\n<p>Die Vorderseiten des Tannenbaums wurden mittels Flexodruckverfahren in gr\u00fcner Farbe und mit weihnachtlichen Motiven bedruckt. Die R\u00fcckseiten sowie die Regalb\u00f6den pr\u00e4sentieren sich optisch in nat\u00fcrlicher, brauner Farbgebung der Wellpappe. Am POS l\u00e4sst sich<strong> das flachliegende Display, das so beim Transport Frachtvolumen einspart,<\/strong> m\u00fchelos aufrichten.<\/p><div class=\"packa-in-post-alle\" style=\"text-align: center;\" id=\"packa-1481898517\"><div id=\"packa-3051566239\"><a data-no-instant=\"1\" href=\"https:\/\/packaging-journal.de\/en\/newsletter\/\" rel=\"noopener\" class=\"a2t-link\" target=\"_blank\" aria-label=\"PJ Eigenwerbung English 03\"><!--noptimize--><img src=\"https:\/\/packaging-journal.de\/wp-content\/uploads\/2026\/01\/PJ-Eigenwerbung-English-03.png\" alt=\"\"  srcset=\"https:\/\/packaging-journal.de\/wp-content\/uploads\/2026\/01\/PJ-Eigenwerbung-English-03.png 840w, https:\/\/packaging-journal.de\/wp-content\/uploads\/2026\/01\/PJ-Eigenwerbung-English-03-300x75.png 300w, https:\/\/packaging-journal.de\/wp-content\/uploads\/2026\/01\/PJ-Eigenwerbung-English-03-768x192.png 768w, https:\/\/packaging-journal.de\/wp-content\/uploads\/2026\/01\/PJ-Eigenwerbung-English-03-18x5.png 18w, https:\/\/packaging-journal.de\/wp-content\/uploads\/2026\/01\/PJ-Eigenwerbung-English-03-332x83.png 332w, https:\/\/packaging-journal.de\/wp-content\/uploads\/2026\/01\/PJ-Eigenwerbung-English-03-664x166.png 664w, https:\/\/packaging-journal.de\/wp-content\/uploads\/2026\/01\/PJ-Eigenwerbung-English-03-688x172.png 688w\" sizes=\"(max-width: 840px) 100vw, 840px\" width=\"840\" height=\"210\"  style=\" max-width: 100%; height: auto;\" \/><!--\/noptimize--><\/a><\/div><\/div>\n<h2>Popai D-A-CH Award f\u00fcr erste Versandverpackung von Salwa Petersen<\/h2>\n<p>Einen bronzenen Indianer\u00a0erhielt <a href=\"https:\/\/www.thimm.de\/\" target=\"_blank\" rel=\"noopener\" data-schema-attribute=\"\">Thimm<\/a> in selbiger Kategorie f\u00fcr die <strong>Versandverpackung mit Sicherheitsverschluss<\/strong> f\u00fcr den Onlineshop von Salwa Petersen. Das Start-up hat sich auf Haarpflegeprodukte spezialisiert und legte f\u00fcr seine erste Versandverpackung den Fokus, neben dem Produktschutz und dem sicheren Versand der Ware, auf einer aufmerksamkeitsstarken Optik.<\/p>\n<p>Der Sicherheitsverschluss aus Wellpappe garantiert eine Versiegelung der Verpackung w\u00e4hrend des Transportweges und sch\u00fctzt vor unbefugtem \u00d6ffnen. Zus\u00e4tzliches Klebeband zum Verschlie\u00dfen wird nicht ben\u00f6tigt. Im Gegensatz zur Markenplatzierung im station\u00e4ren Handel erfolgt der erste Kundenkontakt im E-Commerce Bereich beim Auspacken der Bestellung. Thimm hat daher die <strong>Au\u00dfendecke mit einem vollfl\u00e4chigen, aufmerksamkeitsstarken Druckbild digital bedruckt.<\/strong> F\u00fcr ein Auspackerlebnis sorgt die gezielte Kundenansprache, die auf der Innendecke der Versandverpackung via Direktdruck aufgebracht wurde.<\/p><div id=\"packa-1670342771\" class=\"packa-inhalt\"><!--noptimize--><script async src=\"https:\/\/pagead2.googlesyndication.com\/pagead\/js\/adsbygoogle.js?client=ca-pub-2686439340972671\" crossorigin=\"anonymous\"><\/script>\r\n<ins class=\"adsbygoogle\" style=\"display:block;text-align:center\" data-ad-layout=\"in-article\" data-ad-format=\"fluid\" data-ad-client=\"ca-pub-2686439340972671\" data-ad-slot=\"6171251825\"><\/ins>\r\n<script>\r\n     (adsbygoogle = window.adsbygoogle || []).push({});\r\n<\/script><!--\/noptimize--><\/div>\n<p>Vor dem Hintergrund der weltweiten Pandemie wurde der <a href=\"https:\/\/shopassociation-dach.de\/awards\/popai-d-a-ch-awards-2021\/\" target=\"_blank\" rel=\"noopener\" data-schema-attribute=\"\">Popai D-A-CH<\/a> Award dieses Jahr <strong>komplett digital<\/strong> durchgef\u00fchrt. Im Rahmen einer virtuellen Gala, die live auf dem YouTube-Kanal des Awards verfolgt werden konnte, wurden die diesj\u00e4hrigen Gewinner bekannt gegeben.<\/p>\n[infotext icon]Bereits seit \u00fcber f\u00fcnf Jahrzehnten richtet die Non-Profit-Organisation Popai (Point of Purchase Advertising International) weltweit Wettbewerbe aus, bei denen Unternehmen und Dienstleister f\u00fcr ihre POS-Aktivit\u00e4ten pr\u00e4miert werden. Die Popai D-A-CH Awards im deutschsprachigen Raum werden seit 2009 verliehen. Eine unabh\u00e4ngige Jury bestehend aus 25 Experten der Bereiche Marke, Handel, Design und Wissenschaft k\u00fcrt die Gewinner in insgesamt 15 Kategorien. Der verliehene Preis stellt einen Indianer dar, der an das erste entwickelte 3D Display in Form eines Indianers erinnert.[\/infotext]\n<p><em>Quelle:<\/em> Thimm<\/p>\n","protected":false},"excerpt":{"rendered":"Thimm was able to position itself successfully twice at this year's Popai D-A-CH Award with a sustainable floor display for Weleda and the e-commerce packaging for the online retailer Salwa Petersen.","protected":false},"author":20,"featured_media":44772,"comment_status":"closed","ping_status":"closed","sticky":false,"template":"","format":"standard","meta":{"_acf_changed":false,"__cvm_playback_settings":[],"__cvm_video_id":"","rank_math_description":"Thimm konnte sich mit einem Bodendisplay und einer E-Commerce Verpackung beim diesj\u00e4hrigen Popai D-A-CH Award gleich zweimal erfolgreich positionieren.","rank_math_focus_keyword":"Popai D-A-CH Award","rank_math_title":"","csco_display_header_overlay":false,"csco_singular_sidebar":"","csco_page_header_type":"","csco_page_load_nextpost":"","csco_post_video_location":[],"csco_post_video_location_hash":"","csco_post_video_url":"","csco_post_video_bg_start_time":0,"csco_post_video_bg_end_time":0,"footnotes":"","_links_to":"","_links_to_target":""},"categories":[22],"tags":[43,21745,32,1487,35,59054],"class_list":{"0":"post-44771","1":"post","2":"type-post","3":"status-publish","4":"format-standard","5":"has-post-thumbnail","7":"category-packmittel-und-packstoffe","8":"tag-aus-den-unternehmen","9":"tag-e-commerce","10":"tag-packmittel-und-packstoffe","11":"tag-papier-pappe-karton","12":"tag-praemiert","13":"tag-thimm-group","14":"cs-entry","15":"cs-video-wrap"},"acf":[],"vimeo_video":null,"_links":{"self":[{"href":"https:\/\/packaging-journal.de\/en\/wp-json\/wp\/v2\/posts\/44771","targetHints":{"allow":["GET"]}}],"collection":[{"href":"https:\/\/packaging-journal.de\/en\/wp-json\/wp\/v2\/posts"}],"about":[{"href":"https:\/\/packaging-journal.de\/en\/wp-json\/wp\/v2\/types\/post"}],"author":[{"embeddable":true,"href":"https:\/\/packaging-journal.de\/en\/wp-json\/wp\/v2\/users\/20"}],"replies":[{"embeddable":true,"href":"https:\/\/packaging-journal.de\/en\/wp-json\/wp\/v2\/comments?post=44771"}],"version-history":[{"count":0,"href":"https:\/\/packaging-journal.de\/en\/wp-json\/wp\/v2\/posts\/44771\/revisions"}],"wp:featuredmedia":[{"embeddable":true,"href":"https:\/\/packaging-journal.de\/en\/wp-json\/wp\/v2\/media\/44772"}],"wp:attachment":[{"href":"https:\/\/packaging-journal.de\/en\/wp-json\/wp\/v2\/media?parent=44771"}],"wp:term":[{"taxonomy":"category","embeddable":true,"href":"https:\/\/packaging-journal.de\/en\/wp-json\/wp\/v2\/categories?post=44771"},{"taxonomy":"post_tag","embeddable":true,"href":"https:\/\/packaging-journal.de\/en\/wp-json\/wp\/v2\/tags?post=44771"}],"curies":[{"name":"wp","href":"https:\/\/api.w.org\/{rel}","templated":true}]}}